{"id":1059979,"date":"2025-10-13T16:26:54","date_gmt":"2025-10-13T16:26:54","guid":{"rendered":"https:\/\/dimensionturistica.com\/es\/?p=1059979"},"modified":"2025-10-13T16:26:54","modified_gmt":"2025-10-13T16:26:54","slug":"merida-celebro-el-dia-nacional-del-vino-mexicano-con-el-anuncio-de-su-primer-festival-especializado-en-la-cultura-vitivinicola","status":"publish","type":"post","link":"https:\/\/dimensionturistica.com\/es\/merida-celebro-el-dia-nacional-del-vino-mexicano-con-el-anuncio-de-su-primer-festival-especializado-en-la-cultura-vitivinicola\/","title":{"rendered":"M\u00e9rida celebr\u00f3 el D\u00eda Nacional del Vino Mexicano con el anuncio de su primer Festival especializado en la cultura vitivin\u00edcola"},"content":{"rendered":"\n<p><\/p>\n\n\n\n<figure class=\"wp-block-gallery has-nested-images columns-default is-cropped wp-block-gallery-1 is-layout-flex wp-block-gallery-is-layout-flex\">\n<figure class=\"wp-block-image size-large\"><img decoding=\"async\" width=\"500\" height=\"375\" data-id=\"1059980\" src=\"https:\/\/dimensionturistica.com\/es\/wp-content\/uploads\/2025\/10\/5MRI.jpg\" alt=\"\" class=\"wp-image-1059980\" srcset=\"https:\/\/dimensionturistica.com\/es\/wp-content\/uploads\/2025\/10\/5MRI.jpg 500w, https:\/\/dimensionturistica.com\/es\/wp-content\/uploads\/2025\/10\/5MRI-300x225.jpg 300w\" sizes=\"(max-width: 500px) 100vw, 500px\" \/><\/figure>\n<\/figure>\n\n\n\n<p><em>La capital yucateca celebr\u00f3 este 7 de octubre, D\u00eda Nacional del Vino en M\u00e9xico, con el anuncio de la realizaci\u00f3n de \u201cSabor a Vid\u201d, el primer festival especializado en la cultura vitivin\u00edcola. &nbsp;Contar\u00e1 con m\u00e1s de 25 bodegas nacionales e internacionales, 15 talleres y catas maridaje, al menos 5 experiencias culinarias del mejor nivel, m\u00fasica en vivo y mucho m\u00e1s, que se realizar\u00e1 en M\u00e9rida.<\/em><em><\/em><\/p>\n\n\n\n<p><em>El pr\u00f3ximo 6 de diciembre, la capital yucateca vivir\u00e1 la experiencia de vino y gastronom\u00eda m\u00e1s esperada del sureste mexicano, acercando a consumidores de la regi\u00f3n y turistas, a la cultura vitivin\u00edcola en el mejor ambiente, en la mejor \u00e9poca del a\u00f1o para disfrutar de un festival al aire libre, coment\u00f3 la sommelier Ana Mar\u00eda Arias, directora de Sabor a Vid.<\/em><em><\/em><\/p>\n\n\n\n<p><em>De acuerdo con el reporte del segmento de vinos y licores del an\u00e1lisis 2022 de Informaci\u00f3n Sistematizada de Canales y Mercados (ISCAM), M\u00e9rida super\u00f3 a ciudades como Quer\u00e9taro, Monterrey, Guadalajara y la CDMX en crecimiento de la presencia de vino en los centros de consumo y esto se debe a que el estado se ha convertido en uno de los destinos gastron\u00f3micos m\u00e1s importantes de M\u00e9xico y la buena comida se disfruta mejor con un buen vino.<\/em><em><\/em><\/p>\n\n\n\n<figure class=\"wp-block-gallery has-nested-images columns-default is-cropped wp-block-gallery-2 is-layout-flex wp-block-gallery-is-layout-flex\">\n<figure class=\"wp-block-image size-large\"><img decoding=\"async\" width=\"500\" height=\"362\" data-id=\"1059981\" src=\"https:\/\/dimensionturistica.com\/es\/wp-content\/uploads\/2025\/10\/1MERI.jpg\" alt=\"\" class=\"wp-image-1059981\" srcset=\"https:\/\/dimensionturistica.com\/es\/wp-content\/uploads\/2025\/10\/1MERI.jpg 500w, https:\/\/dimensionturistica.com\/es\/wp-content\/uploads\/2025\/10\/1MERI-300x217.jpg 300w, https:\/\/dimensionturistica.com\/es\/wp-content\/uploads\/2025\/10\/1MERI-120x86.jpg 120w\" sizes=\"(max-width: 500px) 100vw, 500px\" \/><\/figure>\n<\/figure>\n\n\n\n<p><em>Don Armando Casares, secretario t\u00e9cnico de la Unidad de Turismo del Ayuntamiento de M\u00e9rida, quien estuvo presente en el pres\u00eddium, agreg\u00f3 que \u201ceventos como este, contribuyen a fortalecer la oferta tur\u00edstica y cultural de nuestra ciudad, generando sinergias entre los sectores productivos y consolidando a M\u00e9rida como un destino gastron\u00f3mico, cultural y de experiencias\u201d. &nbsp;&nbsp;&nbsp;<\/em><em><\/em><\/p>\n\n\n\n<p><em>Sabor a Vid, ser\u00e1 realizado por VINOTELIA, empresa que ha realizado con \u00e9xito tres ediciones de \u201cViva el vino\u201d, festival del vino que se ha colocado como el m\u00e1s importante del Baj\u00edo, que ha reunido a m\u00e1s de 6mil visitantes, m\u00e1s de 200 expositores y m\u00e1s de 500 etiquetas nacionales e internacionales y servido m\u00e1s de 7mil platillos y copas servidas. <\/em><em><\/em><\/p>\n\n\n\n<p><em>Gracias a la experiencia y el buen nombre de Vinotelia, es que hasta hoy se tiene confirmada la participaci\u00f3n de bodegas de diferentes estados de la Rep\u00fablica, como Aguascalientes, Baja California, Coahuila, Guanajuato, Jalisco, Puebla, Quer\u00e9taro, San Luis Potos\u00ed y Zacatecas, y etiquetas internacionales, Italia, Francia, Espa\u00f1a, Portugal, Argentina, Chile y Uruguay.<\/em><em><\/em><\/p>\n\n\n\n<p><em>As\u00ed mismo, Sabor a Vid sumar\u00e1 la participaci\u00f3n de productores de cerveza y otros productos yucatecos, as\u00ed como abrir\u00e1 un espacio para algunos de los mejores restaurantes del estado que ofrecer\u00e1n una oferta variada, como sushi, cocina tradicional, italiana y libanesa, entre otras para poder maridar de la mejor manera con los vinos que se presentan en el festival. <\/em><em><\/em><\/p>\n\n\n\n<p><em>Con el respaldo de las secretar\u00edas de Turismo de Guanajuato y Yucat\u00e1n, as\u00ed como del Ayuntamiento de M\u00e9rida, los organizadores esperan que este festival se convierta en el m\u00e1s importante de la regi\u00f3n y que sea el inicio de un evento que se lleve a cabo anualmente, convirti\u00e9ndose en un atractivo m\u00e1s de la ciudad, a la que los vecinos de Quintana Roo, Campeche, Chiapas y Tabasco esperen a\u00f1o con a\u00f1o y que fortalezca los lazos entre Baj\u00edo y la Pen\u00ednsula de Yucat\u00e1n.<\/em><em><\/em><\/p>\n\n\n\n<p><em>Vale la pena recordar que Yucat\u00e1n, se encuentra conectado con el Baj\u00edo a trav\u00e9s de la ruta directa de VivaAerob\u00fas, M\u00e9rida \u2013 Le\u00f3n, que ofrece vuelos semanales y que fortalece la conectividad a\u00e9rea de ambos destinos, dando la oportunidad para que yucatecos y leoneses viajen con confianza. &nbsp;&nbsp;<\/em><em><\/em><\/p>\n\n\n\n<p><em>Entre los patrocinadores para el evento tambi\u00e9n se encuentran Viva Aerobus, Casona 333 y Jos\u00e9 Ros\u00e9 en M\u00e9rida, Andra Consulting Group y Reflector Producciones. &nbsp;<\/em><em><\/em><\/p>\n\n\n\n<p><em>La cita para Sabor a Vid, ser\u00e1 el pr\u00f3ximo 6 de diciembre a partir de las 17:00 horas en Casona 333, ubicada en Calle 60, frente a la plaza Paseo 60. Los boletos ya se encuentran disponibles en la p\u00e1gina www.eventosvinotelia.com\/sabor_a_vid\/<\/em><em><\/em><\/p>\n\n\n\n<p><em>En el evento, tambi\u00e9n estuvieron presentes Karla Pimentel, directora de Promoci\u00f3n de Segmentos Especiales, en Representante del secretario de Turismo de Yucat\u00e1n, Mtro. Dar\u00edo Flota; Jonathan V\u00e1zquez Ram\u00edrez, gerente de Casona 333 y 4. &nbsp;&nbsp;&nbsp;&nbsp;&nbsp;&nbsp;&nbsp;&nbsp;&nbsp;Omar Huitr\u00f3n, director de Andra Consulting Group y patrocinador de Sabor a Vid. &nbsp;&nbsp;&nbsp;&nbsp;<\/em><em><\/em><\/p>\n","protected":false},"excerpt":{"rendered":"<p>La capital yucateca celebr\u00f3 este 7 de octubre, D\u00eda Nacional del Vino en M\u00e9xico, con el anuncio de la realizaci\u00f3n de \u201cSabor a Vid\u201d, el primer festival especializado en la cultura vitivin\u00edcola. &nbsp;Contar\u00e1 con m\u00e1s de 25 bodegas nacionales e internacionales, 15 talleres y catas maridaje, al menos 5 experiencias culinarias del mejor nivel, m\u00fasica [&hellip;]<\/p>\n","protected":false},"author":1,"featured_media":0,"comment_status":"open","ping_status":"closed","sticky":false,"template":"","format":"standard","meta":{"om_disable_all_campaigns":false,"jnews-multi-image_gallery":[],"jnews_single_post":[],"jnews_primary_category":[],"jnews_social_meta":[],"footnotes":""},"categories":[43],"tags":[],"class_list":["post-1059979","post","type-post","status-publish","format-standard","hentry","category-gourmet"],"_links":{"self":[{"href":"https:\/\/dimensionturistica.com\/es\/wp-json\/wp\/v2\/posts\/1059979","targetHints":{"allow":["GET"]}}],"collection":[{"href":"https:\/\/dimensionturistica.com\/es\/wp-json\/wp\/v2\/posts"}],"about":[{"href":"https:\/\/dimensionturistica.com\/es\/wp-json\/wp\/v2\/types\/post"}],"author":[{"embeddable":true,"href":"https:\/\/dimensionturistica.com\/es\/wp-json\/wp\/v2\/users\/1"}],"replies":[{"embeddable":true,"href":"https:\/\/dimensionturistica.com\/es\/wp-json\/wp\/v2\/comments?post=1059979"}],"version-history":[{"count":1,"href":"https:\/\/dimensionturistica.com\/es\/wp-json\/wp\/v2\/posts\/1059979\/revisions"}],"predecessor-version":[{"id":1059982,"href":"https:\/\/dimensionturistica.com\/es\/wp-json\/wp\/v2\/posts\/1059979\/revisions\/1059982"}],"wp:attachment":[{"href":"https:\/\/dimensionturistica.com\/es\/wp-json\/wp\/v2\/media?parent=1059979"}],"wp:term":[{"taxonomy":"category","embeddable":true,"href":"https:\/\/dimensionturistica.com\/es\/wp-json\/wp\/v2\/categories?post=1059979"},{"taxonomy":"post_tag","embeddable":true,"href":"https:\/\/dimensionturistica.com\/es\/wp-json\/wp\/v2\/tags?post=1059979"}],"curies":[{"name":"wp","href":"https:\/\/api.w.org\/{rel}","templated":true}]}}