{"id":1059882,"date":"2025-10-13T13:28:08","date_gmt":"2025-10-13T13:28:08","guid":{"rendered":"https:\/\/dimensionturistica.com\/es\/?p=1059882"},"modified":"2025-10-13T13:28:08","modified_gmt":"2025-10-13T13:28:08","slug":"la-novia-lucio-una-creacion-unica-de-danielle-frankel-en-su-boda-rustica-en-una-granja-de-vermont","status":"publish","type":"post","link":"https:\/\/dimensionturistica.com\/es\/la-novia-lucio-una-creacion-unica-de-danielle-frankel-en-su-boda-rustica-en-una-granja-de-vermont\/","title":{"rendered":"La Novia Luci\u00f3 una Creaci\u00f3n \u00danica de Danielle Frankel en Su Boda R\u00fastica en una Granja de Vermont"},"content":{"rendered":"<h3>El Sue\u00f1o Nupcial de Estelle Palandjian y Francesco Falcone: Una Boda Que Marca Tendencia<\/h3>\n<p>La moda y el amor a menudo se entrelazan de maneras sorprendentes, y la reciente boda de Estelle Palandjian y Francesco Falcone es un claro ejemplo de esta fusi\u00f3n. Este evento no solo captur\u00f3 la atenci\u00f3n de los amigos y familiares, sino que tambi\u00e9n ha resonado profundamente en el mundo de la moda, estableciendo standard para las bodas del futuro.<\/p>\n<h4>Un Entorno de Ensue\u00f1o<\/h4>\n<p>El escenario escogido para este enlace fue nada menos que id\u00edlico. Un jard\u00edn repleto de flores, que parece sacado de las p\u00e1ginas de un cuento, proporcion\u00f3 el tel\u00f3n de fondo perfecto para una celebraci\u00f3n que promet\u00eda ser tanto elegante como memorable. Los detalles orquestados por los organizadores fueron un reflejo del estilo \u00fanico de la pareja, fusionando elementos cl\u00e1sicos con toques contempor\u00e1neos.<\/p>\n<h4>Moda Nupcial en su M\u00e1xima Expresi\u00f3n<\/h4>\n<p>La protagonista del d\u00eda, Estelle, deslumbr\u00f3 a todos con un vestido que combin\u00f3 la tradici\u00f3n con la modernidad. Con un dise\u00f1o que evocaba la elegancia de eras pasadas y una visi\u00f3n moderna, su atuendo se convirti\u00f3 en un punto focal de admiraci\u00f3n. La elecci\u00f3n de tejidos, cortes y detalles artesanales reflej\u00f3 no solo su estilo personal, sino tambi\u00e9n una profunda apreciaci\u00f3n por la moda atemporal.<\/p>\n<p>Por su parte, Francesco complement\u00f3 su look con un traje que resonaba con la est\u00e9tica general del evento, demostrando que la coordinaci\u00f3n y el entendimiento del estilo son clave en una celebraci\u00f3n de tal magnitud.<\/p>\n<h4>Detalles que Hacen la Diferencia<\/h4>\n<p>Cada rinc\u00f3n de la celebraci\u00f3n estaba meticulosamente cuidado. Desde la disposici\u00f3n de las mesas hasta los men\u00fas gourmet seleccionados, cada aspecto estaba dise\u00f1ado para sorprender y deleitar. Los arreglos florales, elaborados con una paleta de colores que evocaba la naturalidad del entorno, ayudaron a crear una atm\u00f3sfera rom\u00e1ntica y sofisticada.<\/p>\n<p>Este enfoque en los detalles minuciosos no es solo un reflejo del amor de la pareja por la est\u00e9tica, sino tambi\u00e9n un gui\u00f1o a las tendencias actuales en la planificaci\u00f3n de bodas, donde la personalizaci\u00f3n y el estilo son primordiales.<\/p>\n<h4>Innovaci\u00f3n y Tradici\u00f3n en la Celebraci\u00f3n<\/h4>\n<p>El evento no solo se trat\u00f3 de moda, sino tambi\u00e9n de una celebraci\u00f3n de tradiciones familiares y culturales. Las ceremonias incorporaron elementos significativos, enriqueciendo la experiencia colectiva y reflejando la historia y valores de ambos.<\/p>\n<p>Los invitados, que incluyeron a figuras destacadas del mundo de la moda, disfrutaron de una jornada que fusion\u00f3 ceremonias antiguas con un enfoque moderno. Esto no solo les otorg\u00f3 un sentido de pertenencia, sino que tambi\u00e9n foment\u00f3 la interacci\u00f3n y la conexi\u00f3n entre los presentes.<\/p>\n<h4>Un Legado de Inspiraci\u00f3n<\/h4>\n<p>La boda de Estelle y Francesco no es solo un evento memorable, sino que representa un nuevo paradigma en la celebraci\u00f3n del amor a trav\u00e9s de la moda. A medida que el mundo de las bodas evoluciona, se espera que el enfoque de la pareja inspire a futuros novios a incorporar su propio estilo personal y a enfocar sus celebraciones en la individualidad y la autenticidad.<\/p>\n<p>La narrativa visual de este d\u00eda, capturada por los mejores fot\u00f3grafos, se est\u00e1 compartiendo r\u00e1pidamente en redes sociales, creando un fen\u00f3meno viral que resalta no solo la belleza del amor, sino tambi\u00e9n la innovaci\u00f3n en la moda nupcial. Este evento reafirma que, en el mundo de las bodas, cada detalle cuenta, y que una boda puede ser tanto un reflejo de las tradiciones como de las modernidades que la pareja elige celebrar.<\/p>\n<p>Sin duda, la uni\u00f3n de Estelle Palandjian y Francesco Falcone ha dejado una marca imborrable en el coraz\u00f3n de quienes la presenciaron y en las tendencias futuras que seguir\u00e1 el mundo nupcial.<\/p>\n<p><em> &#8221; Fuentes www.vogue.com &#8221; <\/em><\/p>\n","protected":false},"excerpt":{"rendered":"<p>El Sue\u00f1o Nupcial de Estelle Palandjian y Francesco Falcone: Una Boda Que Marca Tendencia La moda y el amor a menudo se entrelazan de maneras sorprendentes, y la reciente boda de Estelle Palandjian y Francesco Falcone es un claro ejemplo de esta fusi\u00f3n. Este evento no solo captur\u00f3 la atenci\u00f3n de los amigos y familiares, [&hellip;]<\/p>\n","protected":false},"author":14,"featured_media":1059885,"comment_status":"open","ping_status":"closed","sticky":false,"template":"","format":"standard","meta":{"om_disable_all_campaigns":false,"jnews-multi-image_gallery":[],"jnews_single_post":[],"jnews_primary_category":[],"jnews_social_meta":[],"footnotes":""},"categories":[144872],"tags":[203861,198609,237769,218012,252345,216118,216117,21506,202894,99610,202085],"class_list":["post-1059882","post","type-post","status-publish","format-standard","has-post-thumbnail","hentry","category-fashion","tag-bridal-fashion","tag-bride","tag-custom-dress","tag-danielle-frankel","tag-farm-wedding","tag-outdoor-wedding","tag-rustic","tag-vermont","tag-wedding-inspiration","tag-wedding-planning","tag-wedding-style"],"_links":{"self":[{"href":"https:\/\/dimensionturistica.com\/es\/wp-json\/wp\/v2\/posts\/1059882","targetHints":{"allow":["GET"]}}],"collection":[{"href":"https:\/\/dimensionturistica.com\/es\/wp-json\/wp\/v2\/posts"}],"about":[{"href":"https:\/\/dimensionturistica.com\/es\/wp-json\/wp\/v2\/types\/post"}],"author":[{"embeddable":true,"href":"https:\/\/dimensionturistica.com\/es\/wp-json\/wp\/v2\/users\/14"}],"replies":[{"embeddable":true,"href":"https:\/\/dimensionturistica.com\/es\/wp-json\/wp\/v2\/comments?post=1059882"}],"version-history":[{"count":1,"href":"https:\/\/dimensionturistica.com\/es\/wp-json\/wp\/v2\/posts\/1059882\/revisions"}],"predecessor-version":[{"id":1059887,"href":"https:\/\/dimensionturistica.com\/es\/wp-json\/wp\/v2\/posts\/1059882\/revisions\/1059887"}],"wp:featuredmedia":[{"embeddable":true,"href":"https:\/\/dimensionturistica.com\/es\/wp-json\/wp\/v2\/media\/1059885"}],"wp:attachment":[{"href":"https:\/\/dimensionturistica.com\/es\/wp-json\/wp\/v2\/media?parent=1059882"}],"wp:term":[{"taxonomy":"category","embeddable":true,"href":"https:\/\/dimensionturistica.com\/es\/wp-json\/wp\/v2\/categories?post=1059882"},{"taxonomy":"post_tag","embeddable":true,"href":"https:\/\/dimensionturistica.com\/es\/wp-json\/wp\/v2\/tags?post=1059882"}],"curies":[{"name":"wp","href":"https:\/\/api.w.org\/{rel}","templated":true}]}}