{"id":1059635,"date":"2025-10-12T21:05:58","date_gmt":"2025-10-12T21:05:58","guid":{"rendered":"https:\/\/dimensionturistica.com\/es\/?p=1059635"},"modified":"2025-10-12T21:05:58","modified_gmt":"2025-10-12T21:05:58","slug":"aztlan-presenta-hacienda-maldita-su-nueva-casa-de-sustos-con-leyendas-de-terror-mexicanas-que-cobran-vida","status":"publish","type":"post","link":"https:\/\/dimensionturistica.com\/es\/aztlan-presenta-hacienda-maldita-su-nueva-casa-de-sustos-con-leyendas-de-terror-mexicanas-que-cobran-vida\/","title":{"rendered":"Aztl\u00e1n presenta \u201cHacienda Maldita\u201d su nueva casa de sustos con leyendas de terror mexicanas que cobran vida"},"content":{"rendered":"\n<figure class=\"wp-block-gallery has-nested-images columns-default is-cropped wp-block-gallery-1 is-layout-flex wp-block-gallery-is-layout-flex\">\n<figure class=\"wp-block-image size-large\"><img decoding=\"async\" width=\"500\" height=\"240\" data-id=\"1059637\" src=\"https:\/\/dimensionturistica.com\/es\/wp-content\/uploads\/2025\/10\/7MALA.jpg\" alt=\"\" class=\"wp-image-1059637\" srcset=\"https:\/\/dimensionturistica.com\/es\/wp-content\/uploads\/2025\/10\/7MALA.jpg 500w, https:\/\/dimensionturistica.com\/es\/wp-content\/uploads\/2025\/10\/7MALA-300x144.jpg 300w\" sizes=\"(max-width: 500px) 100vw, 500px\" \/><\/figure>\n<\/figure>\n\n\n\n<p>En Aztl\u00e1n, la emoci\u00f3n y el misterio se encuentran con las tradiciones mexicanas a trav\u00e9s de \u201cHacienda Maldita\u201d, una nueva atracci\u00f3n que promete convertirse en la favorita de quienes buscan adrenalina y experiencias diferentes.<\/p>\n\n\n\n<p><\/p>\n\n\n\n<p>El concepto parte de una historia que parece arrancada de un relato oral del M\u00e9xico profundo: un pueblo apartado, casi deshabitado, donde la vieja hacienda de Do\u00f1a Magnolia L\u00f3pez a\u00fan guarda secretos imposibles de callar. Entre pasillos oscuros y habitaciones en ruinas se sienten las presencias de personajes del folclore nacional como La Llorona, los Nahuales y brujas que nunca se han marchado del todo. Para muchos, cruzar las puertas de la hacienda significa encontrarse cara a cara con un mundo donde el tiempo se detuvo y el miedo sigue vivo.<\/p>\n\n\n\n<figure class=\"wp-block-gallery has-nested-images columns-default is-cropped wp-block-gallery-2 is-layout-flex wp-block-gallery-is-layout-flex\">\n<figure class=\"wp-block-image size-large\"><img decoding=\"async\" width=\"500\" height=\"666\" data-id=\"1059640\" src=\"https:\/\/dimensionturistica.com\/es\/wp-content\/uploads\/2025\/10\/1MALA.jpg\" alt=\"\" class=\"wp-image-1059640\" srcset=\"https:\/\/dimensionturistica.com\/es\/wp-content\/uploads\/2025\/10\/1MALA.jpg 500w, https:\/\/dimensionturistica.com\/es\/wp-content\/uploads\/2025\/10\/1MALA-225x300.jpg 225w\" sizes=\"(max-width: 500px) 100vw, 500px\" \/><\/figure>\n<\/figure>\n\n\n\n<p>La experiencia est\u00e1 dise\u00f1ada para provocar sensaciones intensas en apenas unos minutos de recorrido. Cada visitante se convierte en protagonista de la historia al avanzar por escenarios que mezclan elementos escenogr\u00e1ficos, sonoros, ambientales y sensoriales, generando atm\u00f3sferas inmersivas que apelan a todos los sentidos. El resultado es un recorrido cargado de tensi\u00f3n, donde cada decisi\u00f3n que se toma multiplica la incertidumbre y la expectativa de lo que puede ocurrir al siguiente paso.<\/p>\n\n\n\n<figure class=\"wp-block-gallery has-nested-images columns-default is-cropped wp-block-gallery-3 is-layout-flex wp-block-gallery-is-layout-flex\">\n<figure class=\"wp-block-image size-large\"><img decoding=\"async\" width=\"500\" height=\"750\" data-id=\"1059641\" src=\"https:\/\/dimensionturistica.com\/es\/wp-content\/uploads\/2025\/10\/5MALA.jpg\" alt=\"\" class=\"wp-image-1059641\" srcset=\"https:\/\/dimensionturistica.com\/es\/wp-content\/uploads\/2025\/10\/5MALA.jpg 500w, https:\/\/dimensionturistica.com\/es\/wp-content\/uploads\/2025\/10\/5MALA-200x300.jpg 200w\" sizes=\"(max-width: 500px) 100vw, 500px\" \/><\/figure>\n<\/figure>\n\n\n\n<p>\u201cHacienda Maldita\u201d es un homenaje contempor\u00e1neo a las leyendas mexicanas, que recupera personajes e imaginarios transmitidos por generaciones y los coloca en el centro de una experiencia inmersiva. Es, al mismo tiempo, un recordatorio de la fuerza de nuestras tradiciones y de c\u00f3mo el terror puede ser un puente para contar historias que forman parte de la identidad colectiva.<\/p>\n\n\n\n<figure class=\"wp-block-gallery has-nested-images columns-default is-cropped wp-block-gallery-4 is-layout-flex wp-block-gallery-is-layout-flex\">\n<figure class=\"wp-block-image size-large\"><img decoding=\"async\" width=\"768\" height=\"1024\" data-id=\"1059642\" src=\"https:\/\/dimensionturistica.com\/es\/wp-content\/uploads\/2025\/10\/Hacienda-Maldita-1-768x1024.jpg\" alt=\"\" class=\"wp-image-1059642\" srcset=\"https:\/\/dimensionturistica.com\/es\/wp-content\/uploads\/2025\/10\/Hacienda-Maldita-1-768x1024.jpg 768w, https:\/\/dimensionturistica.com\/es\/wp-content\/uploads\/2025\/10\/Hacienda-Maldita-1-225x300.jpg 225w, https:\/\/dimensionturistica.com\/es\/wp-content\/uploads\/2025\/10\/Hacienda-Maldita-1-1152x1536.jpg 1152w, https:\/\/dimensionturistica.com\/es\/wp-content\/uploads\/2025\/10\/Hacienda-Maldita-1-1536x2048.jpg 1536w, https:\/\/dimensionturistica.com\/es\/wp-content\/uploads\/2025\/10\/Hacienda-Maldita-1-750x1000.jpg 750w, https:\/\/dimensionturistica.com\/es\/wp-content\/uploads\/2025\/10\/Hacienda-Maldita-1-1140x1520.jpg 1140w, https:\/\/dimensionturistica.com\/es\/wp-content\/uploads\/2025\/10\/Hacienda-Maldita-1-scaled.jpg 1920w\" sizes=\"(max-width: 768px) 100vw, 768px\" \/><\/figure>\n<\/figure>\n\n\n\n<p>La casa de sustos abri\u00f3 a inicios de octubre de 2025. El precio de la atracci\u00f3n ser\u00e1 de $110 pesos por persona.<\/p>\n\n\n\n<p>Atr\u00e9vete a cruzar las puertas de \u201cHacienda Maldita\u201d y ven a Aztl\u00e1n a disfrutar esta nueva atracci\u00f3n que convertir\u00e1 las leyendas de terror en una experiencia inolvidable.<\/p>\n\n\n\n<p>Adquiere tus entradas y consulta todos los detalles en: www.aztlanferiadechapultepec.com o en taquillas del parque.<\/p>\n","protected":false},"excerpt":{"rendered":"<p>En Aztl\u00e1n, la emoci\u00f3n y el misterio se encuentran con las tradiciones mexicanas a trav\u00e9s de \u201cHacienda Maldita\u201d, una nueva atracci\u00f3n que promete convertirse en la favorita de quienes buscan adrenalina y experiencias diferentes. El concepto parte de una historia que parece arrancada de un relato oral del M\u00e9xico profundo: un pueblo apartado, casi deshabitado, [&hellip;]<\/p>\n","protected":false},"author":1,"featured_media":0,"comment_status":"open","ping_status":"closed","sticky":false,"template":"","format":"standard","meta":{"om_disable_all_campaigns":false,"jnews-multi-image_gallery":[],"jnews_single_post":[],"jnews_primary_category":[],"jnews_social_meta":[],"footnotes":""},"categories":[40],"tags":[],"class_list":["post-1059635","post","type-post","status-publish","format-standard","hentry","category-industria"],"_links":{"self":[{"href":"https:\/\/dimensionturistica.com\/es\/wp-json\/wp\/v2\/posts\/1059635","targetHints":{"allow":["GET"]}}],"collection":[{"href":"https:\/\/dimensionturistica.com\/es\/wp-json\/wp\/v2\/posts"}],"about":[{"href":"https:\/\/dimensionturistica.com\/es\/wp-json\/wp\/v2\/types\/post"}],"author":[{"embeddable":true,"href":"https:\/\/dimensionturistica.com\/es\/wp-json\/wp\/v2\/users\/1"}],"replies":[{"embeddable":true,"href":"https:\/\/dimensionturistica.com\/es\/wp-json\/wp\/v2\/comments?post=1059635"}],"version-history":[{"count":1,"href":"https:\/\/dimensionturistica.com\/es\/wp-json\/wp\/v2\/posts\/1059635\/revisions"}],"predecessor-version":[{"id":1059643,"href":"https:\/\/dimensionturistica.com\/es\/wp-json\/wp\/v2\/posts\/1059635\/revisions\/1059643"}],"wp:attachment":[{"href":"https:\/\/dimensionturistica.com\/es\/wp-json\/wp\/v2\/media?parent=1059635"}],"wp:term":[{"taxonomy":"category","embeddable":true,"href":"https:\/\/dimensionturistica.com\/es\/wp-json\/wp\/v2\/categories?post=1059635"},{"taxonomy":"post_tag","embeddable":true,"href":"https:\/\/dimensionturistica.com\/es\/wp-json\/wp\/v2\/tags?post=1059635"}],"curies":[{"name":"wp","href":"https:\/\/api.w.org\/{rel}","templated":true}]}}