{"id":1059511,"date":"2025-10-12T14:06:30","date_gmt":"2025-10-12T14:06:30","guid":{"rendered":"https:\/\/dimensionturistica.com\/es\/?p=1059511"},"modified":"2025-10-12T14:27:46","modified_gmt":"2025-10-12T14:27:46","slug":"boletin-organizaciones-e-instituciones-advierten-sobre-los-riesgos-de-las-bolsas-de-nicotina","status":"publish","type":"post","link":"https:\/\/dimensionturistica.com\/es\/boletin-organizaciones-e-instituciones-advierten-sobre-los-riesgos-de-las-bolsas-de-nicotina\/","title":{"rendered":"Organizaciones e instituciones advierten sobre los riesgos de las bolsas de nicotina."},"content":{"rendered":"\n<figure class=\"wp-block-gallery has-nested-images columns-default is-cropped wp-block-gallery-1 is-layout-flex wp-block-gallery-is-layout-flex\">\n<figure class=\"wp-block-image size-large\"><img decoding=\"async\" width=\"408\" height=\"77\" data-id=\"1059512\" src=\"https:\/\/dimensionturistica.com\/es\/wp-content\/uploads\/2025\/10\/11bolsa.jpg\" alt=\"\" class=\"wp-image-1059512\" srcset=\"https:\/\/dimensionturistica.com\/es\/wp-content\/uploads\/2025\/10\/11bolsa.jpg 408w, https:\/\/dimensionturistica.com\/es\/wp-content\/uploads\/2025\/10\/11bolsa-300x57.jpg 300w\" sizes=\"(max-width: 408px) 100vw, 408px\" \/><\/figure>\n<\/figure>\n\n\n\n<p>La Ley del Impuesto Especial sobre Producci\u00f3n y Servicios (IEPS) y a la Ley General de Salud, en materia de productos de nicotina, que incluyen productos de tabaco calentado y bolsas de nicotina, suponen un retroceso y una amenaza a la salud p\u00fablica.<\/p>\n\n\n\n<p>Es fundamental advertir a la poblaci\u00f3n sobre los riesgos que representan las bolsas de nicotina, la nueva amenaza de la industria del tabaco y su publicidad enga\u00f1osa.<\/p>\n\n\n\n<figure class=\"wp-block-gallery has-nested-images columns-default is-cropped wp-block-gallery-2 is-layout-flex wp-block-gallery-is-layout-flex\">\n<figure class=\"wp-block-image size-large\"><img decoding=\"async\" width=\"500\" height=\"375\" data-id=\"1059513\" src=\"https:\/\/dimensionturistica.com\/es\/wp-content\/uploads\/2025\/10\/2bolsa.jpg\" alt=\"\" class=\"wp-image-1059513\" srcset=\"https:\/\/dimensionturistica.com\/es\/wp-content\/uploads\/2025\/10\/2bolsa.jpg 500w, https:\/\/dimensionturistica.com\/es\/wp-content\/uploads\/2025\/10\/2bolsa-300x225.jpg 300w\" sizes=\"(max-width: 500px) 100vw, 500px\" \/><figcaption class=\"wp-element-caption\">ai<\/figcaption><\/figure>\n<\/figure>\n\n\n\n<p>Ciudad de M\u00e9xico a 9 de octubre de 2025. Luego de que en el paquete fiscal se incluyera un gravamen a las bolsas de nicotina y otros productos, organizaciones de la sociedad civil advierten sobre los riesgos de estos productos a la salud debido a que la introducci\u00f3n de estos productos al paquete fiscal implica una regulaci\u00f3n sin antes conocer las consecuencias de la introducci\u00f3n al mercado de las bolsas de nicotina.<\/p>\n\n\n\n<p>Maximiliano C\u00e1rdenas Denham resalt\u00f3 &#8220;Hace unas semanas dimos nuestra postura a favor del aumento de Impuestos al tabaco que present\u00f3 la Presidenta Claudia Sheinbaum y su gabinete, con nuestro pedido al Congreso para que considere un impuesto espec\u00edfico de 3 pesos por cigarro, sin embargo, en espec\u00edfico las reformas a la Ley del Impuesto Especial sobre Producci\u00f3n y Servicios (IEPS) y a la Ley General de Salud, en materia de productos de nicotina, que incluyen productos de tabaco calentado y bolsas de nicotina, suponen un retroceso y una amenaza a la salud p\u00fablica. No deber\u00edamos tener esta discusi\u00f3n sin consultar a la comunidad de salud p\u00fablica de M\u00e9xico. Hay retrocesos que suponen una contravenci\u00f3n a la prohibici\u00f3n constitucional que debemos se\u00f1alar. Al menos deber\u00edan considerarse argumentos cient\u00edficos, no econ\u00f3micos, que suponen ganancias para dos o tres compa\u00f1\u00edas tabacaleras, mientras millones de mexicanas y mexicanos asumimos los riesgos y los da\u00f1os a la salud&#8221;.<\/p>\n\n\n\n<figure class=\"wp-block-gallery has-nested-images columns-default is-cropped wp-block-gallery-3 is-layout-flex wp-block-gallery-is-layout-flex\">\n<figure class=\"wp-block-image size-large\"><img decoding=\"async\" width=\"336\" height=\"439\" data-id=\"1059514\" src=\"https:\/\/dimensionturistica.com\/es\/wp-content\/uploads\/2025\/10\/3bolsa.jpg\" alt=\"\" class=\"wp-image-1059514\" srcset=\"https:\/\/dimensionturistica.com\/es\/wp-content\/uploads\/2025\/10\/3bolsa.jpg 336w, https:\/\/dimensionturistica.com\/es\/wp-content\/uploads\/2025\/10\/3bolsa-230x300.jpg 230w\" sizes=\"(max-width: 336px) 100vw, 336px\" \/><figcaption class=\"wp-element-caption\">ai<\/figcaption><\/figure>\n<\/figure>\n\n\n\n<p>Al respecto la Dra. Luz Myriam Reynales del Instituto Nacional de Salud P\u00fablica expuso \u201cLas bolsas de nicotina no son productos seguros para la salud, sus altas concentraciones de nicotina generan adicci\u00f3n en los adolescentes, adem\u00e1s, los estudios demuestran que favorecen el inicio del consumo de tabaco convencional y el uso dual de productos de tabaco. Las bolsas de nicotina alteran (a corto plazo) el microbioma cavidad oral, causando enfermedades periodontales como: gingivitis, sangrado de las enc\u00edas, caries y p\u00e9rdida dental. A largo plazo causan queratosis por fricci\u00f3n, leucoplasia, Displasia y derivar en un C\u00e1ncer escamo celular. La presencia de Saborizantes, favorecen la absorci\u00f3n de Benzopirenos y Nitrosaminas que viajan al torrente sangu\u00edneo y a los tejidos gastrointestinal, hep\u00e1tico, ri\u00f1ones, vejiga y tambi\u00e9n pulmonar. Pero el efecto a corto plazo m\u00e1s grave es su efecto cardiot\u00f3xico, aumentando la frecuencia card\u00edaca, aumento presi\u00f3n arterial sist\u00f3lica, el &nbsp;riesgo de infarto agudo de miocardio, la agregaci\u00f3n plaquetaria (riesgo de trombosis), aumenta la ateroesclerosis y la resistencia a la insulina (s\u00edndrome metab\u00f3lico) con un mayor riesgo de desarrollar diabetes\u201d<\/p>\n\n\n\n<p>El Dr. Rogelio P\u00e9rez Padilla del Instituto Nacional de Enfermedades Respiratorias coment\u00f3 \u201cLa nicotina es un t\u00f3xico adictivo conocido desde hace d\u00e9cadas y genera riesgos a la salud que no est\u00e1n siendo considerados adecuadamente. La industria est\u00e1 promoviendo estos productos como seguros o como una alternativa para dejar de fumar, lo cual no est\u00e1 demostrado. De lo que s\u00ed hay evidencia es que este tipo de productos generan consumidores duales y esto s\u00f3lo beneficia a la industria tabacalera. Las bolsas de nicotina no tienen calidad de grado m\u00e9dico y no han demostrado efectividad y seguridad para que se usen para dejar de fumar<\/p>\n\n\n\n<p>\u201d.<\/p>\n\n\n\n<figure class=\"wp-block-gallery has-nested-images columns-default is-cropped wp-block-gallery-4 is-layout-flex wp-block-gallery-is-layout-flex\">\n<figure class=\"wp-block-image size-large\"><img decoding=\"async\" width=\"1024\" height=\"576\" data-id=\"1059515\" src=\"https:\/\/dimensionturistica.com\/es\/wp-content\/uploads\/2025\/10\/NICOTINE-POUCH-5-_kopia-4_-1024x576.webp\" alt=\"\" class=\"wp-image-1059515\" srcset=\"https:\/\/dimensionturistica.com\/es\/wp-content\/uploads\/2025\/10\/NICOTINE-POUCH-5-_kopia-4_-1024x576.webp 1024w, https:\/\/dimensionturistica.com\/es\/wp-content\/uploads\/2025\/10\/NICOTINE-POUCH-5-_kopia-4_-300x169.webp 300w, https:\/\/dimensionturistica.com\/es\/wp-content\/uploads\/2025\/10\/NICOTINE-POUCH-5-_kopia-4_-768x432.webp 768w, https:\/\/dimensionturistica.com\/es\/wp-content\/uploads\/2025\/10\/NICOTINE-POUCH-5-_kopia-4_-750x422.webp 750w, https:\/\/dimensionturistica.com\/es\/wp-content\/uploads\/2025\/10\/NICOTINE-POUCH-5-_kopia-4_-1140x641.webp 1140w, https:\/\/dimensionturistica.com\/es\/wp-content\/uploads\/2025\/10\/NICOTINE-POUCH-5-_kopia-4_.webp 1500w\" sizes=\"(max-width: 1024px) 100vw, 1024px\" \/><\/figure>\n<\/figure>\n\n\n\n<p>La Dra. Guadalupe Ponciano del Comit\u00e9 Interinstitucional para la lucha contra el tabaco mencion\u00f3 \u201cla nicotina es una sustancia t\u00f3xica, las concentraciones de este alcaloide en las bolsas de nicotina pueden variar desde 1.5 hasta 30 mg por bolsa de acuerdo con la marca, se trata de nicotina sint\u00e9tica que por su manipulaci\u00f3n en el laboratorio puede tener sustancias contaminantes como formaldeh\u00eddo, nitrosaminas y metales pesados que son productores de c\u00e1ncer. Uno de los peligros de estas bolsas es que tienen sabores muy llamativos y la poblaci\u00f3n pedi\u00e1trica los puede ingerir, lo que genera una grave intoxicaci\u00f3n que puede llevar a la depresi\u00f3n respiratoria, convulsiones y si no se atiende a la muerte. Es fundamental advertir a la poblaci\u00f3n sobre los riesgos que representa esta nueva amenaza de la industria del tabaco y su publicidad enga\u00f1osa. Resulta asombroso c\u00f3mo se est\u00e1n diversificacando los nuevos productos de tabaco y nicotina, mientras que el grave problema de salud p\u00fablica del cigarro convencional a\u00fan no ha sido resuelto. Se debe detener la expansi\u00f3n de estos nuevos y peligrosos productos como las bolsas de nicotina\u201d.<\/p>\n\n\n\n<p>Por su parte, el Mtro. Inti Barrientos, Instituto Nacional de Salud P\u00fablica dijo \u201cLos sabores frutales y dulces, as\u00ed como la forma discreta de consumo, vuelve a estos productos muy atractivos para adolescentes, especialmente en ambientes que restringen el consumo, como escuelas o en la casa, esto es reforzado por una narrativa de la industria que impulsa el multiconsumo: fuma o vapea, y cuando no puedas, usa las bolsas de nicotina\u201d.<\/p>\n\n\n\n<figure class=\"wp-block-gallery has-nested-images columns-default is-cropped wp-block-gallery-5 is-layout-flex wp-block-gallery-is-layout-flex\">\n<figure class=\"wp-block-image size-large\"><img decoding=\"async\" width=\"500\" height=\"452\" data-id=\"1059516\" src=\"https:\/\/dimensionturistica.com\/es\/wp-content\/uploads\/2025\/10\/7bols.jpg\" alt=\"\" class=\"wp-image-1059516\" srcset=\"https:\/\/dimensionturistica.com\/es\/wp-content\/uploads\/2025\/10\/7bols.jpg 500w, https:\/\/dimensionturistica.com\/es\/wp-content\/uploads\/2025\/10\/7bols-300x271.jpg 300w\" sizes=\"(max-width: 500px) 100vw, 500px\" \/><figcaption class=\"wp-element-caption\">ai<\/figcaption><\/figure>\n<\/figure>\n\n\n\n<p>Karen \u00c1vila de Voces J\u00f3venes por el Derecho a la Salud-SERAJ expres\u00f3 \u201cHoy, las juventudes estamos siendo el principal blanco de una nueva ola de productos de tabaco y nicotina. Hago un llamado urgente a la acci\u00f3n: si bien reconocemos y agradecemos los pasos importantes que se han dado con la reforma a la Ley General para el Control de Tabaco y su reglamento, creemos firmemente que este es solo el inicio. Las personas j\u00f3venes queremos y podemos seguir colaborando en el fortalecimiento e implementaci\u00f3n de estas pol\u00edticas p\u00fablicas, porque nuestras voces y nuestra visi\u00f3n son esenciales para crear entornos saludables y libres de adicciones\u201d.<\/p>\n\n\n\n<figure class=\"wp-block-gallery has-nested-images columns-default is-cropped wp-block-gallery-6 is-layout-flex wp-block-gallery-is-layout-flex\">\n<figure class=\"wp-block-image size-large\"><img decoding=\"async\" width=\"500\" height=\"375\" data-id=\"1059517\" src=\"https:\/\/dimensionturistica.com\/es\/wp-content\/uploads\/2025\/10\/9bolsa.jpg\" alt=\"\" class=\"wp-image-1059517\" srcset=\"https:\/\/dimensionturistica.com\/es\/wp-content\/uploads\/2025\/10\/9bolsa.jpg 500w, https:\/\/dimensionturistica.com\/es\/wp-content\/uploads\/2025\/10\/9bolsa-300x225.jpg 300w\" sizes=\"(max-width: 500px) 100vw, 500px\" \/><\/figure>\n<\/figure>\n\n\n\n<p>\u201cMi compromiso es tambi\u00e9n personal, por mi madre, quien vivi\u00f3 en carne propia el da\u00f1o y la adicci\u00f3n que causa la nicotina y el tabaco. Por eso, mi lucha es para que ninguna otra persona en su etapa de ni\u00f1ez o juventud tenga que pasar por esa experiencia. Quiero seguir fortaleciendo mi voz y luchando contra una industria cuyo \u00fanico objetivo es generar adicciones y dependencia. finaliz\u00f3 \u00c1vila\u201c.<\/p>\n","protected":false},"excerpt":{"rendered":"<p>La Ley del Impuesto Especial sobre Producci\u00f3n y Servicios (IEPS) y a la Ley General de Salud, en materia de productos de nicotina, que incluyen productos de tabaco calentado y bolsas de nicotina, suponen un retroceso y una amenaza a la salud p\u00fablica. Es fundamental advertir a la poblaci\u00f3n sobre los riesgos que representan las [&hellip;]<\/p>\n","protected":false},"author":1,"featured_media":0,"comment_status":"open","ping_status":"closed","sticky":false,"template":"","format":"standard","meta":{"om_disable_all_campaigns":false,"jnews-multi-image_gallery":[],"jnews_single_post":[],"jnews_primary_category":[],"jnews_social_meta":[],"footnotes":""},"categories":[144872],"tags":[],"class_list":["post-1059511","post","type-post","status-publish","format-standard","hentry","category-fashion"],"_links":{"self":[{"href":"https:\/\/dimensionturistica.com\/es\/wp-json\/wp\/v2\/posts\/1059511","targetHints":{"allow":["GET"]}}],"collection":[{"href":"https:\/\/dimensionturistica.com\/es\/wp-json\/wp\/v2\/posts"}],"about":[{"href":"https:\/\/dimensionturistica.com\/es\/wp-json\/wp\/v2\/types\/post"}],"author":[{"embeddable":true,"href":"https:\/\/dimensionturistica.com\/es\/wp-json\/wp\/v2\/users\/1"}],"replies":[{"embeddable":true,"href":"https:\/\/dimensionturistica.com\/es\/wp-json\/wp\/v2\/comments?post=1059511"}],"version-history":[{"count":3,"href":"https:\/\/dimensionturistica.com\/es\/wp-json\/wp\/v2\/posts\/1059511\/revisions"}],"predecessor-version":[{"id":1059525,"href":"https:\/\/dimensionturistica.com\/es\/wp-json\/wp\/v2\/posts\/1059511\/revisions\/1059525"}],"wp:attachment":[{"href":"https:\/\/dimensionturistica.com\/es\/wp-json\/wp\/v2\/media?parent=1059511"}],"wp:term":[{"taxonomy":"category","embeddable":true,"href":"https:\/\/dimensionturistica.com\/es\/wp-json\/wp\/v2\/categories?post=1059511"},{"taxonomy":"post_tag","embeddable":true,"href":"https:\/\/dimensionturistica.com\/es\/wp-json\/wp\/v2\/tags?post=1059511"}],"curies":[{"name":"wp","href":"https:\/\/api.w.org\/{rel}","templated":true}]}}