{"id":1059442,"date":"2025-10-12T06:11:31","date_gmt":"2025-10-12T06:11:31","guid":{"rendered":"https:\/\/dimensionturistica.com\/es\/?p=1059442"},"modified":"2025-10-12T06:11:31","modified_gmt":"2025-10-12T06:11:31","slug":"me-incomoda-el-aumento-de-precios-en-lo-que-antes-costaba-menos","status":"publish","type":"post","link":"https:\/\/dimensionturistica.com\/es\/me-incomoda-el-aumento-de-precios-en-lo-que-antes-costaba-menos\/","title":{"rendered":"Me incomoda el aumento de precios en lo que antes costaba menos"},"content":{"rendered":"<p><strong>Viajes del Imserso: Una Oportunidad Tur\u00edstica que Necesita Transformaci\u00f3n<\/strong><\/p>\n<p>La aventura de viajar es uno de los placeres m\u00e1s universales, pero para muchos, especialmente los jubilados, puede convertirse en un desaf\u00edo. Recientemente, los viajes organizados por el Imserso han despertado el inter\u00e9s y la controversia en el \u00e1mbito tur\u00edstico. Este programa, dise\u00f1ado para ofrecer experiencias de viaje accesibles a personas mayores, ha estado bajo el escrutinio por razones tanto econ\u00f3micas como organizativas.<\/p>\n<p>En un contexto donde muchas personas aprovechan su jubilaci\u00f3n para explorar nuevos horizontes, es vital que existan opciones asequibles y sostenibles. No obstante, la creciente insatisfacci\u00f3n entre los usuarios del Imserso ha evidenciado la necesidad de una revisi\u00f3n en su programaci\u00f3n. Los viajeros expresan su descontento por el aumento de precios y la reducci\u00f3n de servicios, factores que limitan la posibilidad de disfrutar de vacaciones de calidad.<\/p>\n<p>Una de las cr\u00edticas m\u00e1s resonantes se centra en la escasa oferta de destinos y la falta de atenci\u00f3n personal. Muchos usuarios del programa se sienten desilusionados ante la percepci\u00f3n de que la calidad de los viajes ha disminuido, especialmente en comparaci\u00f3n con a\u00f1os anteriores. Esto ha llevado a una demanda creciente de cambios que podr\u00edan revitalizar el programa, preservando su esencia de accesibilidad y mejorando la experiencia del viajero.<\/p>\n<p>Sin embargo, la situaci\u00f3n actual tambi\u00e9n presenta una oportunidad invaluable. La industria del turismo tiene un papel fundamental que desempe\u00f1ar, no solo en la adaptaci\u00f3n de los paquetes destinados a este grupo etario, sino tambi\u00e9n en la creaci\u00f3n de experiencias m\u00e1s inclusivas y personalizadas. Al integrar elementos como gu\u00edas expertos que comprendan las necesidades de los mayores, opciones de alojamiento m\u00e1s c\u00f3modas y actividades culturales que fomenten el aprendizaje y la interacci\u00f3n social, se podr\u00eda recuperar la esencia de los viajes del Imserso.<\/p>\n<p>Adem\u00e1s, colaborar con empresas locales podr\u00eda enriquecer la experiencia de los viajeros, ofreciendo una inmersi\u00f3n aut\u00e9ntica en la cultura y la historia de los destinos. Este enfoque no solo revitalizar\u00eda el programa, sino que tambi\u00e9n beneficiar\u00eda a las comunidades que dependen del turismo.<\/p>\n<p>La importancia de respetar el poder adquisitivo de los jubilados no debe ser subestimada. Hacer que los viajes sean accesibles y gratificantes puede contribuir no solo al bienestar de los mayores, sino tambi\u00e9n al desarrollo y sostenibilidad del turismo en diversas localidades.<\/p>\n<p>La clave para transformar los viajes del Imserso radica en escuchar las voces de sus usuarios y adaptarse a sus necesidades cambiantes. Con un enfoque innovador y sensible a estas demandas, es posible crear un futuro donde viajar sea un placer, independientemente de la edad, y donde cada viaje se convierta en una experiencia memorable que celebre la vida y la exploraci\u00f3n.<\/p>\n<p><em> &#8221; Fuentes www.elespanol.com &#8221; <\/em><\/p>\n","protected":false},"excerpt":{"rendered":"<p>Viajes del Imserso: Una Oportunidad Tur\u00edstica que Necesita Transformaci\u00f3n La aventura de viajar es uno de los placeres m\u00e1s universales, pero para muchos, especialmente los jubilados, puede convertirse en un desaf\u00edo. Recientemente, los viajes organizados por el Imserso han despertado el inter\u00e9s y la controversia en el \u00e1mbito tur\u00edstico. Este programa, dise\u00f1ado para ofrecer experiencias [&hellip;]<\/p>\n","protected":false},"author":4,"featured_media":1059443,"comment_status":"open","ping_status":"closed","sticky":false,"template":"","format":"standard","meta":{"om_disable_all_campaigns":false,"jnews-multi-image_gallery":[],"jnews_single_post":[],"jnews_primary_category":[],"jnews_social_meta":[],"footnotes":""},"categories":[39],"tags":[8638,715,8907,3721,813,4507,238191,252213,11532,14288,1907],"class_list":["post-1059442","post","type-post","status-publish","format-standard","has-post-thumbnail","hentry","category-viajes","tag-ahorro","tag-economia","tag-finanzas-personales","tag-gastos","tag-imserso","tag-jubilados","tag-no-me-gusta","tag-pagar-mas","tag-presupuesto","tag-quejas","tag-sociedad"],"_links":{"self":[{"href":"https:\/\/dimensionturistica.com\/es\/wp-json\/wp\/v2\/posts\/1059442","targetHints":{"allow":["GET"]}}],"collection":[{"href":"https:\/\/dimensionturistica.com\/es\/wp-json\/wp\/v2\/posts"}],"about":[{"href":"https:\/\/dimensionturistica.com\/es\/wp-json\/wp\/v2\/types\/post"}],"author":[{"embeddable":true,"href":"https:\/\/dimensionturistica.com\/es\/wp-json\/wp\/v2\/users\/4"}],"replies":[{"embeddable":true,"href":"https:\/\/dimensionturistica.com\/es\/wp-json\/wp\/v2\/comments?post=1059442"}],"version-history":[{"count":1,"href":"https:\/\/dimensionturistica.com\/es\/wp-json\/wp\/v2\/posts\/1059442\/revisions"}],"predecessor-version":[{"id":1059444,"href":"https:\/\/dimensionturistica.com\/es\/wp-json\/wp\/v2\/posts\/1059442\/revisions\/1059444"}],"wp:featuredmedia":[{"embeddable":true,"href":"https:\/\/dimensionturistica.com\/es\/wp-json\/wp\/v2\/media\/1059443"}],"wp:attachment":[{"href":"https:\/\/dimensionturistica.com\/es\/wp-json\/wp\/v2\/media?parent=1059442"}],"wp:term":[{"taxonomy":"category","embeddable":true,"href":"https:\/\/dimensionturistica.com\/es\/wp-json\/wp\/v2\/categories?post=1059442"},{"taxonomy":"post_tag","embeddable":true,"href":"https:\/\/dimensionturistica.com\/es\/wp-json\/wp\/v2\/tags?post=1059442"}],"curies":[{"name":"wp","href":"https:\/\/api.w.org\/{rel}","templated":true}]}}