{"id":1059393,"date":"2025-10-12T00:13:17","date_gmt":"2025-10-12T00:13:17","guid":{"rendered":"https:\/\/dimensionturistica.com\/es\/?p=1059393"},"modified":"2025-10-12T00:13:17","modified_gmt":"2025-10-12T00:13:17","slug":"taquilla-del-tren-chepe-express-en-el-fuerte-potencializala-competitividad-de-sinaloa-como-destino-turistico","status":"publish","type":"post","link":"https:\/\/dimensionturistica.com\/es\/taquilla-del-tren-chepe-express-en-el-fuerte-potencializala-competitividad-de-sinaloa-como-destino-turistico\/","title":{"rendered":"Taquilla del Tren Chepe Express en El Fuerte potencializala competitividad de Sinaloa como destino tur\u00edstico"},"content":{"rendered":"\n<figure class=\"wp-block-gallery has-nested-images columns-default is-cropped wp-block-gallery-1 is-layout-flex wp-block-gallery-is-layout-flex\">\n<figure class=\"wp-block-image size-large\"><img decoding=\"async\" width=\"380\" height=\"202\" data-id=\"1059397\" src=\"https:\/\/dimensionturistica.com\/es\/wp-content\/uploads\/2025\/10\/LOGO-1.jpg\" alt=\"\" class=\"wp-image-1059397\" srcset=\"https:\/\/dimensionturistica.com\/es\/wp-content\/uploads\/2025\/10\/LOGO-1.jpg 380w, https:\/\/dimensionturistica.com\/es\/wp-content\/uploads\/2025\/10\/LOGO-1-300x159.jpg 300w\" sizes=\"(max-width: 380px) 100vw, 380px\" \/><\/figure>\n<\/figure>\n\n\n\n<p>Al encabezar el acto inaugural, la secretaria de Turismo de Sinaloa, Mireya Sosa Osuna, asegur\u00f3 que con este punto de venta se potencializa la competitividad del estado como destino tur\u00edstico, beneficiando directamente a la comunidad.<\/p>\n\n\n\n<p><\/p>\n\n\n\n<p>&#8220;Durante mucho tiempo, turistas llegaban a las oficinas de Turismo preguntando d\u00f3nde pod\u00edan comprar su boleto para el Tren Chepe y prestadores de servicios como hoteleros y gu\u00edas manifestaban la necesidad de contar con un punto de venta en el coraz\u00f3n de nuestro hermoso Centro Hist\u00f3rico de El Fuerte&#8221;, expres\u00f3.<\/p>\n\n\n\n<figure class=\"wp-block-gallery has-nested-images columns-default is-cropped wp-block-gallery-2 is-layout-flex wp-block-gallery-is-layout-flex\">\n<figure class=\"wp-block-image size-large\"><img decoding=\"async\" width=\"500\" height=\"375\" data-id=\"1059398\" src=\"https:\/\/dimensionturistica.com\/es\/wp-content\/uploads\/2025\/10\/3SINA.jpg\" alt=\"\" class=\"wp-image-1059398\" srcset=\"https:\/\/dimensionturistica.com\/es\/wp-content\/uploads\/2025\/10\/3SINA.jpg 500w, https:\/\/dimensionturistica.com\/es\/wp-content\/uploads\/2025\/10\/3SINA-300x225.jpg 300w\" sizes=\"(max-width: 500px) 100vw, 500px\" \/><\/figure>\n<\/figure>\n\n\n\n<p>Hoy, agreg\u00f3, esa necesidad se convierte en una respuesta concreta para mejorar la experiencia de quienes visitan y hacen de El Fuerte un destino m\u00e1s competitivo en materia de servicios tur\u00edsticos.<\/p>\n\n\n\n<p>&#8220;Esta taquilla no solo facilita la compra de boletos, abre la posibilidad de que nuestros gu\u00edas, hoteles y prestadores de servicios tur\u00edsticos sean verdaderos agentes de viaje, creando paquetes atractivos que generen mejores ingresos y sobre todo experiencias inmejorables quienes lleguen a descubrir este hermoso Pueblo M\u00e1gico&#8221;, apunt\u00f3.<\/p>\n\n\n\n<figure class=\"wp-block-gallery has-nested-images columns-default is-cropped wp-block-gallery-3 is-layout-flex wp-block-gallery-is-layout-flex\">\n<figure class=\"wp-block-image size-large\"><img decoding=\"async\" width=\"500\" height=\"375\" data-id=\"1059399\" src=\"https:\/\/dimensionturistica.com\/es\/wp-content\/uploads\/2025\/10\/4SINA.jpg\" alt=\"\" class=\"wp-image-1059399\" srcset=\"https:\/\/dimensionturistica.com\/es\/wp-content\/uploads\/2025\/10\/4SINA.jpg 500w, https:\/\/dimensionturistica.com\/es\/wp-content\/uploads\/2025\/10\/4SINA-300x225.jpg 300w\" sizes=\"(max-width: 500px) 100vw, 500px\" \/><\/figure>\n<\/figure>\n\n\n\n<p>Acompa\u00f1ada del alcalde de El Fuerte, Gildardo Leyva Ortega; Sergio Minacata Arista, gerente general de turismo de Ferromex y Dulce Gatica, directora general de Sustentabilidad Tur\u00edstica del Gobierno de M\u00e9xico,<\/p>\n\n\n\n<p>Sosa Osuna resalt\u00f3 el trabajo realizado para poder tener esta taquilla.<\/p>\n\n\n\n<p>&#8220;Quiero reconocer la visi\u00f3n de nuestro gobernador, el doctor Rub\u00e9n Rocha Moya, de trabajar siempre bajo un sentido con rostro social, impulsando proyectos que transformen realidades y generen bienestar compartido; gracias a esta visi\u00f3n, hoy podemos dar pasos firmes para que Sinaloa y los Pueblos M\u00e1gicos tengan m\u00e1s infraestructura, mejores servicios y m\u00e1s oportunidades para nuestra gente&#8221;, enfatiz\u00f3<\/p>\n\n\n\n<figure class=\"wp-block-gallery has-nested-images columns-default is-cropped wp-block-gallery-4 is-layout-flex wp-block-gallery-is-layout-flex\">\n<figure class=\"wp-block-image size-large\"><img decoding=\"async\" width=\"500\" height=\"375\" data-id=\"1059400\" src=\"https:\/\/dimensionturistica.com\/es\/wp-content\/uploads\/2025\/10\/1SINA.-JPG.jpg\" alt=\"\" class=\"wp-image-1059400\" srcset=\"https:\/\/dimensionturistica.com\/es\/wp-content\/uploads\/2025\/10\/1SINA.-JPG.jpg 500w, https:\/\/dimensionturistica.com\/es\/wp-content\/uploads\/2025\/10\/1SINA.-JPG-300x225.jpg 300w\" sizes=\"(max-width: 500px) 100vw, 500px\" \/><\/figure>\n<\/figure>\n\n\n\n<p>La funcionaria estatal resalt\u00f3 su compromiso de seguir promoviendo y visibilizando a este Pueblo M\u00e1gico, al turismo comunitario y a las comunidades ind\u00edgenas.<\/p>\n\n\n\n<figure class=\"wp-block-gallery has-nested-images columns-default is-cropped wp-block-gallery-5 is-layout-flex wp-block-gallery-is-layout-flex\">\n<figure class=\"wp-block-image size-large\"><img decoding=\"async\" width=\"500\" height=\"375\" data-id=\"1059401\" src=\"https:\/\/dimensionturistica.com\/es\/wp-content\/uploads\/2025\/10\/2SINA.jpg\" alt=\"\" class=\"wp-image-1059401\" srcset=\"https:\/\/dimensionturistica.com\/es\/wp-content\/uploads\/2025\/10\/2SINA.jpg 500w, https:\/\/dimensionturistica.com\/es\/wp-content\/uploads\/2025\/10\/2SINA-300x225.jpg 300w\" sizes=\"(max-width: 500px) 100vw, 500px\" \/><\/figure>\n<\/figure>\n\n\n\n<p>&#8220;Sigamos construyendo un turismo que d\u00e9 orgullo, oportunidades y bienestar para nuestra gente&#8221;, puntualiz\u00f3.<\/p>\n\n\n\n<p>#VisitSinaloa #Sinaloa #Turismo #ElFuerte #ChepeExpress<\/p>\n","protected":false},"excerpt":{"rendered":"<p>Al encabezar el acto inaugural, la secretaria de Turismo de Sinaloa, Mireya Sosa Osuna, asegur\u00f3 que con este punto de venta se potencializa la competitividad del estado como destino tur\u00edstico, beneficiando directamente a la comunidad. &#8220;Durante mucho tiempo, turistas llegaban a las oficinas de Turismo preguntando d\u00f3nde pod\u00edan comprar su boleto para el Tren Chepe [&hellip;]<\/p>\n","protected":false},"author":1,"featured_media":0,"comment_status":"open","ping_status":"closed","sticky":false,"template":"","format":"standard","meta":{"om_disable_all_campaigns":false,"jnews-multi-image_gallery":[],"jnews_single_post":[],"jnews_primary_category":[],"jnews_social_meta":[],"footnotes":""},"categories":[39],"tags":[],"class_list":["post-1059393","post","type-post","status-publish","format-standard","hentry","category-viajes"],"_links":{"self":[{"href":"https:\/\/dimensionturistica.com\/es\/wp-json\/wp\/v2\/posts\/1059393","targetHints":{"allow":["GET"]}}],"collection":[{"href":"https:\/\/dimensionturistica.com\/es\/wp-json\/wp\/v2\/posts"}],"about":[{"href":"https:\/\/dimensionturistica.com\/es\/wp-json\/wp\/v2\/types\/post"}],"author":[{"embeddable":true,"href":"https:\/\/dimensionturistica.com\/es\/wp-json\/wp\/v2\/users\/1"}],"replies":[{"embeddable":true,"href":"https:\/\/dimensionturistica.com\/es\/wp-json\/wp\/v2\/comments?post=1059393"}],"version-history":[{"count":1,"href":"https:\/\/dimensionturistica.com\/es\/wp-json\/wp\/v2\/posts\/1059393\/revisions"}],"predecessor-version":[{"id":1059402,"href":"https:\/\/dimensionturistica.com\/es\/wp-json\/wp\/v2\/posts\/1059393\/revisions\/1059402"}],"wp:attachment":[{"href":"https:\/\/dimensionturistica.com\/es\/wp-json\/wp\/v2\/media?parent=1059393"}],"wp:term":[{"taxonomy":"category","embeddable":true,"href":"https:\/\/dimensionturistica.com\/es\/wp-json\/wp\/v2\/categories?post=1059393"},{"taxonomy":"post_tag","embeddable":true,"href":"https:\/\/dimensionturistica.com\/es\/wp-json\/wp\/v2\/tags?post=1059393"}],"curies":[{"name":"wp","href":"https:\/\/api.w.org\/{rel}","templated":true}]}}