{"id":1059360,"date":"2025-10-11T22:18:34","date_gmt":"2025-10-11T22:18:34","guid":{"rendered":"https:\/\/dimensionturistica.com\/es\/?p=1059360"},"modified":"2025-10-11T22:18:34","modified_gmt":"2025-10-11T22:18:34","slug":"al-buen-entendedor-sobre-la-beneficencia-y-la-liberalidad","status":"publish","type":"post","link":"https:\/\/dimensionturistica.com\/es\/al-buen-entendedor-sobre-la-beneficencia-y-la-liberalidad\/","title":{"rendered":"Al Buen Entendedor&#8230;Sobre la Beneficencia y la liberalidad."},"content":{"rendered":"\n<figure class=\"wp-block-gallery has-nested-images columns-default is-cropped wp-block-gallery-1 is-layout-flex wp-block-gallery-is-layout-flex\">\n<figure class=\"wp-block-image size-large\"><img decoding=\"async\" width=\"500\" height=\"536\" data-id=\"1059361\" src=\"https:\/\/dimensionturistica.com\/es\/wp-content\/uploads\/2025\/10\/1547SERGIO.jpg\" alt=\"\" class=\"wp-image-1059361\" srcset=\"https:\/\/dimensionturistica.com\/es\/wp-content\/uploads\/2025\/10\/1547SERGIO.jpg 500w, https:\/\/dimensionturistica.com\/es\/wp-content\/uploads\/2025\/10\/1547SERGIO-280x300.jpg 280w\" sizes=\"(max-width: 500px) 100vw, 500px\" \/><\/figure>\n<\/figure>\n\n\n\n<p>Por: Sergio E. Gonz\u00e1lez Rubiera<\/p>\n\n\n\n<p>Leyendo he estado en \u00faltimos tiempos a Cicer\u00f3n, el fil\u00f3sofo, pol\u00edtico y orador romano y sobre otros grandes pensadores de la antig\u00fcedad y me sorprende sobremanera, la similitud que encuentro en algunas situaciones que a m\u00e1s de dos mil a\u00f1os prevalecen tanto en los comportamientos de la sociedad actual, como en la pol\u00edtica y en el pensamiento, aunque hoy quiz\u00e1, la diferencia sea el poco tiempo que se dedica al pensamiento profundo y la reflexi\u00f3n.<\/p>\n\n\n\n<figure class=\"wp-block-gallery has-nested-images columns-default is-cropped wp-block-gallery-2 is-layout-flex wp-block-gallery-is-layout-flex\">\n<figure class=\"wp-block-image size-large\"><img decoding=\"async\" width=\"500\" height=\"383\" data-id=\"1059362\" src=\"https:\/\/dimensionturistica.com\/es\/wp-content\/uploads\/2025\/10\/1SERGIO.jpg\" alt=\"\" class=\"wp-image-1059362\" srcset=\"https:\/\/dimensionturistica.com\/es\/wp-content\/uploads\/2025\/10\/1SERGIO.jpg 500w, https:\/\/dimensionturistica.com\/es\/wp-content\/uploads\/2025\/10\/1SERGIO-300x230.jpg 300w\" sizes=\"(max-width: 500px) 100vw, 500px\" \/><\/figure>\n<\/figure>\n\n\n\n<p>Las reflexiones de Cicer\u00f3n sobre Beneficencia y Liberalidad, me hacen pensar en los programas sociales de la actualidad, como esos que se han dado en llamar, del bienestar.<\/p>\n\n\n\n<p>Dice Cicer\u00f3n que esto de la beneficencia y la liberalidad tiene dos aspectos, pues se act\u00faa bondadosamente en bien de los necesitados o a base de obras o base de dinero. Esto \u00faltimo es m\u00e1s f\u00e1cil, sobre todo para alguien rico, pero lo primero es m\u00e1s espl\u00e9ndido y brillante y est\u00e1 m\u00e1s acorde con un var\u00f3n fuerte y esclarecido. En efecto, aunque en ambos hay una generosa intenci\u00f3n de complacer, una se saca del arca, la otra de la virtud; y el reparto que se hace usando el patrimonio consume la fuente misma de la generosidad.<\/p>\n\n\n\n<figure class=\"wp-block-gallery has-nested-images columns-default is-cropped wp-block-gallery-3 is-layout-flex wp-block-gallery-is-layout-flex\">\n<figure class=\"wp-block-image size-large\"><img decoding=\"async\" width=\"500\" height=\"277\" data-id=\"1059363\" src=\"https:\/\/dimensionturistica.com\/es\/wp-content\/uploads\/2025\/10\/4SERGIO.jpg\" alt=\"\" class=\"wp-image-1059363\" srcset=\"https:\/\/dimensionturistica.com\/es\/wp-content\/uploads\/2025\/10\/4SERGIO.jpg 500w, https:\/\/dimensionturistica.com\/es\/wp-content\/uploads\/2025\/10\/4SERGIO-300x166.jpg 300w\" sizes=\"(max-width: 500px) 100vw, 500px\" \/><\/figure>\n<\/figure>\n\n\n\n<p>As\u00ed, la generosidad quita la posibilidad de ser generoso: cuanto, en favor de m\u00e1s personas, la hayas usado, tanto menos puedes usarla en favor de otras muchas.<\/p>\n\n\n\n<p>As\u00ed, se puede entender desde la \u00f3ptica del fil\u00f3sofo aplicada a la actualidad, que por m\u00e1s \u201cgenerosos\u201d que quieran ser quienes reparten dinero, en alguna medida el recurso tendr\u00e1 que ser finito.<\/p>\n\n\n\n<figure class=\"wp-block-gallery has-nested-images columns-default is-cropped wp-block-gallery-4 is-layout-flex wp-block-gallery-is-layout-flex\">\n<figure class=\"wp-block-image size-large\"><img decoding=\"async\" width=\"500\" height=\"298\" data-id=\"1059364\" src=\"https:\/\/dimensionturistica.com\/es\/wp-content\/uploads\/2025\/10\/2SERGIO.jpg\" alt=\"\" class=\"wp-image-1059364\" srcset=\"https:\/\/dimensionturistica.com\/es\/wp-content\/uploads\/2025\/10\/2SERGIO.jpg 500w, https:\/\/dimensionturistica.com\/es\/wp-content\/uploads\/2025\/10\/2SERGIO-300x179.jpg 300w\" sizes=\"(max-width: 500px) 100vw, 500px\" \/><\/figure>\n<\/figure>\n\n\n\n<p>Y a\u00fan parafraseando al Gran Cicer\u00f3n, aunque es m\u00e1s atractivo lo que se da directamente, como en mano, la posteridad agradece m\u00e1s aquellos desembolsos mejores, como murallas, ataranzas, puertos, acueductos y cuanto est\u00e9 relacionado con las necesidades de la rep\u00fablica.<\/p>\n\n\n\n<p>En otras palabras, ser\u00eda mucho m\u00e1s valorada en la posteridad, la obra en infraestructura, que la d\u00e1diva entregada en mano, que en teor\u00eda \u201calivia\u201d ipso facto, pero que no conduce en el mediano y largo plazo a mejor calidad de vida.<\/p>\n\n\n\n<p>Y entrando en el plano de la obra p\u00fablica, habr\u00eda que asegurarse de que la misma, sea realmente de utilidad, que se realice correctamente y que en verdad satisfaga cabalmente una necesidad de la sociedad a la que se sirve. En ese sentido, se planifican, construyen y desarrollan innumerables obras que o bien resultan in\u00fatiles, o que se convierten en riesgosas, y pero a\u00fan, que en su desarrollo se ha favorecido a grupos en particular, traduci\u00e9ndose en lo que hoy llamamos corrupci\u00f3n y tr\u00e1fico de influencias. <\/p>\n\n\n\n<p>Particularmente, he opinado siempre que el puente que se construye en la Laguna Nichupt\u00e9, que habr\u00e1 de conectar al centro de Canc\u00fan con la zona hotelera, ser\u00e1 in\u00fatil, o cuando menos no servir\u00e1 para el prop\u00f3sito que se pretende, toda vez que la verdadera necesidad es inhibir el uso del autom\u00f3vil y con ello reducir el caos, por lo que la soluci\u00f3n no es puentes y v\u00edas para transportar m\u00e1s autos, sino medios para transportar m\u00e1s personas, pero en condiciones dignas, de calidad, oportunidad y de movilidad modernas.<\/p>\n\n\n\n<figure class=\"wp-block-gallery has-nested-images columns-default is-cropped wp-block-gallery-5 is-layout-flex wp-block-gallery-is-layout-flex\">\n<figure class=\"wp-block-image size-large\"><img decoding=\"async\" width=\"500\" height=\"281\" data-id=\"1059365\" src=\"https:\/\/dimensionturistica.com\/es\/wp-content\/uploads\/2025\/10\/7SERGIO.jpg\" alt=\"\" class=\"wp-image-1059365\" srcset=\"https:\/\/dimensionturistica.com\/es\/wp-content\/uploads\/2025\/10\/7SERGIO.jpg 500w, https:\/\/dimensionturistica.com\/es\/wp-content\/uploads\/2025\/10\/7SERGIO-300x169.jpg 300w\" sizes=\"(max-width: 500px) 100vw, 500px\" \/><\/figure>\n<\/figure>\n\n\n\n<p>Es claro que cuando Cicer\u00f3n se refer\u00eda a las necesidades de la rep\u00fablica y la posteridad, pensaba en el ciudadano como centro de actuaci\u00f3n y no en el pol\u00edtico como el centro de atracci\u00f3n.<\/p>\n\n\n\n<p>De hecho, brillantemente dice Ennio:<\/p>\n\n\n\n<p>\u201cObras buenas mal situadas malas obras, creo son.\u201d<\/p>\n\n\n\n<p>En la actualidad, dada la narrativa que inteligentemente decidi\u00f3 emprender el r\u00e9gimen, se ha establecido una injusta e ignominiosa diferencia entre ricos y pobres, rest\u00e1ndole merito a unos y concediendo un aparente beneficio a otros, beneficio que solo se ha dado en el discurso, pero que ha detonado una importante y muy seria divisi\u00f3n en la sociedad.<\/p>\n\n\n\n<figure class=\"wp-block-gallery has-nested-images columns-default is-cropped wp-block-gallery-6 is-layout-flex wp-block-gallery-is-layout-flex\">\n<figure class=\"wp-block-image size-large\"><img decoding=\"async\" width=\"500\" height=\"281\" data-id=\"1059367\" src=\"https:\/\/dimensionturistica.com\/es\/wp-content\/uploads\/2025\/10\/555SERGIO.jpg\" alt=\"\" class=\"wp-image-1059367\" srcset=\"https:\/\/dimensionturistica.com\/es\/wp-content\/uploads\/2025\/10\/555SERGIO.jpg 500w, https:\/\/dimensionturistica.com\/es\/wp-content\/uploads\/2025\/10\/555SERGIO-300x169.jpg 300w\" sizes=\"(max-width: 500px) 100vw, 500px\" \/><\/figure>\n<\/figure>\n\n\n\n<p>Cito de nueva cuenta a Cicer\u00f3n, cuando en sus cartas a su hijo dice que es mejor emplear las atenciones en personas buenas que en adineradas. Con car\u00e1cter general, hay que poner los medios para poder cumplir con todas las clases; pero, si se llega a una disyuntiva, est\u00e1 claro que hay que tomar como experto a Tem\u00edstocles: cuando uno le consult\u00f3 si casar a su hija con un var\u00f3n bueno y pobre, o con uno menos \u00edntegro pero rico, dijo: \u201cYo prefiero a un hombre de bien con falta de dinero antes que dinero con falta de hombr\u00eda de bien\u201d.<\/p>\n\n\n\n<p>Las costumbres se han arruinado y han degenerado por la veneraci\u00f3n de las riquezas.<\/p>\n\n\n\n<p>Par\u00e9ceme que hasta aqu\u00ed, he podido compartir y acaso ilustrar un poco a mis ocho lectores al respecto de la beneficencia y la liberalidad, utilizando mis lecturas sobre el gran fil\u00f3sofo Cicer\u00f3n, aunque el tema es much\u00edsimo m\u00e1s amplio y complejo. Habr\u00e9 de abundar en pr\u00f3ximas entregas si me lo permiten, as\u00ed como en el asunto que apasionado me tiene, sobre l<\/p>\n\n\n\n<figure class=\"wp-block-gallery has-nested-images columns-default is-cropped wp-block-gallery-7 is-layout-flex wp-block-gallery-is-layout-flex\">\n<figure class=\"wp-block-image size-large\"><img decoding=\"async\" width=\"393\" height=\"180\" data-id=\"1059370\" src=\"https:\/\/dimensionturistica.com\/es\/wp-content\/uploads\/2025\/10\/OIP-3.jpeg\" alt=\"\" class=\"wp-image-1059370\" srcset=\"https:\/\/dimensionturistica.com\/es\/wp-content\/uploads\/2025\/10\/OIP-3.jpeg 393w, https:\/\/dimensionturistica.com\/es\/wp-content\/uploads\/2025\/10\/OIP-3-300x137.jpeg 300w\" sizes=\"(max-width: 393px) 100vw, 393px\" \/><\/figure>\n<\/figure>\n\n\n\n<p>disertaci\u00f3n respecto de la Honorabilidad y lo \u00fatil\u2026 \u00bfEs la utilidad siempre honorable?&#8230; y \u00bfLo que es honorable es siempre \u00fatil?&#8230; parece que s\u00ed, siempre que no haya ignominia, porque en tal caso ya no existe ni honor ni utilidad\u2026 de eso y otras cosas, similares, seguir\u00e1n mis siguientes entregas.<\/p>\n\n\n\n<p>Hasta la pr\u00f3xima.<\/p>\n\n\n\n<p>Al Buen Entendedor\u2026<\/p>\n\n\n\n<p>\ufeff\ufeffsgrubiera@acticonsultores.com<\/p>\n","protected":false},"excerpt":{"rendered":"<p>Por: Sergio E. Gonz\u00e1lez Rubiera Leyendo he estado en \u00faltimos tiempos a Cicer\u00f3n, el fil\u00f3sofo, pol\u00edtico y orador romano y sobre otros grandes pensadores de la antig\u00fcedad y me sorprende sobremanera, la similitud que encuentro en algunas situaciones que a m\u00e1s de dos mil a\u00f1os prevalecen tanto en los comportamientos de la sociedad actual, como [&hellip;]<\/p>\n","protected":false},"author":1,"featured_media":0,"comment_status":"open","ping_status":"closed","sticky":false,"template":"","format":"standard","meta":{"om_disable_all_campaigns":false,"jnews-multi-image_gallery":[],"jnews_single_post":[],"jnews_primary_category":[],"jnews_social_meta":[],"footnotes":""},"categories":[39],"tags":[],"class_list":["post-1059360","post","type-post","status-publish","format-standard","hentry","category-viajes"],"_links":{"self":[{"href":"https:\/\/dimensionturistica.com\/es\/wp-json\/wp\/v2\/posts\/1059360","targetHints":{"allow":["GET"]}}],"collection":[{"href":"https:\/\/dimensionturistica.com\/es\/wp-json\/wp\/v2\/posts"}],"about":[{"href":"https:\/\/dimensionturistica.com\/es\/wp-json\/wp\/v2\/types\/post"}],"author":[{"embeddable":true,"href":"https:\/\/dimensionturistica.com\/es\/wp-json\/wp\/v2\/users\/1"}],"replies":[{"embeddable":true,"href":"https:\/\/dimensionturistica.com\/es\/wp-json\/wp\/v2\/comments?post=1059360"}],"version-history":[{"count":1,"href":"https:\/\/dimensionturistica.com\/es\/wp-json\/wp\/v2\/posts\/1059360\/revisions"}],"predecessor-version":[{"id":1059372,"href":"https:\/\/dimensionturistica.com\/es\/wp-json\/wp\/v2\/posts\/1059360\/revisions\/1059372"}],"wp:attachment":[{"href":"https:\/\/dimensionturistica.com\/es\/wp-json\/wp\/v2\/media?parent=1059360"}],"wp:term":[{"taxonomy":"category","embeddable":true,"href":"https:\/\/dimensionturistica.com\/es\/wp-json\/wp\/v2\/categories?post=1059360"},{"taxonomy":"post_tag","embeddable":true,"href":"https:\/\/dimensionturistica.com\/es\/wp-json\/wp\/v2\/tags?post=1059360"}],"curies":[{"name":"wp","href":"https:\/\/api.w.org\/{rel}","templated":true}]}}