{"id":1059270,"date":"2025-10-11T16:54:28","date_gmt":"2025-10-11T16:54:28","guid":{"rendered":"https:\/\/dimensionturistica.com\/es\/?p=1059270"},"modified":"2025-10-11T16:54:28","modified_gmt":"2025-10-11T16:54:28","slug":"avon-y-la-fundacion-instituto-natura-refuerzan-su-compromiso-con-la-salud-mamaria-en-mexico-y-latinoamerica","status":"publish","type":"post","link":"https:\/\/dimensionturistica.com\/es\/avon-y-la-fundacion-instituto-natura-refuerzan-su-compromiso-con-la-salud-mamaria-en-mexico-y-latinoamerica\/","title":{"rendered":"Avon y la Fundaci\u00f3n Instituto Natura refuerzan su compromiso con la salud mamaria en M\u00e9xico y Latinoam\u00e9rica."},"content":{"rendered":"\n<figure class=\"wp-block-gallery has-nested-images columns-default is-cropped wp-block-gallery-1 is-layout-flex wp-block-gallery-is-layout-flex\">\n<figure class=\"wp-block-image size-large\"><img decoding=\"async\" width=\"500\" height=\"312\" data-id=\"1059272\" src=\"https:\/\/dimensionturistica.com\/es\/wp-content\/uploads\/2025\/10\/LOGOAVON.jpg\" alt=\"\" class=\"wp-image-1059272\" srcset=\"https:\/\/dimensionturistica.com\/es\/wp-content\/uploads\/2025\/10\/LOGOAVON.jpg 500w, https:\/\/dimensionturistica.com\/es\/wp-content\/uploads\/2025\/10\/LOGOAVON-300x187.jpg 300w\" sizes=\"(max-width: 500px) 100vw, 500px\" \/><\/figure>\n<\/figure>\n\n\n\n<p>&nbsp;El c\u00e1ncer de mama contin\u00faa siendo la primera causa de muerte oncol\u00f3gica en mujeres. Cada d\u00eda, en M\u00e9xico, alrededor de 22 mujeres fallecen a causa de este padecimiento. Pero detr\u00e1s de esta &nbsp;cifra hay un patr\u00f3n com\u00fan: muchas mexicanas dejan su salud en segundo plano por priorizar otras cosas.<\/p>\n\n\n\n<figure class=\"wp-block-gallery has-nested-images columns-default is-cropped wp-block-gallery-2 is-layout-flex wp-block-gallery-is-layout-flex\">\n<figure class=\"wp-block-image size-large\"><img decoding=\"async\" width=\"500\" height=\"294\" data-id=\"1059273\" src=\"https:\/\/dimensionturistica.com\/es\/wp-content\/uploads\/2025\/10\/3VON.jpg\" alt=\"\" class=\"wp-image-1059273\" srcset=\"https:\/\/dimensionturistica.com\/es\/wp-content\/uploads\/2025\/10\/3VON.jpg 500w, https:\/\/dimensionturistica.com\/es\/wp-content\/uploads\/2025\/10\/3VON-300x176.jpg 300w\" sizes=\"(max-width: 500px) 100vw, 500px\" \/><\/figure>\n<\/figure>\n\n\n\n<p>Con este contexto, Avon y Fundaci\u00f3n Instituto Natura presentan la iniciativa latinoamericana \u201cEstar Para Ellas es ahora\u201d, un esfuerzo que busca recordar que la consulta m\u00e9dica anual y los ex\u00e1menes de rutina son herramientas esenciales para cuidar a tu salud mamaria. &nbsp;Dejar el \u201cdespu\u00e9s\u201d y apostar por el ahora.<\/p>\n\n\n\n<figure class=\"wp-block-gallery has-nested-images columns-default is-cropped wp-block-gallery-3 is-layout-flex wp-block-gallery-is-layout-flex\">\n<figure class=\"wp-block-image size-large\"><img decoding=\"async\" width=\"500\" height=\"287\" data-id=\"1059274\" src=\"https:\/\/dimensionturistica.com\/es\/wp-content\/uploads\/2025\/10\/5AVON-1.jpg\" alt=\"\" class=\"wp-image-1059274\" srcset=\"https:\/\/dimensionturistica.com\/es\/wp-content\/uploads\/2025\/10\/5AVON-1.jpg 500w, https:\/\/dimensionturistica.com\/es\/wp-content\/uploads\/2025\/10\/5AVON-1-300x172.jpg 300w\" sizes=\"(max-width: 500px) 100vw, 500px\" \/><\/figure>\n<\/figure>\n\n\n\n<p>\u201cMuchas mujeres postergan su salud por atender primero a quienes las rodean, pero cuando hablamos de c\u00e1ncer de mama, la espera puede costar demasiado. Sabemos que, detectado a tiempo, es curable en m\u00e1s del 90% de los casos. Esa es la diferencia entre decir \u2018despu\u00e9s\u2019 y decidirse por el \u2018ahora\u2019\u201d, se\u00f1al\u00f3 Silvia Ojeda, directora de Fundaci\u00f3n Instituto Natura M\u00e9xico.<\/p>\n\n\n\n<figure class=\"wp-block-gallery has-nested-images columns-default is-cropped wp-block-gallery-4 is-layout-flex wp-block-gallery-is-layout-flex\">\n<figure class=\"wp-block-image size-large\"><img decoding=\"async\" width=\"500\" height=\"333\" data-id=\"1059275\" src=\"https:\/\/dimensionturistica.com\/es\/wp-content\/uploads\/2025\/10\/7AVON-1.jpg\" alt=\"\" class=\"wp-image-1059275\" srcset=\"https:\/\/dimensionturistica.com\/es\/wp-content\/uploads\/2025\/10\/7AVON-1.jpg 500w, https:\/\/dimensionturistica.com\/es\/wp-content\/uploads\/2025\/10\/7AVON-1-300x200.jpg 300w\" sizes=\"(max-width: 500px) 100vw, 500px\" \/><figcaption class=\"wp-element-caption\">Doctor and patient making a mammography<\/figcaption><\/figure>\n<\/figure>\n\n\n\n<p>La iniciativa \u00a0pondr\u00e1 especial atenci\u00f3n en derribar dudas y tab\u00faes alrededor de la salud mamaria, promoviendo informaci\u00f3n clara sobre factores de riesgo, edades recomendadas para el estudio y cuidados b\u00e1sicos.\u201cQueremos recordar a las mujeres que la detecci\u00f3n temprana salva vidas. Muchas veces, entre las responsabilidades y la rutina, se posterga el chequeo m\u00e9dico, pero es fundamental priorizar el cuidado y la concientizaci\u00f3n sobre la salud de las mamas. Nuestro compromiso es acompa\u00f1arlas e impulsar esa acci\u00f3n preventiva que puede marcar la diferencia\u201d, afirm\u00f3 Mariana Olivero, Head de Comunicaci\u00f3n Avon Hispana.<\/p>\n\n\n\n<figure class=\"wp-block-gallery has-nested-images columns-default is-cropped wp-block-gallery-5 is-layout-flex wp-block-gallery-is-layout-flex\">\n<figure class=\"wp-block-image size-large\"><img decoding=\"async\" width=\"500\" height=\"333\" data-id=\"1059277\" src=\"https:\/\/dimensionturistica.com\/es\/wp-content\/uploads\/2025\/10\/55AVON.jpg\" alt=\"\" class=\"wp-image-1059277\" srcset=\"https:\/\/dimensionturistica.com\/es\/wp-content\/uploads\/2025\/10\/55AVON.jpg 500w, https:\/\/dimensionturistica.com\/es\/wp-content\/uploads\/2025\/10\/55AVON-300x200.jpg 300w\" sizes=\"(max-width: 500px) 100vw, 500px\" \/><figcaption class=\"wp-element-caption\">Senior woman and adult daughter laughing on porch<\/figcaption><\/figure>\n<\/figure>\n\n\n\n<p>En M\u00e9xico Avon lleva m\u00e1s de 30 a\u00f1os &nbsp;impulsando la concientizaci\u00f3n y detecci\u00f3n temprana del c\u00e1ncer de mama, con acciones permanentes que no se limitan a Octubre Rosa. Con su integraci\u00f3n a Natura, esta causa se reforz\u00f3 dentro de la Fundaci\u00f3n Instituto Natura, que adem\u00e1s trabaja por la defensa de los derechos de las mujeres, la educaci\u00f3n b\u00e1sica de calidad y el desarrollo de las Consultoras de Belleza.<\/p>\n\n\n\n<figure class=\"wp-block-gallery has-nested-images columns-default is-cropped wp-block-gallery-6 is-layout-flex wp-block-gallery-is-layout-flex\">\n<figure class=\"wp-block-image size-large\"><img decoding=\"async\" width=\"500\" height=\"163\" data-id=\"1059278\" src=\"https:\/\/dimensionturistica.com\/es\/wp-content\/uploads\/2025\/10\/2AVON.jpg\" alt=\"\" class=\"wp-image-1059278\" srcset=\"https:\/\/dimensionturistica.com\/es\/wp-content\/uploads\/2025\/10\/2AVON.jpg 500w, https:\/\/dimensionturistica.com\/es\/wp-content\/uploads\/2025\/10\/2AVON-300x98.jpg 300w\" sizes=\"(max-width: 500px) 100vw, 500px\" \/><\/figure>\n<\/figure>\n\n\n\n<p>M\u00e1s all\u00e1 de Octubre, recordemos que cuidar la salud mamaria es un compromiso permanente. Cada chequeo oportuno representa una oportunidad para salvar vidas.<\/p>\n","protected":false},"excerpt":{"rendered":"<p>&nbsp;El c\u00e1ncer de mama contin\u00faa siendo la primera causa de muerte oncol\u00f3gica en mujeres. Cada d\u00eda, en M\u00e9xico, alrededor de 22 mujeres fallecen a causa de este padecimiento. Pero detr\u00e1s de esta &nbsp;cifra hay un patr\u00f3n com\u00fan: muchas mexicanas dejan su salud en segundo plano por priorizar otras cosas. Con este contexto, Avon y Fundaci\u00f3n [&hellip;]<\/p>\n","protected":false},"author":1,"featured_media":0,"comment_status":"open","ping_status":"closed","sticky":false,"template":"","format":"standard","meta":{"om_disable_all_campaigns":false,"jnews-multi-image_gallery":[],"jnews_single_post":{"format":"standard"},"jnews_primary_category":[],"jnews_social_meta":[],"footnotes":""},"categories":[144872],"tags":[],"class_list":["post-1059270","post","type-post","status-publish","format-standard","hentry","category-fashion"],"_links":{"self":[{"href":"https:\/\/dimensionturistica.com\/es\/wp-json\/wp\/v2\/posts\/1059270","targetHints":{"allow":["GET"]}}],"collection":[{"href":"https:\/\/dimensionturistica.com\/es\/wp-json\/wp\/v2\/posts"}],"about":[{"href":"https:\/\/dimensionturistica.com\/es\/wp-json\/wp\/v2\/types\/post"}],"author":[{"embeddable":true,"href":"https:\/\/dimensionturistica.com\/es\/wp-json\/wp\/v2\/users\/1"}],"replies":[{"embeddable":true,"href":"https:\/\/dimensionturistica.com\/es\/wp-json\/wp\/v2\/comments?post=1059270"}],"version-history":[{"count":1,"href":"https:\/\/dimensionturistica.com\/es\/wp-json\/wp\/v2\/posts\/1059270\/revisions"}],"predecessor-version":[{"id":1059281,"href":"https:\/\/dimensionturistica.com\/es\/wp-json\/wp\/v2\/posts\/1059270\/revisions\/1059281"}],"wp:attachment":[{"href":"https:\/\/dimensionturistica.com\/es\/wp-json\/wp\/v2\/media?parent=1059270"}],"wp:term":[{"taxonomy":"category","embeddable":true,"href":"https:\/\/dimensionturistica.com\/es\/wp-json\/wp\/v2\/categories?post=1059270"},{"taxonomy":"post_tag","embeddable":true,"href":"https:\/\/dimensionturistica.com\/es\/wp-json\/wp\/v2\/tags?post=1059270"}],"curies":[{"name":"wp","href":"https:\/\/api.w.org\/{rel}","templated":true}]}}