{"id":1059245,"date":"2025-10-11T15:50:37","date_gmt":"2025-10-11T15:50:37","guid":{"rendered":"https:\/\/dimensionturistica.com\/es\/?p=1059245"},"modified":"2025-10-11T15:50:37","modified_gmt":"2025-10-11T15:50:37","slug":"natura-y-avon-presentan-su-iniciativa-de-licencias-paternales-inclusivas-en-mexico","status":"publish","type":"post","link":"https:\/\/dimensionturistica.com\/es\/natura-y-avon-presentan-su-iniciativa-de-licencias-paternales-inclusivas-en-mexico\/","title":{"rendered":"Natura y Avon presentan su iniciativa de Licencias Paternales Inclusivas en M\u00e9xico"},"content":{"rendered":"\n<figure class=\"wp-block-gallery has-nested-images columns-default is-cropped wp-block-gallery-1 is-layout-flex wp-block-gallery-is-layout-flex\">\n<figure class=\"wp-block-image size-large\"><img decoding=\"async\" width=\"500\" height=\"312\" data-id=\"1059249\" src=\"https:\/\/dimensionturistica.com\/es\/wp-content\/uploads\/2025\/10\/6AVON.jpg\" alt=\"\" class=\"wp-image-1059249\" srcset=\"https:\/\/dimensionturistica.com\/es\/wp-content\/uploads\/2025\/10\/6AVON.jpg 500w, https:\/\/dimensionturistica.com\/es\/wp-content\/uploads\/2025\/10\/6AVON-300x187.jpg 300w\" sizes=\"(max-width: 500px) 100vw, 500px\" \/><\/figure>\n<\/figure>\n\n\n\n<p>El deseo de criar es un sentimiento universal, inclusivo e independiente de cualquier g\u00e9nero, preferencia sexual o caracter\u00edsticas individuales. Por esta raz\u00f3n, Natura y Avon contin\u00faan sumando propuestas para construir una sociedad m\u00e1s incluyente, respetuosa de todos los tipos de familias, y lanzan en M\u00e9xico la iniciativa Licencias Parentales Inclusivas.<\/p>\n\n\n\n<p>Las Licencias Parentales Inclusivas son una pr\u00e1ctica que reconoce y celebra todas las formas de familia: heteroparentales, homoparentales y monoparentales con lo cual sienta un precedente para avanzar en un entorno laboral abierto, flexible y que celebra todas las formas de convivencia que se basan en el respeto, la colaboraci\u00f3n y el desarrollo humano. La firma est\u00e1 promoviendo dicha iniciativa en toda la Regi\u00f3n de Latinoam\u00e9rica, donde M\u00e9xico es l\u00edder en la implementaci\u00f3n.<\/p>\n\n\n\n<figure class=\"wp-block-gallery has-nested-images columns-default is-cropped wp-block-gallery-2 is-layout-flex wp-block-gallery-is-layout-flex\">\n<figure class=\"wp-block-image size-large\"><img decoding=\"async\" width=\"500\" height=\"500\" data-id=\"1059250\" src=\"https:\/\/dimensionturistica.com\/es\/wp-content\/uploads\/2025\/10\/1AVON-1.jpg\" alt=\"\" class=\"wp-image-1059250\" srcset=\"https:\/\/dimensionturistica.com\/es\/wp-content\/uploads\/2025\/10\/1AVON-1.jpg 500w, https:\/\/dimensionturistica.com\/es\/wp-content\/uploads\/2025\/10\/1AVON-1-300x300.jpg 300w, https:\/\/dimensionturistica.com\/es\/wp-content\/uploads\/2025\/10\/1AVON-1-150x150.jpg 150w, https:\/\/dimensionturistica.com\/es\/wp-content\/uploads\/2025\/10\/1AVON-1-75x75.jpg 75w, https:\/\/dimensionturistica.com\/es\/wp-content\/uploads\/2025\/10\/1AVON-1-350x350.jpg 350w\" sizes=\"(max-width: 500px) 100vw, 500px\" \/><\/figure>\n<\/figure>\n\n\n\n<p>\u201cQueremos estar a la altura del mundo actual y no reaccionar tarde. Buscamos que tanto madres, padres como cuidadores secundarios sientan que la Compa\u00f1\u00eda tienen el respaldo necesario para desarrollar sus metas profesionales y, muy importante, sus prop\u00f3sitos y realizaciones personales; para Natura y Avon es fundamental pronunciarnos positivamente en el sentido de que conformar una familia, independiente de su tipo y n\u00famero de integrantes, es un derecho universal que debe ser ejercido por todas y todos\u201d. Explica Renata Maldonado, Directora de Recursos Humanos de Natura y Avon en M\u00e9xico.<\/p>\n\n\n\n<p>Licencias para todas las familias<\/p>\n\n\n\n<p>El objetivo principal de esta pr\u00e1ctica que ya es aplicable en Natura y Avon M\u00e9xico es ofrecer pr\u00e1cticas inclusivas, impulsando la diversidad, la regeneraci\u00f3n social y el bienestar integral de colaboradores y familias.<\/p>\n\n\n\n<p>Cabe destacar que el acceso a este beneficio no depende de un estado civil espec\u00edfico: aplica para parejas casadas, en uni\u00f3n libre o concubinato, siempre que exista un documento oficial que compruebe el v\u00ednculo. Adem\u00e1s, contempla los hogares monoparentales, garantizando que una madre o padre soltero adoptivos cuenten con este apoyo.<\/p>\n\n\n\n<p><\/p>\n\n\n\n<p>Por su parte, Daniela Bedolla, Gerente de Experiencia de Empleados, Beneficios y Compensaciones de la Marca en Latinoam\u00e9rica, agrega: \u201cNatura ha decidido no esperar a que las leyes cambien, y adelantarse con una pol\u00edtica propia que asegure igualdad de condiciones en toda la regi\u00f3n. Con estas licencias, buscamos impulsar la corresponsabilidad en el cuidado y fortalecer el v\u00ednculo familiar. Ser pioneros en pol\u00edticas laborales inclusivas que promuevan bienestar, diversidad y equidad en Am\u00e9rica Latina\u201d.<\/p>\n\n\n\n<figure class=\"wp-block-gallery has-nested-images columns-default is-cropped wp-block-gallery-3 is-layout-flex wp-block-gallery-is-layout-flex\">\n<figure class=\"wp-block-image size-large\"><img decoding=\"async\" width=\"500\" height=\"487\" data-id=\"1059251\" src=\"https:\/\/dimensionturistica.com\/es\/wp-content\/uploads\/2025\/10\/36VON.jpg\" alt=\"\" class=\"wp-image-1059251\" srcset=\"https:\/\/dimensionturistica.com\/es\/wp-content\/uploads\/2025\/10\/36VON.jpg 500w, https:\/\/dimensionturistica.com\/es\/wp-content\/uploads\/2025\/10\/36VON-300x292.jpg 300w\" sizes=\"(max-width: 500px) 100vw, 500px\" \/><\/figure>\n<\/figure>\n\n\n\n<p>En Natura, cada familia cuenta. Y cada paso hacia la equidad es tambi\u00e9n un paso hacia un futuro m\u00e1s humano, justo y sostenible.<\/p>\n","protected":false},"excerpt":{"rendered":"<p>El deseo de criar es un sentimiento universal, inclusivo e independiente de cualquier g\u00e9nero, preferencia sexual o caracter\u00edsticas individuales. Por esta raz\u00f3n, Natura y Avon contin\u00faan sumando propuestas para construir una sociedad m\u00e1s incluyente, respetuosa de todos los tipos de familias, y lanzan en M\u00e9xico la iniciativa Licencias Parentales Inclusivas. Las Licencias Parentales Inclusivas son [&hellip;]<\/p>\n","protected":false},"author":1,"featured_media":0,"comment_status":"open","ping_status":"closed","sticky":false,"template":"","format":"standard","meta":{"om_disable_all_campaigns":false,"jnews-multi-image_gallery":[],"jnews_single_post":[],"jnews_primary_category":[],"jnews_social_meta":[],"footnotes":""},"categories":[144872],"tags":[],"class_list":["post-1059245","post","type-post","status-publish","format-standard","hentry","category-fashion"],"_links":{"self":[{"href":"https:\/\/dimensionturistica.com\/es\/wp-json\/wp\/v2\/posts\/1059245","targetHints":{"allow":["GET"]}}],"collection":[{"href":"https:\/\/dimensionturistica.com\/es\/wp-json\/wp\/v2\/posts"}],"about":[{"href":"https:\/\/dimensionturistica.com\/es\/wp-json\/wp\/v2\/types\/post"}],"author":[{"embeddable":true,"href":"https:\/\/dimensionturistica.com\/es\/wp-json\/wp\/v2\/users\/1"}],"replies":[{"embeddable":true,"href":"https:\/\/dimensionturistica.com\/es\/wp-json\/wp\/v2\/comments?post=1059245"}],"version-history":[{"count":1,"href":"https:\/\/dimensionturistica.com\/es\/wp-json\/wp\/v2\/posts\/1059245\/revisions"}],"predecessor-version":[{"id":1059252,"href":"https:\/\/dimensionturistica.com\/es\/wp-json\/wp\/v2\/posts\/1059245\/revisions\/1059252"}],"wp:attachment":[{"href":"https:\/\/dimensionturistica.com\/es\/wp-json\/wp\/v2\/media?parent=1059245"}],"wp:term":[{"taxonomy":"category","embeddable":true,"href":"https:\/\/dimensionturistica.com\/es\/wp-json\/wp\/v2\/categories?post=1059245"},{"taxonomy":"post_tag","embeddable":true,"href":"https:\/\/dimensionturistica.com\/es\/wp-json\/wp\/v2\/tags?post=1059245"}],"curies":[{"name":"wp","href":"https:\/\/api.w.org\/{rel}","templated":true}]}}