{"id":1059125,"date":"2025-10-11T05:56:00","date_gmt":"2025-10-11T05:56:00","guid":{"rendered":"https:\/\/dimensionturistica.com\/es\/?p=1059125"},"modified":"2025-10-11T05:56:00","modified_gmt":"2025-10-11T05:56:00","slug":"como-combinar-jeans-palazzo-de-los-anos-70-con-botas-en-otono-2025-siguiendo-las-ultimas-tendencias","status":"publish","type":"post","link":"https:\/\/dimensionturistica.com\/es\/como-combinar-jeans-palazzo-de-los-anos-70-con-botas-en-otono-2025-siguiendo-las-ultimas-tendencias\/","title":{"rendered":"C\u00f3mo combinar jeans palazzo de los a\u00f1os 70 con botas en oto\u00f1o 2025, siguiendo las \u00faltimas tendencias."},"content":{"rendered":"<h3>El Regreso de los Jeans Palazzo: La Moda Retro que Domina Oto\u00f1o 2025<\/h3>\n<p>Los jeans palazzo, ese s\u00edmbolo ic\u00f3nico de la moda de los 70, est\u00e1n de vuelta con fuerza esta temporada. Con su silueta amplia y fluida, estos pantalones ofrecen una mezcla perfecta de comodidad y estilo, transform\u00e1ndose en un b\u00e1sico imprescindible en el guardarropa oto\u00f1al.<\/p>\n<h4>\u00bfC\u00f3mo Combinar los Jeans Palazzo?<\/h4>\n<p>La clave para llevar estos jeans con \u00e9xito radica en la elecci\u00f3n de los complementos. Las botas son un elemento esencial que no solo brindan calidez, sino que tambi\u00e9n elevan el estilo. Optar por un par de botas de ca\u00f1a alta o botas de plataforma puede acentuar la longitud de las piernas, creando una silueta alargada y sofisticada.<\/p>\n<p><strong>Estilo Minimalista:<\/strong> Para un look sencillo pero efectivo, combina unos jeans palazzo en un tono oscuro con una blusa blanca ajustada y unas botas negras. Esta combinaci\u00f3n cl\u00e1sica asegura un resultado pulido y atemporal.<\/p>\n<p><strong>Toque Bohemio:<\/strong> Si prefieres un estilo m\u00e1s relajado, opta por una blusa de tejido liviano con estampados florales y unas botas de gamuza. Agrega accesorios como un sombrero de ala ancha o collares de varios niveles para un aire bohemio.<\/p>\n<h4>Colores y Texturas<\/h4>\n<p>La paleta de colores para este oto\u00f1o es variada. Los tonos tierra y los colores vibrantes evocan la esencia del oto\u00f1o. Los jeans en denim crudo o con lavados desgastados se pueden complementar perfectamente con su\u00e9teres gruesos en tonos neutros o colores c\u00e1lidos.<\/p>\n<p>Las texturas tambi\u00e9n juegan un papel crucial. Una mezcla de materiales, como el denim con lana o algod\u00f3n, no solo aporta inter\u00e9s visual, sino que tambi\u00e9n es ideal para transitar del d\u00eda a la noche con facilidad.<\/p>\n<h4>Estilo Personalizado<\/h4>\n<p>Importante destacar que cada persona puede adaptar esta tendencia a su propio estilo. Los jeans palazzo ofrecen una superficie en blanco sobre la cual jugar con diferentes prendas y accesorios. Por ejemplo, agregar un cintur\u00f3n ancho puede definir la cintura y acentuar la figura, mientras que las capas, como un chal o un c\u00e1rdigan, pueden proporcionar una dimensi\u00f3n extra al conjunto.<\/p>\n<h4>Sostenibilidad en la Moda<\/h4>\n<p>El regreso de los jeans palazzo tambi\u00e9n est\u00e1 alineado con una tendencia m\u00e1s amplia hacia la sostenibilidad en la moda. Optar por prendas de calidad que sean atemporales reduce el gasto continuo en ropa nueva. Considerar el uso de marcas que se centran en la producci\u00f3n sostenible puede ser un paso significativo hacia un armario m\u00e1s \u00e9tico.<\/p>\n<h3>Conclusi\u00f3n<\/h3>\n<p>Incorporar jeans palazzo en el guardarropa es una forma efectiva de rendir homenaje a un estilo retro mientras se mantiene fresco y contempor\u00e1neo. Con tantas formas de combinarlos, esta tendencia promete quedarse por un tiempo, garantizando que cada salida sea una oportunidad para destacar. \u00a1Atr\u00e9vete a experimentar y haz que tus jeans palazzo se conviertan en la estrella de tu vestuario este oto\u00f1o!<\/p>\n<p><em> &#8221; Fuentes www.vogue.mx &#8221; <\/em><\/p>\n","protected":false},"excerpt":{"rendered":"<p>El Regreso de los Jeans Palazzo: La Moda Retro que Domina Oto\u00f1o 2025 Los jeans palazzo, ese s\u00edmbolo ic\u00f3nico de la moda de los 70, est\u00e1n de vuelta con fuerza esta temporada. Con su silueta amplia y fluida, estos pantalones ofrecen una mezcla perfecta de comodidad y estilo, transform\u00e1ndose en un b\u00e1sico imprescindible en el [&hellip;]<\/p>\n","protected":false},"author":14,"featured_media":1059126,"comment_status":"open","ping_status":"closed","sticky":false,"template":"","format":"standard","meta":{"om_disable_all_campaigns":false,"jnews-multi-image_gallery":[],"jnews_single_post":[],"jnews_primary_category":[],"jnews_social_meta":[],"footnotes":""},"categories":[144872],"tags":[207929,11710,7758,198524,16596,230946,659,191169,203269,25060,246552,2182],"class_list":["post-1059125","post","type-post","status-publish","format-standard","has-post-thumbnail","hentry","category-fashion","tag-anos-70","tag-botas","tag-estilo","tag-fashion-tips","tag-jeans","tag-jeans-palazzo","tag-moda","tag-otono-2025","tag-otono-invierno-2025","tag-outfit","tag-ropa-de-otono","tag-tendencias"],"_links":{"self":[{"href":"https:\/\/dimensionturistica.com\/es\/wp-json\/wp\/v2\/posts\/1059125","targetHints":{"allow":["GET"]}}],"collection":[{"href":"https:\/\/dimensionturistica.com\/es\/wp-json\/wp\/v2\/posts"}],"about":[{"href":"https:\/\/dimensionturistica.com\/es\/wp-json\/wp\/v2\/types\/post"}],"author":[{"embeddable":true,"href":"https:\/\/dimensionturistica.com\/es\/wp-json\/wp\/v2\/users\/14"}],"replies":[{"embeddable":true,"href":"https:\/\/dimensionturistica.com\/es\/wp-json\/wp\/v2\/comments?post=1059125"}],"version-history":[{"count":1,"href":"https:\/\/dimensionturistica.com\/es\/wp-json\/wp\/v2\/posts\/1059125\/revisions"}],"predecessor-version":[{"id":1059127,"href":"https:\/\/dimensionturistica.com\/es\/wp-json\/wp\/v2\/posts\/1059125\/revisions\/1059127"}],"wp:featuredmedia":[{"embeddable":true,"href":"https:\/\/dimensionturistica.com\/es\/wp-json\/wp\/v2\/media\/1059126"}],"wp:attachment":[{"href":"https:\/\/dimensionturistica.com\/es\/wp-json\/wp\/v2\/media?parent=1059125"}],"wp:term":[{"taxonomy":"category","embeddable":true,"href":"https:\/\/dimensionturistica.com\/es\/wp-json\/wp\/v2\/categories?post=1059125"},{"taxonomy":"post_tag","embeddable":true,"href":"https:\/\/dimensionturistica.com\/es\/wp-json\/wp\/v2\/tags?post=1059125"}],"curies":[{"name":"wp","href":"https:\/\/api.w.org\/{rel}","templated":true}]}}