{"id":1059021,"date":"2025-10-11T00:41:03","date_gmt":"2025-10-11T00:41:03","guid":{"rendered":"https:\/\/dimensionturistica.com\/es\/?p=1059021"},"modified":"2025-10-11T00:41:03","modified_gmt":"2025-10-11T00:41:03","slug":"el-ultimo-desfile-de-chloe-domino-la-unesco-y-culmino-con-la-cena-mas-elegante-en-paris","status":"publish","type":"post","link":"https:\/\/dimensionturistica.com\/es\/el-ultimo-desfile-de-chloe-domino-la-unesco-y-culmino-con-la-cena-mas-elegante-en-paris\/","title":{"rendered":"El \u00daltimo Desfile de Chlo\u00e9 Domin\u00f3 la UNESCO y Culmin\u00f3 con la Cena M\u00e1s Elegante en Par\u00eds."},"content":{"rendered":"<h3>Un Banquete de Estilo: La Cena Post-Desfile de Chlo\u00e9<\/h3>\n<p>La escena de la moda se llena de luces, glamour y una energ\u00eda vibrante que reitera su poder y su relevancia en el mundo contempor\u00e1neo. Recientemente, Chlo\u00e9 celebr\u00f3 una cena post-desfile que no solo fue un homenaje a su \u00faltima colecci\u00f3n, sino tambi\u00e9n una manifestaci\u00f3n del arte y la convivencia en el universo del dise\u00f1o.<\/p>\n<p><strong>Un Espacio Transformador<\/strong><\/p>\n<p>El evento tuvo lugar en un espacio cautivador, donde la decoraci\u00f3n fusion\u00f3 lo moderno y lo cl\u00e1sico, creando un ambiente que reflejaba a la perfecci\u00f3n la esencia de la marca. Las mesas estaban adornadas con elegancia, con arreglos florales que evocaban un sentido de naturaleza y sofisticaci\u00f3n, elementos clave en la narrativa de Chlo\u00e9.<\/p>\n<p><strong>Estrellas de la Moda y la Cultura<\/strong><\/p>\n<p>Entre los asistentes se encontraban figuras destacadas del mundo de la moda y el arte. La presencia de celebrities y creativos consolid\u00f3 la invitaci\u00f3n a unirse a una conversaci\u00f3n m\u00e1s all\u00e1 de la pasarela. Cada invitado a\u00f1adi\u00f3 un toque especial al ambiente, como si formaran parte de una obra art\u00edstica que se desarrollaba en tiempo real.<\/p>\n<p><strong>Una Celebraci\u00f3n del Talento<\/strong><\/p>\n<p>La velada fue un reconocimiento a la creatividad que caracteriza a la casa de moda. Desde el dise\u00f1o de la colecci\u00f3n hasta la presentaci\u00f3n del evento, cada detalle fue meticulosamente pensado. El men\u00fa compuesto por delicias culinarias, paralelo a la sofisticaci\u00f3n de la vestimenta, mostr\u00f3 la uni\u00f3n entre gastronom\u00eda y moda, elevando la experiencia a nuevas alturas.<\/p>\n<p><strong>El Impacto del Dise\u00f1o en la Cultura Actual<\/strong><\/p>\n<p>La interacci\u00f3n entre los asistentes reflej\u00f3 una comunidad unida por la pasi\u00f3n por la moda. Las conversaciones fluyeron, y cada an\u00e9cdota compartida resonaba con el esp\u00edritu de Chlo\u00e9: irreverente, inclusiva y profundamente consciente de su impacto social. Esta cena se convirti\u00f3 en un escenario donde la moda no solo define tendencias, sino tambi\u00e9n crea lazos.<\/p>\n<p><strong>Apariciones Memorables<\/strong><\/p>\n<p>Las elecciones de vestuario de los asistentes tambi\u00e9n fueron dignas de menci\u00f3n. Cada look revel\u00f3 una interpretaci\u00f3n personal del estilo Chlo\u00e9, desde siluetas fluidas hasta detalles que honran la herencia cultural. Este despliegue de moda no solo capt\u00f3 la atenci\u00f3n, sino que inspir\u00f3 a una nueva generaci\u00f3n a explorar su propia identidad a trav\u00e9s de la vestimenta.<\/p>\n<p><strong>Un Legado en Construcci\u00f3n<\/strong><\/p>\n<p>M\u00e1s all\u00e1 de ser un evento, la cena post-desfile de Chlo\u00e9 fue un claro testimonio del impacto de la moda en la sociedad actual. Reuniendo a l\u00edderes y visionarios, sent\u00f3 las bases para futuras colaboraciones y pasos audaces. Este tipo de encuentros sugiere que la creatividad se alimenta mejor en comunidad, donde las ideas pueden florecer sin l\u00edmites.<\/p>\n<h3>Conclusiones Inspiradoras<\/h3>\n<p>El acontecimiento no solo celebr\u00f3 el trabajo de un equipo apasionado, sino que tambi\u00e9n subray\u00f3 el papel crucial que la moda desempe\u00f1a en la construcci\u00f3n de una narrativa cultural rica y diversa. A medida que el mundo de la moda contin\u00faa evolucionando, eventos como este nos recuerdan que cada detalle cuenta y que el estilo es una forma de expresi\u00f3n poderosa que trasciende el tiempo.<\/p>\n<p><em> &#8221; Fuentes www.vogue.com &#8221; <\/em><\/p>\n","protected":false},"excerpt":{"rendered":"<p>Un Banquete de Estilo: La Cena Post-Desfile de Chlo\u00e9 La escena de la moda se llena de luces, glamour y una energ\u00eda vibrante que reitera su poder y su relevancia en el mundo contempor\u00e1neo. Recientemente, Chlo\u00e9 celebr\u00f3 una cena post-desfile que no solo fue un homenaje a su \u00faltima colecci\u00f3n, sino tambi\u00e9n una manifestaci\u00f3n del [&hellip;]<\/p>\n","protected":false},"author":14,"featured_media":1059022,"comment_status":"open","ping_status":"closed","sticky":false,"template":"","format":"standard","meta":{"om_disable_all_campaigns":false,"jnews-multi-image_gallery":[],"jnews_single_post":[],"jnews_primary_category":[],"jnews_social_meta":[],"footnotes":""},"categories":[144872],"tags":[20326,68660,198691,70213,166,192704,8774,2289,174142,13704,203622],"class_list":["post-1059021","post","type-post","status-publish","format-standard","has-post-thumbnail","hentry","category-fashion","tag-chloe","tag-dinner","tag-elegance","tag-event","tag-fashion","tag-haute-couture","tag-luxury","tag-paris","tag-runway-show","tag-unesco","tag-vogue-parties"],"_links":{"self":[{"href":"https:\/\/dimensionturistica.com\/es\/wp-json\/wp\/v2\/posts\/1059021","targetHints":{"allow":["GET"]}}],"collection":[{"href":"https:\/\/dimensionturistica.com\/es\/wp-json\/wp\/v2\/posts"}],"about":[{"href":"https:\/\/dimensionturistica.com\/es\/wp-json\/wp\/v2\/types\/post"}],"author":[{"embeddable":true,"href":"https:\/\/dimensionturistica.com\/es\/wp-json\/wp\/v2\/users\/14"}],"replies":[{"embeddable":true,"href":"https:\/\/dimensionturistica.com\/es\/wp-json\/wp\/v2\/comments?post=1059021"}],"version-history":[{"count":1,"href":"https:\/\/dimensionturistica.com\/es\/wp-json\/wp\/v2\/posts\/1059021\/revisions"}],"predecessor-version":[{"id":1059023,"href":"https:\/\/dimensionturistica.com\/es\/wp-json\/wp\/v2\/posts\/1059021\/revisions\/1059023"}],"wp:featuredmedia":[{"embeddable":true,"href":"https:\/\/dimensionturistica.com\/es\/wp-json\/wp\/v2\/media\/1059022"}],"wp:attachment":[{"href":"https:\/\/dimensionturistica.com\/es\/wp-json\/wp\/v2\/media?parent=1059021"}],"wp:term":[{"taxonomy":"category","embeddable":true,"href":"https:\/\/dimensionturistica.com\/es\/wp-json\/wp\/v2\/categories?post=1059021"},{"taxonomy":"post_tag","embeddable":true,"href":"https:\/\/dimensionturistica.com\/es\/wp-json\/wp\/v2\/tags?post=1059021"}],"curies":[{"name":"wp","href":"https:\/\/api.w.org\/{rel}","templated":true}]}}