{"id":1058933,"date":"2025-10-10T21:40:04","date_gmt":"2025-10-10T21:40:04","guid":{"rendered":"https:\/\/dimensionturistica.com\/es\/?p=1058933"},"modified":"2025-10-10T21:40:04","modified_gmt":"2025-10-10T21:40:04","slug":"una-experiencia-inolvidable-dia-de-muertos-en-san-angei","status":"publish","type":"post","link":"https:\/\/dimensionturistica.com\/es\/una-experiencia-inolvidable-dia-de-muertos-en-san-angei\/","title":{"rendered":"Una experiencia inolvidable: D\u00eda de Muertos en San \u00c1ngei"},"content":{"rendered":"\n<figure class=\"wp-block-gallery has-nested-images columns-default is-cropped wp-block-gallery-1 is-layout-flex wp-block-gallery-is-layout-flex\">\n<figure class=\"wp-block-image size-large\"><img decoding=\"async\" width=\"500\" height=\"333\" data-id=\"1058943\" src=\"https:\/\/dimensionturistica.com\/es\/wp-content\/uploads\/2025\/10\/ofrenda.jpg\" alt=\"\" class=\"wp-image-1058943\" srcset=\"https:\/\/dimensionturistica.com\/es\/wp-content\/uploads\/2025\/10\/ofrenda.jpg 500w, https:\/\/dimensionturistica.com\/es\/wp-content\/uploads\/2025\/10\/ofrenda-300x200.jpg 300w\" sizes=\"(max-width: 500px) 100vw, 500px\" \/><\/figure>\n<\/figure>\n\n\n\n<p><em>Cada a\u00f1o, del 31 de octubre al 2 de noviembre, todo<\/em><em>&nbsp;<\/em><em>M\u00e9xico se llena de color, aroma y tradici\u00f3n. El D\u00eda de Muertos, una de las celebraciones<\/em><em>&nbsp;Mas <\/em><em>emblem\u00e1ticas del pa\u00eds y reconocida por la UNESCO como Patrimonio Cultural<\/em><em>&nbsp;<\/em><em>Inmaterial de la Humanidad, es una expresi\u00f3n \u00fanica que combina misticismo, arte popular<\/em><em>&nbsp;<\/em><em>y amor por la memoria de quienes ya no est\u00e1n.<\/em><em><\/em><\/p>\n\n\n\n<figure class=\"wp-block-gallery has-nested-images columns-default is-cropped wp-block-gallery-2 is-layout-flex wp-block-gallery-is-layout-flex\">\n<figure class=\"wp-block-image size-large\"><img decoding=\"async\" width=\"500\" height=\"888\" data-id=\"1058944\" src=\"https:\/\/dimensionturistica.com\/es\/wp-content\/uploads\/2025\/10\/1lavr.jpg\" alt=\"\" class=\"wp-image-1058944\" srcset=\"https:\/\/dimensionturistica.com\/es\/wp-content\/uploads\/2025\/10\/1lavr.jpg 500w, https:\/\/dimensionturistica.com\/es\/wp-content\/uploads\/2025\/10\/1lavr-169x300.jpg 169w\" sizes=\"(max-width: 500px) 100vw, 500px\" \/><\/figure>\n<\/figure>\n\n\n\n<p><em>Durante estas fechas, los altares se adornan con flores de cempas\u00fachil, papel picado,<\/em><em>&nbsp;<\/em><em>veladoras, calaveras de az\u00facar y platillos t\u00edpicos; las familias visitan los panteones para<\/em><em>&nbsp;<\/em><em>convivir simb\u00f3licamente con sus seres queridos; y barrios enteros se convierten en<\/em><em>&nbsp;<\/em><em>escenarios vivos de color, m\u00fasica y espiritualidad.<\/em><em><\/em><\/p>\n\n\n\n<p><em>En la capital, lugares como el barrio de San \u00c1ngel, Coyoac\u00e1n y Mixquic se transforman en<\/em><em>&nbsp;<\/em><em>verdaderos museos al aire libre, donde las ofrendas comunitarias y las leyendas locales<\/em><em>&nbsp;<\/em><em>mantienen viva una tradici\u00f3n que ha trascendido generaciones.<\/em><em><\/em><\/p>\n\n\n\n<p><\/p>\n\n\n\n<p><em>Con el prop\u00f3sito de acercar al p\u00fablico en general, pero en especial a nuestros adultos<\/em><em>&nbsp;<\/em><em>mayores a esta riqueza cultural, Eco Tour M\u00e9xico presenta su Tour del D\u00eda de Muertos en<\/em><em>&nbsp;<\/em><em>San \u00c1ngel, un recorrido tem\u00e1tico que invita a descubrir el significado profundo de esta<\/em><em>&nbsp;<\/em><em>festividad desde una perspectiva art\u00edstica, hist\u00f3rica y sustentable.<\/em><em><\/em><\/p>\n\n\n\n<figure class=\"wp-block-gallery has-nested-images columns-default is-cropped wp-block-gallery-3 is-layout-flex wp-block-gallery-is-layout-flex\">\n<figure class=\"wp-block-image size-large\"><img decoding=\"async\" width=\"500\" height=\"281\" data-id=\"1058945\" src=\"https:\/\/dimensionturistica.com\/es\/wp-content\/uploads\/2025\/10\/3lavar.jpg\" alt=\"\" class=\"wp-image-1058945\" srcset=\"https:\/\/dimensionturistica.com\/es\/wp-content\/uploads\/2025\/10\/3lavar.jpg 500w, https:\/\/dimensionturistica.com\/es\/wp-content\/uploads\/2025\/10\/3lavar-300x169.jpg 300w\" sizes=\"(max-width: 500px) 100vw, 500px\" \/><\/figure>\n<\/figure>\n\n\n\n<p><em>Del 24 de octubre al 16 de noviembre, los asistentes podr\u00e1n explorar las ofrendas m\u00e1s<\/em><em>&nbsp;<\/em><em>representativas de San \u00c1ngel, admirar su arquitectura colonial, escuchar relatos sobre las<\/em><em>&nbsp;<\/em><em>costumbres del barrio y conocer los s\u00edmbolos que envuelven al D\u00eda de<\/em><em>&nbsp;<\/em><em>Muertos. Todo ello<\/em><em>&nbsp;<\/em><em>a bordo del Ecob\u00fas 800, un veh\u00edculo el\u00e9ctrico que refleja el compromiso de la empresa<\/em><em>&nbsp;<\/em><em>con la movilidad limpia y el turismo responsable.<\/em><em><\/em><\/p>\n\n\n\n<p><em>Durante el trayecto, con una duraci\u00f3n de cuatro horas, se realizan varias paradas para<\/em><em>&nbsp;<\/em><em>recorrer a pie sitios emblem\u00e1ticos como la Casa del Risco, la Plaza del Carmen y los<\/em><em>&nbsp;<\/em><em>Huertos de los Carmelitas, donde el ambiente se llena de aromas a copal, flores decempas\u00fachil y m\u00fasica tradicional.<\/em><em><\/em><\/p>\n\n\n\n<figure class=\"wp-block-gallery has-nested-images columns-default is-cropped wp-block-gallery-4 is-layout-flex wp-block-gallery-is-layout-flex\">\n<figure class=\"wp-block-image size-large\"><img decoding=\"async\" width=\"500\" height=\"888\" data-id=\"1058947\" src=\"https:\/\/dimensionturistica.com\/es\/wp-content\/uploads\/2025\/10\/6lavar.jpg\" alt=\"\" class=\"wp-image-1058947\" srcset=\"https:\/\/dimensionturistica.com\/es\/wp-content\/uploads\/2025\/10\/6lavar.jpg 500w, https:\/\/dimensionturistica.com\/es\/wp-content\/uploads\/2025\/10\/6lavar-169x300.jpg 169w\" sizes=\"(max-width: 500px) 100vw, 500px\" \/><\/figure>\n<\/figure>\n\n\n\n<figure class=\"wp-block-gallery has-nested-images columns-default is-cropped wp-block-gallery-5 is-layout-flex wp-block-gallery-is-layout-flex\"><\/figure>\n\n\n\n<p><em>El recorrido incluye adem\u00e1s degustaciones gastron\u00f3micas, momentos de reflexi\u00f3n,<\/em><em>&nbsp;<\/em><em>narraci\u00f3n de leyendas locales y una experiencia fotogr\u00e1fica para capturar la esencia de<\/em><em>&nbsp;&nbsp;<\/em><em>esta festividad mexicana.<\/em><em><\/em><\/p>\n\n\n\n<p><em>Al finalizar el tour, los participantes ser\u00e1n recibidos en el Mercado del Carmen, punto de<\/em><em>&nbsp;<\/em><em>partida y cierre de la experiencia, con un ambiente festivo y una bebida de cortes\u00eda. <\/em><em><\/em><\/p>\n\n\n\n<p><em>Con<\/em><em>&nbsp;<\/em><em>esta iniciativa, Eco Tour M\u00e9xico, dirigida y fundada por Xochitl Garibay, reafirma su<\/em><em>&nbsp;<\/em><em>compromiso de preservar y difundir las tradiciones mexicanas, impulsando un turismo<\/em><em>&nbsp;<\/em><em>cultural y sustentable que celebra la identidad, la historia y el alma de M\u00e9xico.<\/em><em><\/em><\/p>\n","protected":false},"excerpt":{"rendered":"<p>Cada a\u00f1o, del 31 de octubre al 2 de noviembre, todo&nbsp;M\u00e9xico se llena de color, aroma y tradici\u00f3n. El D\u00eda de Muertos, una de las celebraciones&nbsp;Mas emblem\u00e1ticas del pa\u00eds y reconocida por la UNESCO como Patrimonio Cultural&nbsp;Inmaterial de la Humanidad, es una expresi\u00f3n \u00fanica que combina misticismo, arte popular&nbsp;y amor por la memoria de quienes [&hellip;]<\/p>\n","protected":false},"author":1,"featured_media":0,"comment_status":"open","ping_status":"closed","sticky":false,"template":"","format":"standard","meta":{"om_disable_all_campaigns":false,"jnews-multi-image_gallery":[],"jnews_single_post":{"format":"standard"},"jnews_primary_category":[],"jnews_social_meta":[],"footnotes":""},"categories":[40],"tags":[],"class_list":["post-1058933","post","type-post","status-publish","format-standard","hentry","category-industria"],"_links":{"self":[{"href":"https:\/\/dimensionturistica.com\/es\/wp-json\/wp\/v2\/posts\/1058933","targetHints":{"allow":["GET"]}}],"collection":[{"href":"https:\/\/dimensionturistica.com\/es\/wp-json\/wp\/v2\/posts"}],"about":[{"href":"https:\/\/dimensionturistica.com\/es\/wp-json\/wp\/v2\/types\/post"}],"author":[{"embeddable":true,"href":"https:\/\/dimensionturistica.com\/es\/wp-json\/wp\/v2\/users\/1"}],"replies":[{"embeddable":true,"href":"https:\/\/dimensionturistica.com\/es\/wp-json\/wp\/v2\/comments?post=1058933"}],"version-history":[{"count":1,"href":"https:\/\/dimensionturistica.com\/es\/wp-json\/wp\/v2\/posts\/1058933\/revisions"}],"predecessor-version":[{"id":1058948,"href":"https:\/\/dimensionturistica.com\/es\/wp-json\/wp\/v2\/posts\/1058933\/revisions\/1058948"}],"wp:attachment":[{"href":"https:\/\/dimensionturistica.com\/es\/wp-json\/wp\/v2\/media?parent=1058933"}],"wp:term":[{"taxonomy":"category","embeddable":true,"href":"https:\/\/dimensionturistica.com\/es\/wp-json\/wp\/v2\/categories?post=1058933"},{"taxonomy":"post_tag","embeddable":true,"href":"https:\/\/dimensionturistica.com\/es\/wp-json\/wp\/v2\/tags?post=1058933"}],"curies":[{"name":"wp","href":"https:\/\/api.w.org\/{rel}","templated":true}]}}