{"id":1058777,"date":"2025-10-10T13:59:38","date_gmt":"2025-10-10T13:59:38","guid":{"rendered":"https:\/\/dimensionturistica.com\/es\/?p=1058777"},"modified":"2025-10-10T13:59:38","modified_gmt":"2025-10-10T13:59:38","slug":"suecia-establece-un-programa-pionero-que-permite-a-medicos-prescribir-viajes-para-mejorar-la-salud-mental","status":"publish","type":"post","link":"https:\/\/dimensionturistica.com\/es\/suecia-establece-un-programa-pionero-que-permite-a-medicos-prescribir-viajes-para-mejorar-la-salud-mental\/","title":{"rendered":"Suecia establece un programa pionero que permite a m\u00e9dicos &#8220;prescribir&#8221; viajes para mejorar la salud mental."},"content":{"rendered":"<h3>Suecia: Un Viaje de Salud Mental<\/h3>\n<p>En un mundo cada vez m\u00e1s agitado y lleno de estr\u00e9s, Suecia se posiciona a la vanguardia de una innovadora e inspiradora iniciativa: permitir que los m\u00e9dicos prescriban viajes como parte del tratamiento para la salud mental. Este enfoque revolucionario se ha implementado con la esperanza de ofrecer a los pacientes una alternativa terap\u00e9utica que trascienda los l\u00edmites de la consulta tradicional y que, a la vez, abrace el poder de la naturaleza y la experiencia cultural.<\/p>\n<p>Imagina poder dejar atr\u00e1s la rutina diaria y sumergirte en un entorno que no solo promueve el bienestar, sino que lo convierte en una prioridad. En Suecia, los m\u00e9dicos han comenzado a recetar escapadas a la naturaleza, estancias en caba\u00f1as acogedoras en medio del bosque, o d\u00edas de exploraci\u00f3n por la costa escarpada. Esta pr\u00e1ctica no solo busca aliviar s\u00edntomas de ansiedad o depresi\u00f3n, sino tambi\u00e9n revitalizar el esp\u00edritu y ofrecer un nuevo enfoque a la salud mental.<\/p>\n<p>La conexi\u00f3n con la naturaleza es fundamental en esta propuesta. Numerosos estudios han demostrado que pasar tiempo al aire libre, rodeado de paisajes id\u00edlicos, puede reducir el estr\u00e9s y aumentar la creatividad. Desde los extensos bosques de madera de pino hasta los lagos cristalinos como el de V\u00e4nern, los suecos tienen a su disposici\u00f3n un entorno ideal para la desconexi\u00f3n y la introspecci\u00f3n.<\/p>\n<p>El componente social tambi\u00e9n juega un papel crucial. Al promover viajes grupales o familiares, se busca no solo el bienestar individual, sino tambi\u00e9n fortalecer los lazos comunitarios y las relaciones interpersonales. Estas experiencias compartidas pueden proporcionar un apoyo emocional invaluable, fomentando un sentido de pertenencia y solidaridad entre los participantes.<\/p>\n<p>Adem\u00e1s, esta iniciativa se alinea perfectamente con la cultura sueca del &#8220;friluftsliv&#8221;, que significa &#8220;vida al aire libre&#8221;. Este concepto, arraigado en la sociedad, invita a disfrutar de la naturaleza y a encontrar en ella un refugio. La filosof\u00eda del friluftsliv promueve un estilo de vida saludable, equilibrado y conectado con el entorno, valores que son especialmente necesarios en un mundo tan urbano y vertiginoso.<\/p>\n<p>No obstante, este enfoque innovador no se limita \u00fanicamente a viajes al aire libre. Tambi\u00e9n se contempla la idea de explorar nuevas culturas a trav\u00e9s de experiencias inmersivas. Desde talleres de cocina tradicional hasta festivales locales, los pacientes pueden ser alentados a vivir la diversidad cultural que Suecia ofrece, lo que puede enriquecer su perspectiva y abrir nuevas puertas a su bienestar emocional.<\/p>\n<p>A medida que m\u00e1s pa\u00edses comiencen a observar este modelo, Suecia podr\u00eda convertirse en un faro de esperanza. Este enfoque interdisciplinario ayuda a repensar lo que constituye la salud y el bienestar, y demuestra que a veces el mejor tratamiento no se encuentra en p\u00edldoras, sino en la naturaleza, la cultura y la experiencia compartida.<\/p>\n<p>En resumen, la iniciativa sueca de prescribir viajes como medio de sanaci\u00f3n mental es una invitaci\u00f3n abierta a reconsiderar c\u00f3mo abordamos la salud y el bienestar. En un mundo que avanza r\u00e1pidamente, regresar a lo esencial, a la conexi\u00f3n con el entorno y con los dem\u00e1s, podr\u00eda ser la clave para una vida m\u00e1s plena y equilibrada. De esta manera, Suecia est\u00e1 liderando un camino innovador que no solo trata la enfermedad, sino que restaura la calidad de vida de manera hol\u00edstica y sostenible.<\/p>\n<p><em> &#8221; Fuentes noticiasdeaqui.co &#8221; <\/em><\/p>\n","protected":false},"excerpt":{"rendered":"<p>Suecia: Un Viaje de Salud Mental En un mundo cada vez m\u00e1s agitado y lleno de estr\u00e9s, Suecia se posiciona a la vanguardia de una innovadora e inspiradora iniciativa: permitir que los m\u00e9dicos prescriban viajes como parte del tratamiento para la salud mental. Este enfoque revolucionario se ha implementado con la esperanza de ofrecer a [&hellip;]<\/p>\n","protected":false},"author":4,"featured_media":1058778,"comment_status":"open","ping_status":"closed","sticky":false,"template":"","format":"standard","meta":{"om_disable_all_campaigns":false,"jnews-multi-image_gallery":[],"jnews_single_post":[],"jnews_primary_category":[],"jnews_social_meta":[],"footnotes":""},"categories":[39],"tags":[9899,775,3315,705,200075,252003,3180,8629,545],"class_list":["post-1058777","post","type-post","status-publish","format-standard","has-post-thumbnail","hentry","category-viajes","tag-bienestar","tag-innovacion","tag-medicina","tag-noticias","tag-politica-de-salud","tag-prescripcion","tag-salud-mental","tag-suecia","tag-viajes"],"_links":{"self":[{"href":"https:\/\/dimensionturistica.com\/es\/wp-json\/wp\/v2\/posts\/1058777","targetHints":{"allow":["GET"]}}],"collection":[{"href":"https:\/\/dimensionturistica.com\/es\/wp-json\/wp\/v2\/posts"}],"about":[{"href":"https:\/\/dimensionturistica.com\/es\/wp-json\/wp\/v2\/types\/post"}],"author":[{"embeddable":true,"href":"https:\/\/dimensionturistica.com\/es\/wp-json\/wp\/v2\/users\/4"}],"replies":[{"embeddable":true,"href":"https:\/\/dimensionturistica.com\/es\/wp-json\/wp\/v2\/comments?post=1058777"}],"version-history":[{"count":1,"href":"https:\/\/dimensionturistica.com\/es\/wp-json\/wp\/v2\/posts\/1058777\/revisions"}],"predecessor-version":[{"id":1058779,"href":"https:\/\/dimensionturistica.com\/es\/wp-json\/wp\/v2\/posts\/1058777\/revisions\/1058779"}],"wp:featuredmedia":[{"embeddable":true,"href":"https:\/\/dimensionturistica.com\/es\/wp-json\/wp\/v2\/media\/1058778"}],"wp:attachment":[{"href":"https:\/\/dimensionturistica.com\/es\/wp-json\/wp\/v2\/media?parent=1058777"}],"wp:term":[{"taxonomy":"category","embeddable":true,"href":"https:\/\/dimensionturistica.com\/es\/wp-json\/wp\/v2\/categories?post=1058777"},{"taxonomy":"post_tag","embeddable":true,"href":"https:\/\/dimensionturistica.com\/es\/wp-json\/wp\/v2\/tags?post=1058777"}],"curies":[{"name":"wp","href":"https:\/\/api.w.org\/{rel}","templated":true}]}}