{"id":1058654,"date":"2025-10-10T10:22:43","date_gmt":"2025-10-10T10:22:43","guid":{"rendered":"https:\/\/dimensionturistica.com\/es\/?p=1058654"},"modified":"2025-10-10T10:22:43","modified_gmt":"2025-10-10T10:22:43","slug":"pangea-conmemora-una-decada-de-aventuras-en-una-magica-gala-en-madrid","status":"publish","type":"post","link":"https:\/\/dimensionturistica.com\/es\/pangea-conmemora-una-decada-de-aventuras-en-una-magica-gala-en-madrid\/","title":{"rendered":"Pangea conmemora una d\u00e9cada de aventuras en una m\u00e1gica gala en Madrid."},"content":{"rendered":"<p><strong>Un Viaje por una D\u00e9cada: Celebrando Pangea en Madrid<\/strong><\/p>\n<p>Madrid se convirti\u00f3 recientemente en el epicentro de la celebraci\u00f3n de una de las agencias de viajes m\u00e1s innovadoras del pa\u00eds, Pangea. En una gala m\u00e1gica que conmemor\u00f3 diez a\u00f1os de experiencias y aventuras, se dieron cita viajeros, profesionales del sector tur\u00edstico y personalidades influyentes, todos unidos por la pasi\u00f3n de explorar el mundo.<\/p>\n<p>El evento, realizado en un sofisticado ambiente, no solo celebr\u00f3 el pasado, sino que tambi\u00e9n mir\u00f3 hacia el futuro del turismo. Pangea ha revolucionado la forma en la que los viajeros planifican sus escapadas, ofreciendo no solo paquetes tur\u00edsticos, sino un inmenso repertorio de destinos y experiencias personalizadas.<\/p>\n<p>Durante la velada, se compartieron relatos inspiradores y an\u00e9cdotas que reflejan la filosof\u00eda de la agencia: cada viaje debe ser \u00fanico, dise\u00f1ado a la medida de los deseos y sue\u00f1os de cada viajero. Una serie de ponencias y actividades interactivas sumergieron a los asistentes en un mundo de posibilidades.<\/p>\n<p>Uno de los aspectos m\u00e1s sorprendentes de la gala fue la interacci\u00f3n con distintos destinos a trav\u00e9s de talleres sensoriales, donde los asistentes pudieron disfrutar de sabores, olores y sonidos de culturas lejanas, promoviendo una conexi\u00f3n m\u00e1s profunda con el acto de viajar. Este enfoque hol\u00edstico sobre el turismo resalta la importancia de no solo conocer un lugar, sino de vivirlo en todas sus dimensiones.<\/p>\n<p>Adem\u00e1s, la celebraci\u00f3n cont\u00f3 con la participaci\u00f3n de reconocidos oradores del sector que ofrecieron perspectivas sobre las tendencias futuras en los viajes, destacando la necesidad de un turismo sostenible y responsable. Un tema relevante que reson\u00f3 entre los asistentes, resaltando el compromiso de Pangea con la preservaci\u00f3n de los destinos y el respeto hacia las comunidades locales.<\/p>\n<p>La gala culmin\u00f3 con una emocionante entrega de premios que reconoci\u00f3 a aquellos que han contribuido al \u00e9xito de la agencia en su primera d\u00e9cada. Este reconocimiento no solo celebr\u00f3 logros individuales, sino que tambi\u00e9n destac\u00f3 el valor del trabajo en equipo y la colaboraci\u00f3n en el mundo del turismo.<\/p>\n<p>El evento dej\u00f3 una huella indeleble en cada uno de los presentes, record\u00e1ndoles que la esencia de los viajes reside en la conexi\u00f3n humana y las historias que se crean a lo largo del camino. Pangea, con su visi\u00f3n audaz y su enfoque centrado en el cliente, se posiciona no solo como una agencia de viajes, sino como un verdadero compa\u00f1ero de aventuras.<\/p>\n<p>A medida que entramos en una nueva era de viajes, con un enfoque renovado hacia la sostenibilidad y la experiencia significativa, no cabe duda de que la pr\u00f3xima d\u00e9cada de Pangea estar\u00e1 llena de nuevas historias que contar y destinos por descubrir. Sin lugar a dudas, su emblem\u00e1tica celebraci\u00f3n fue solo el inicio de un viaje a\u00fan m\u00e1s emocionante.<\/p>\n<p><em> &#8221; Fuentes gacetadelturismo.com &#8221; <\/em><\/p>\n","protected":false},"excerpt":{"rendered":"<p>Un Viaje por una D\u00e9cada: Celebrando Pangea en Madrid Madrid se convirti\u00f3 recientemente en el epicentro de la celebraci\u00f3n de una de las agencias de viajes m\u00e1s innovadoras del pa\u00eds, Pangea. En una gala m\u00e1gica que conmemor\u00f3 diez a\u00f1os de experiencias y aventuras, se dieron cita viajeros, profesionales del sector tur\u00edstico y personalidades influyentes, todos [&hellip;]<\/p>\n","protected":false},"author":4,"featured_media":1058655,"comment_status":"open","ping_status":"closed","sticky":false,"template":"","format":"standard","meta":{"om_disable_all_campaigns":false,"jnews-multi-image_gallery":[],"jnews_single_post":[],"jnews_primary_category":[],"jnews_social_meta":[],"footnotes":""},"categories":[39],"tags":[1118,2448,94893,723,25759,24551,700,1234,544,545],"class_list":["post-1058654","post","type-post","status-publish","format-standard","has-post-thumbnail","hentry","category-viajes","tag-aniversario","tag-celebracion","tag-diez-anos","tag-evento","tag-gala","tag-inolvidable","tag-madrid","tag-pangea","tag-turismo","tag-viajes"],"_links":{"self":[{"href":"https:\/\/dimensionturistica.com\/es\/wp-json\/wp\/v2\/posts\/1058654","targetHints":{"allow":["GET"]}}],"collection":[{"href":"https:\/\/dimensionturistica.com\/es\/wp-json\/wp\/v2\/posts"}],"about":[{"href":"https:\/\/dimensionturistica.com\/es\/wp-json\/wp\/v2\/types\/post"}],"author":[{"embeddable":true,"href":"https:\/\/dimensionturistica.com\/es\/wp-json\/wp\/v2\/users\/4"}],"replies":[{"embeddable":true,"href":"https:\/\/dimensionturistica.com\/es\/wp-json\/wp\/v2\/comments?post=1058654"}],"version-history":[{"count":1,"href":"https:\/\/dimensionturistica.com\/es\/wp-json\/wp\/v2\/posts\/1058654\/revisions"}],"predecessor-version":[{"id":1058656,"href":"https:\/\/dimensionturistica.com\/es\/wp-json\/wp\/v2\/posts\/1058654\/revisions\/1058656"}],"wp:featuredmedia":[{"embeddable":true,"href":"https:\/\/dimensionturistica.com\/es\/wp-json\/wp\/v2\/media\/1058655"}],"wp:attachment":[{"href":"https:\/\/dimensionturistica.com\/es\/wp-json\/wp\/v2\/media?parent=1058654"}],"wp:term":[{"taxonomy":"category","embeddable":true,"href":"https:\/\/dimensionturistica.com\/es\/wp-json\/wp\/v2\/categories?post=1058654"},{"taxonomy":"post_tag","embeddable":true,"href":"https:\/\/dimensionturistica.com\/es\/wp-json\/wp\/v2\/tags?post=1058654"}],"curies":[{"name":"wp","href":"https:\/\/api.w.org\/{rel}","templated":true}]}}