{"id":1058610,"date":"2025-10-10T08:26:22","date_gmt":"2025-10-10T08:26:22","guid":{"rendered":"https:\/\/dimensionturistica.com\/es\/?p=1058610"},"modified":"2025-10-10T08:26:22","modified_gmt":"2025-10-10T08:26:22","slug":"mocasines-intermedios-el-calzado-perfecto-para-la-transicion-otonal-2025","status":"publish","type":"post","link":"https:\/\/dimensionturistica.com\/es\/mocasines-intermedios-el-calzado-perfecto-para-la-transicion-otonal-2025\/","title":{"rendered":"Mocasines intermedios: el calzado perfecto para la transici\u00f3n oto\u00f1al 2025."},"content":{"rendered":"<h3>El Retorno de los Tacones Intermedios: Estilo y Comodidad para el Oto\u00f1o 2025<\/h3>\n<p>Con la llegada de las temperaturas frescas, los armarios se transforman para adaptarse a la nueva temporada. En este contexto, los zapatos y mocasines de tac\u00f3n intermedio se posicionan como una de las tendencias m\u00e1s destacadas para el oto\u00f1o de 2025. A continuaci\u00f3n, exploramos c\u00f3mo integrar esta vers\u00e1til opci\u00f3n en tu guardarropa, combinando elegancia y funcionalidad.<\/p>\n<h4>Un Cl\u00e1sico Moderno<\/h4>\n<p>Los tacones intermedios, situados entre los estilos m\u00e1s bajos y los altos, ofrecen un equilibrio perfecto entre comodidad y estilo. Este tipo de calzado ha sido renovado con detalles contempor\u00e1neos, lo que les permite adaptarse tanto a un ambiente laboral como a eventos m\u00e1s casuales. Los dise\u00f1adores apuestan por acabados en cuero, detalles met\u00e1licos y texturas interesantes que elevan el conjunto.<\/p>\n<h4>Combinaciones Clave para el Estilo Oto\u00f1al<\/h4>\n<p><strong>1. Con Pantalones Anchos:<\/strong><br \/>\nLos pantalones de pierna ancha son un must-have de la temporada. Al combinarlos con mocasines de tac\u00f3n intermedio, se crea un look que alarga visualmente las piernas. Opta por colores neutros en el calzado para mantener la armon\u00eda, o elige una tonalidad llamativa para a\u00f1adir un punto de inter\u00e9s.<\/p>\n<p><strong>2. Vestidos Midi y Tacones:<\/strong><br \/>\nLos vestidos midi se convierten en una opci\u00f3n ideal para lucir con tacones intermedios. Este tipo de calzado resalta la figura sin perder la comodidad. \u00bfLa clave? A\u00f1adir una chaqueta de cuero o un abrigo de lana que complemente el outfit, logrando una mezcla de texturas y estilos.<\/p>\n<p><strong>3. Falda L\u00e1piz y Estilo Chic:<\/strong><br \/>\nPara las ocasiones m\u00e1s formales, las faldas l\u00e1piz se combinan estupendamente con estos tacones. Al llevar una blusa de seda o un su\u00e9ter ligero, se logra un aspecto sofisticado. Este look es perfecto tanto para d\u00edas de oficina como para cenas.<\/p>\n<h4>Colores y Texturas Oto\u00f1ales<\/h4>\n<p>Este oto\u00f1o, los tonos tierra, burdeos y verdes oliva est\u00e1n en el centro de atenci\u00f3n. Los zapatos en estas paletas no solo son elegantes, sino que tambi\u00e9n se integran bien con las tendencias de moda actuales. Las texturas, como el ante y el charol, a\u00f1aden un toque de sofisticaci\u00f3n y ayudan a personalizar cualquier conjunto.<\/p>\n<h4>Sostenibilidad y Estilo<\/h4>\n<p>Cada vez m\u00e1s, la moda sostenible se convierte en un aspecto vital a tener en cuenta. Marcas que utilizan materiales reciclados y pr\u00e1cticas \u00e9ticas en la producci\u00f3n de calzado est\u00e1n ganando terreno en el mercado. Elegir tacones de marcas responsables no solo mejora tu armario, sino que tambi\u00e9n apoya un cambio positivo en la industria de la moda.<\/p>\n<h4>Conclusiones<\/h4>\n<p>Los zapatos y mocasines de tac\u00f3n intermedio son la revoluci\u00f3n que tu vestuario necesita para enfrentar el oto\u00f1o de 2025. Con su versatilidad y estilo, se convierten en un elemento b\u00e1sico que toda fashionista deber\u00eda considerar. Al incorporar esta tendencia, no solo te mantendr\u00e1s a la vanguardia de la moda, sino que tambi\u00e9n disfrutar\u00e1s de un calzado que prioriza la comodidad en cada paso. \u00a1Prep\u00e1rate para marcar tendencia esta temporada!<\/p>\n<p><em> &#8221; Fuentes www.vogue.mx &#8221; <\/em><\/p>\n","protected":false},"excerpt":{"rendered":"<p>El Retorno de los Tacones Intermedios: Estilo y Comodidad para el Oto\u00f1o 2025 Con la llegada de las temperaturas frescas, los armarios se transforman para adaptarse a la nueva temporada. En este contexto, los zapatos y mocasines de tac\u00f3n intermedio se posicionan como una de las tendencias m\u00e1s destacadas para el oto\u00f1o de 2025. A [&hellip;]<\/p>\n","protected":false},"author":14,"featured_media":1058611,"comment_status":"open","ping_status":"closed","sticky":false,"template":"","format":"standard","meta":{"om_disable_all_campaigns":false,"jnews-multi-image_gallery":[],"jnews_single_post":[],"jnews_primary_category":[],"jnews_social_meta":[],"footnotes":""},"categories":[144872],"tags":[40458,7758,251964,200527,659,191169,203269,1252,1656,16753,200991],"class_list":["post-1058610","post","type-post","status-publish","format-standard","has-post-thumbnail","hentry","category-fashion","tag-calzado","tag-estilo","tag-intermedios","tag-mocasines","tag-moda","tag-otono-2025","tag-otono-invierno-2025","tag-tendencia","tag-transicion","tag-zapatos","tag-zapatos-tacon-bajo"],"_links":{"self":[{"href":"https:\/\/dimensionturistica.com\/es\/wp-json\/wp\/v2\/posts\/1058610","targetHints":{"allow":["GET"]}}],"collection":[{"href":"https:\/\/dimensionturistica.com\/es\/wp-json\/wp\/v2\/posts"}],"about":[{"href":"https:\/\/dimensionturistica.com\/es\/wp-json\/wp\/v2\/types\/post"}],"author":[{"embeddable":true,"href":"https:\/\/dimensionturistica.com\/es\/wp-json\/wp\/v2\/users\/14"}],"replies":[{"embeddable":true,"href":"https:\/\/dimensionturistica.com\/es\/wp-json\/wp\/v2\/comments?post=1058610"}],"version-history":[{"count":1,"href":"https:\/\/dimensionturistica.com\/es\/wp-json\/wp\/v2\/posts\/1058610\/revisions"}],"predecessor-version":[{"id":1058612,"href":"https:\/\/dimensionturistica.com\/es\/wp-json\/wp\/v2\/posts\/1058610\/revisions\/1058612"}],"wp:featuredmedia":[{"embeddable":true,"href":"https:\/\/dimensionturistica.com\/es\/wp-json\/wp\/v2\/media\/1058611"}],"wp:attachment":[{"href":"https:\/\/dimensionturistica.com\/es\/wp-json\/wp\/v2\/media?parent=1058610"}],"wp:term":[{"taxonomy":"category","embeddable":true,"href":"https:\/\/dimensionturistica.com\/es\/wp-json\/wp\/v2\/categories?post=1058610"},{"taxonomy":"post_tag","embeddable":true,"href":"https:\/\/dimensionturistica.com\/es\/wp-json\/wp\/v2\/tags?post=1058610"}],"curies":[{"name":"wp","href":"https:\/\/api.w.org\/{rel}","templated":true}]}}