{"id":105860,"date":"2021-04-01T08:31:21","date_gmt":"2021-04-01T08:31:21","guid":{"rendered":"https:\/\/dimensionturistica.com\/es\/?p=105860"},"modified":"2021-04-01T08:31:21","modified_gmt":"2021-04-01T08:31:21","slug":"reabren-los-cruceros-en-los-arribes-del-duero-desde-el-paso-de-la-campana-con-gran-afluencia-de-turistas","status":"publish","type":"post","link":"https:\/\/dimensionturistica.com\/es\/reabren-los-cruceros-en-los-arribes-del-duero-desde-el-paso-de-la-campana-con-gran-afluencia-de-turistas\/","title":{"rendered":"Reabren los cruceros en los Arribes del Duero desde el Paso de la Campana con gran afluencia de turistas"},"content":{"rendered":"<p> <br \/>\n<\/p>\n<div id=\"article_content\">\n<p>Europarques, la empresa que lleva 27 a\u00f1os gestionando los cruceros ambientales por los Arribes del Duero, ha reabierto esta semana semana su actividad despu\u00e9s de varios meses cerrada como consecuencia del coronavirus, aunque solo se puede embarcar desde Espa\u00f1a, a trav\u00e9s del antiguo Paso de la Campana, junto a la Aduana de Torregamones.<\/p>\n<p>David de Salvador, coordinador de Europarques, asegur\u00f3 que la afluencia de turistas les est\u00e1 sorprendiendo y destac\u00f3 que varios de los centros de turismo rural de la comarca ya les han solicitado que mantengan la actividad.<\/p>\n<p>De Salvador explic\u00f3 que, aunque podr\u00eda mantener el aforo de los cruceros al completo, con 150 pasajeros, la empresa ha decidido restringir el n\u00famero de plazas a un tercio con el fin de evitar aglomeraciones en el sendero de acceso al Paso de la Campana, por donde hay que caminar unos 20 minutos.<\/p>\n<p>Estos cruceros, para los que los tickets se deben adquirir previamente en la p\u00e1gina internet de la empresa (www.europarques.com), permite navegar en aguas internacionales sin salir de Castilla y Le\u00f3n, seg\u00fan explic\u00f3 De Salvador, quien se\u00f1al\u00f3 que espera recuperar la normalidad de la actividad, dentro de las restricciones de la pandemia, el pr\u00f3ximo d\u00eda 6 de abril, cuando se reabra la frontera.<\/p>\n<p>Adem\u00e1s del crucero de los Arribes del Duero, que ofrece una interpretaci\u00f3n del ca\u00f1on, Europarques tambi\u00e9n oferta un crucero en el lago de Sanabria, en el que se hace una interpretaci\u00f3n de la vida subacu\u00e1tica. Los recursos generados por ambos cruceros se destinan a financiar la Estaci\u00f3n Biol\u00f3gica Internacional, que desarrolla su\u00a0actividad principal\u00a0en las cuatro \u00e1reas protegidas integradas\u00a0en la Reserva de la Biosfera Transfronteriza de la Unesco \u2018Meseta Ib\u00e9rica\u2019: en Espa\u00f1a, los parques naturales de Arribes de Duero y Lago de Sanabria y en Portugal, en los parques naturales Douro Internacional y Montesinhos.<\/p>\n<\/p><\/div>\n\n<p><em> &#8221; Fuentes www.zamora24horas.com &#8221; <\/em><\/p>\n","protected":false},"excerpt":{"rendered":"<p>Europarques, la empresa que lleva 27 a\u00f1os gestionando los cruceros ambientales por los Arribes del Duero, ha reabierto esta semana semana su actividad despu\u00e9s de varios meses cerrada como consecuencia del coronavirus, aunque solo se puede embarcar desde Espa\u00f1a, a trav\u00e9s del antiguo Paso de la Campana, junto a la Aduana de Torregamones. David de [&hellip;]<\/p>\n","protected":false},"author":4,"featured_media":105861,"comment_status":"open","ping_status":"closed","sticky":false,"template":"","format":"standard","meta":{"om_disable_all_campaigns":false,"jnews-multi-image_gallery":[],"jnews_single_post":[],"jnews_primary_category":[],"jnews_social_meta":[],"footnotes":""},"categories":[41],"tags":[],"class_list":["post-105860","post","type-post","status-publish","format-standard","has-post-thumbnail","hentry","category-cruceros"],"_links":{"self":[{"href":"https:\/\/dimensionturistica.com\/es\/wp-json\/wp\/v2\/posts\/105860","targetHints":{"allow":["GET"]}}],"collection":[{"href":"https:\/\/dimensionturistica.com\/es\/wp-json\/wp\/v2\/posts"}],"about":[{"href":"https:\/\/dimensionturistica.com\/es\/wp-json\/wp\/v2\/types\/post"}],"author":[{"embeddable":true,"href":"https:\/\/dimensionturistica.com\/es\/wp-json\/wp\/v2\/users\/4"}],"replies":[{"embeddable":true,"href":"https:\/\/dimensionturistica.com\/es\/wp-json\/wp\/v2\/comments?post=105860"}],"version-history":[{"count":0,"href":"https:\/\/dimensionturistica.com\/es\/wp-json\/wp\/v2\/posts\/105860\/revisions"}],"wp:featuredmedia":[{"embeddable":true,"href":"https:\/\/dimensionturistica.com\/es\/wp-json\/wp\/v2\/media\/105861"}],"wp:attachment":[{"href":"https:\/\/dimensionturistica.com\/es\/wp-json\/wp\/v2\/media?parent=105860"}],"wp:term":[{"taxonomy":"category","embeddable":true,"href":"https:\/\/dimensionturistica.com\/es\/wp-json\/wp\/v2\/categories?post=105860"},{"taxonomy":"post_tag","embeddable":true,"href":"https:\/\/dimensionturistica.com\/es\/wp-json\/wp\/v2\/tags?post=105860"}],"curies":[{"name":"wp","href":"https:\/\/api.w.org\/{rel}","templated":true}]}}