{"id":1058580,"date":"2025-10-10T06:51:39","date_gmt":"2025-10-10T06:51:39","guid":{"rendered":"https:\/\/dimensionturistica.com\/es\/?p=1058580"},"modified":"2025-10-10T06:51:39","modified_gmt":"2025-10-10T06:51:39","slug":"increible-kris-jenner-da-un-giro-radical-con-un-moderno-corte-bob-y-flequillo-rubio-a-sus-60-anos","status":"publish","type":"post","link":"https:\/\/dimensionturistica.com\/es\/increible-kris-jenner-da-un-giro-radical-con-un-moderno-corte-bob-y-flequillo-rubio-a-sus-60-anos\/","title":{"rendered":"\u00a1Incre\u00edble! Kris Jenner da un giro radical con un moderno corte bob y flequillo rubio a sus 60 a\u00f1os."},"content":{"rendered":"<h3>La Revoluci\u00f3n del Corte Bob: Tendencias en Rubio Inspiradas por Iconos de Estilo<\/h3>\n<p>El corte bob se ha convertido en un cl\u00e1sico atemporal en el mundo de la moda y la belleza, pero este a\u00f1o, ha resurgido con una frescura y audacia que lo hacen irresistible. Cada vez m\u00e1s, celebridades y figuras del espect\u00e1culo est\u00e1n optando por este estilo, especialmente en tonos rubios que aportan luminosidad y sofisticaci\u00f3n. Aqu\u00ed te mostramos c\u00f3mo adoptar el corte bob en rubio, siguiendo los pasos de las grandes exponentes de la moda.<\/p>\n<h4>1. <strong>El Corte Perfecto: Claves para un Bob Sofisticado<\/strong><\/h4>\n<p>El primer paso para lograr este look es, sin duda, encontrar al estilista adecuado. Un bob bien ejecutado puede variar desde un estilo pixie corto hasta un bob largo que roce los hombros. La clave est\u00e1 en elegir una longitud que se adapte a la forma de tu rostro. Un bob asim\u00e9trico, por ejemplo, puede agregar un toque moderno y din\u00e1mico a tu apariencia.<\/p>\n<h4>2. <strong>El Color que Brilla: Rubio Radiante<\/strong><\/h4>\n<p>El color rubio es el protagonista indiscutible en esta tendencia. Desde los rubios platinados hasta los tonos caramelo, hay una opci\u00f3n para cada tipo de piel. La t\u00e9cnica de balayage se ha popularizado especialmente, ya que a\u00f1ade dimensi\u00f3n y luminosidad, permitiendo que el cabello luzca m\u00e1s saludable y lleno de vida. <\/p>\n<h4>3. <strong>Estilos y Texturas: Versatilidad del Bob<\/strong><\/h4>\n<p>El corte bob no solo es chic, sino que tambi\u00e9n es extremadamente vers\u00e1til. Puedes optar por un acabado liso y pulido para un look elegante, perfecto para una noche especial, o un acabado texturizado para el d\u00eda a d\u00eda, que a\u00f1ade un aire desenfadado y casual. Los productos de peinado, como los sprays de sal marina o las cremas de textura, son tus mejores aliados para conseguir ese efecto \u2018despeinado\u2019 tan deseado.<\/p>\n<h4>4. <strong>El Accesorio Ideal: Complementos para Brillar<\/strong><\/h4>\n<p>Un gran aliado de esta tendencia es el uso de accesorios. Los headbands, horquillas elaboradas y diademas pueden elevar tu corte bob, aportando un toque personal y distintivo. Apuesta por los metales, las perlas o incluso las cintas de terciopelo para conseguir un estilo \u00fanico y contempor\u00e1neo.<\/p>\n<h4>5. <strong>Cuidado Esencial: Mant\u00e9n tu Bob en Perfecto Estado<\/strong><\/h4>\n<p>Una vez que hayas logrado el corte y el color deseado, es imprescindible mantenerlo. Invertir en productos de calidad para el cuidado del cabello asegura que tu rubio luzca vibrante y tu bob mantenga su forma. Los tratamientos de hidrataci\u00f3n profunda y los sprays protectores del calor son clave para mantener la salud de tu cabello.<\/p>\n<h3>Conclusi\u00f3n: El Bob como Declaraci\u00f3n de Estilo<\/h3>\n<p>El corte bob en color rubio no es solo una elecci\u00f3n de moda; es una declaraci\u00f3n de estilo que destaca la confianza y la personalidad. Con la t\u00e9cnica adecuada y los cuidados necesarios, esta tendencia se puede adaptar a diferentes estilos y ocasiones, permitiendo a cada persona expresar su singularidad de manera aut\u00e9ntica. Atr\u00e9vete a dar el salto y transforma tu look con este estilo emblem\u00e1tico que nunca pasa de moda.<\/p>\n<p><em> &#8221; Fuentes www.vogue.mx &#8221; <\/em><\/p>\n","protected":false},"excerpt":{"rendered":"<p>La Revoluci\u00f3n del Corte Bob: Tendencias en Rubio Inspiradas por Iconos de Estilo El corte bob se ha convertido en un cl\u00e1sico atemporal en el mundo de la moda y la belleza, pero este a\u00f1o, ha resurgido con una frescura y audacia que lo hacen irresistible. Cada vez m\u00e1s, celebridades y figuras del espect\u00e1culo est\u00e1n [&hellip;]<\/p>\n","protected":false},"author":14,"featured_media":1058581,"comment_status":"open","ping_status":"closed","sticky":false,"template":"","format":"standard","meta":{"om_disable_all_campaigns":false,"jnews-multi-image_gallery":[],"jnews_single_post":[],"jnews_primary_category":[],"jnews_social_meta":[],"footnotes":""},"categories":[144872],"tags":[11558,208025,6446,223512,251949,200508,7758,231236,5981,29752,659,251948,203269,9923],"class_list":["post-1058580","post","type-post","status-publish","format-standard","has-post-thumbnail","hentry","category-fashion","tag-11558","tag-bob","tag-celebridades","tag-color-de-cabello","tag-color-rubio","tag-cortes-de-cabello","tag-estilo","tag-fleco","tag-kim-kardashian","tag-kris-jenner","tag-moda","tag-nuevo-corte","tag-otono-invierno-2025","tag-sorpresa"],"_links":{"self":[{"href":"https:\/\/dimensionturistica.com\/es\/wp-json\/wp\/v2\/posts\/1058580","targetHints":{"allow":["GET"]}}],"collection":[{"href":"https:\/\/dimensionturistica.com\/es\/wp-json\/wp\/v2\/posts"}],"about":[{"href":"https:\/\/dimensionturistica.com\/es\/wp-json\/wp\/v2\/types\/post"}],"author":[{"embeddable":true,"href":"https:\/\/dimensionturistica.com\/es\/wp-json\/wp\/v2\/users\/14"}],"replies":[{"embeddable":true,"href":"https:\/\/dimensionturistica.com\/es\/wp-json\/wp\/v2\/comments?post=1058580"}],"version-history":[{"count":1,"href":"https:\/\/dimensionturistica.com\/es\/wp-json\/wp\/v2\/posts\/1058580\/revisions"}],"predecessor-version":[{"id":1058582,"href":"https:\/\/dimensionturistica.com\/es\/wp-json\/wp\/v2\/posts\/1058580\/revisions\/1058582"}],"wp:featuredmedia":[{"embeddable":true,"href":"https:\/\/dimensionturistica.com\/es\/wp-json\/wp\/v2\/media\/1058581"}],"wp:attachment":[{"href":"https:\/\/dimensionturistica.com\/es\/wp-json\/wp\/v2\/media?parent=1058580"}],"wp:term":[{"taxonomy":"category","embeddable":true,"href":"https:\/\/dimensionturistica.com\/es\/wp-json\/wp\/v2\/categories?post=1058580"},{"taxonomy":"post_tag","embeddable":true,"href":"https:\/\/dimensionturistica.com\/es\/wp-json\/wp\/v2\/tags?post=1058580"}],"curies":[{"name":"wp","href":"https:\/\/api.w.org\/{rel}","templated":true}]}}