{"id":1058461,"date":"2025-10-10T01:41:39","date_gmt":"2025-10-10T01:41:39","guid":{"rendered":"https:\/\/dimensionturistica.com\/es\/?p=1058461"},"modified":"2025-10-10T01:41:39","modified_gmt":"2025-10-10T01:41:39","slug":"combate-la-caida-del-cabello-con-la-nnueva-formula-concentrada-3-en-1-del-serum-capilar-fuerza-anticaida-dove-derma-care","status":"publish","type":"post","link":"https:\/\/dimensionturistica.com\/es\/combate-la-caida-del-cabello-con-la-nnueva-formula-concentrada-3-en-1-del-serum-capilar-fuerza-anticaida-dove-derma-care\/","title":{"rendered":"Combate la ca\u00edda del cabello con la nnueva formula concentrada 3 en 1 del Serum Capilar Fuerza Antica\u00edda Dove Derma Care \u00a0"},"content":{"rendered":"\n<p><\/p>\n\n\n\n<figure class=\"wp-block-gallery has-nested-images columns-default is-cropped wp-block-gallery-1 is-layout-flex wp-block-gallery-is-layout-flex\">\n<figure class=\"wp-block-image size-large\"><img decoding=\"async\" width=\"500\" height=\"392\" data-id=\"1058462\" src=\"https:\/\/dimensionturistica.com\/es\/wp-content\/uploads\/2025\/10\/2DOVE.jpg\" alt=\"\" class=\"wp-image-1058462\" srcset=\"https:\/\/dimensionturistica.com\/es\/wp-content\/uploads\/2025\/10\/2DOVE.jpg 500w, https:\/\/dimensionturistica.com\/es\/wp-content\/uploads\/2025\/10\/2DOVE-300x235.jpg 300w\" sizes=\"(max-width: 500px) 100vw, 500px\" \/><\/figure>\n<\/figure>\n\n\n\n<p>Se estima que una persona puede perder entre 50 y 150 cabellos al d\u00eda de manera natural\u00b9. La buena noticia es que un cuidado adecuado puede prevenir ciertos tipos de ca\u00edda del cabello y dejarlo con un aspecto saludable 2 .<\/p>\n\n\n\n<p><\/p>\n\n\n\n<p>Aunque la mayor\u00eda de las personas se enfocan en cuidar su cabello de medios a puntas, la clave para una cabellera saludable comienza en el cuero cabelludo, donde se forman y sostienen los fol\u00edculos pilosos 3 . Innovaci\u00f3n de la mano de dermat\u00f3logos<\/p>\n\n\n\n<figure class=\"wp-block-gallery has-nested-images columns-default is-cropped wp-block-gallery-2 is-layout-flex wp-block-gallery-is-layout-flex\">\n<figure class=\"wp-block-image size-large\"><img decoding=\"async\" width=\"500\" height=\"562\" data-id=\"1058463\" src=\"https:\/\/dimensionturistica.com\/es\/wp-content\/uploads\/2025\/10\/1DOVE.jpg\" alt=\"\" class=\"wp-image-1058463\" srcset=\"https:\/\/dimensionturistica.com\/es\/wp-content\/uploads\/2025\/10\/1DOVE.jpg 500w, https:\/\/dimensionturistica.com\/es\/wp-content\/uploads\/2025\/10\/1DOVE-267x300.jpg 267w\" sizes=\"(max-width: 500px) 100vw, 500px\" \/><\/figure>\n<\/figure>\n\n\n\n<p>Preocupados por atender una de las necesidades m\u00e1s recurrentes en el cuidado del cabello, Dove\u00ae presenta su nuevo portafolio para hombres y mujeres: Dove Derma Care Fuerza Anti-Ca\u00edda, dise\u00f1ada para cambiar la perspectiva del cuidado capilar conectando la belleza del cabello con la salud del cuero cabelludo.<\/p>\n\n\n\n<p><\/p>\n\n\n\n<p>Para lograr una melena fuerte y visiblemente saludable desde la ra\u00edz hasta las puntas, esta nueva l\u00ednea fue co-creada con dermat\u00f3logos. As\u00ed, estas f\u00f3rmulas innovadoras integran ingredientes del skincare al cuidado del cabello, combinando niacinamida 100% pura, p\u00e9ptidos, con ingredientes activos hidratantes y emolientes, promoviendo condiciones para fortalecer y favorecer el crecimiento del cabello, en todo tipo de cuero cabelludo.<\/p>\n\n\n\n<figure class=\"wp-block-gallery has-nested-images columns-default is-cropped wp-block-gallery-3 is-layout-flex wp-block-gallery-is-layout-flex\">\n<figure class=\"wp-block-image size-large\"><img decoding=\"async\" width=\"500\" height=\"500\" data-id=\"1058464\" src=\"https:\/\/dimensionturistica.com\/es\/wp-content\/uploads\/2025\/10\/4DOVE.J\u00b4PG.jpg\" alt=\"\" class=\"wp-image-1058464\" srcset=\"https:\/\/dimensionturistica.com\/es\/wp-content\/uploads\/2025\/10\/4DOVE.J\u00b4PG.jpg 500w, https:\/\/dimensionturistica.com\/es\/wp-content\/uploads\/2025\/10\/4DOVE.J\u00b4PG-300x300.jpg 300w, https:\/\/dimensionturistica.com\/es\/wp-content\/uploads\/2025\/10\/4DOVE.J\u00b4PG-150x150.jpg 150w, https:\/\/dimensionturistica.com\/es\/wp-content\/uploads\/2025\/10\/4DOVE.J\u00b4PG-75x75.jpg 75w, https:\/\/dimensionturistica.com\/es\/wp-content\/uploads\/2025\/10\/4DOVE.J\u00b4PG-350x350.jpg 350w\" sizes=\"(max-width: 500px) 100vw, 500px\" \/><\/figure>\n<\/figure>\n\n\n\n<p>Aliado en cada peque\u00f1a gota, grandes resultados en cada uso Dentro de esta l\u00ednea destaca el S\u00e9rum Capilar Dove\u00ae Derma Care Fuerza Anti- Ca\u00edda, un tratamiento avanzado de alta potencia que, gracias a su presentaci\u00f3n en gotero, permite una aplicaci\u00f3n precisa directamente en el cuero cabelludo.<\/p>\n\n\n\n<p>Su f\u00f3rmula concentrada 3 en 1 favorece la fijaci\u00f3n del cabello a la ra\u00edz, ayudando a reducir su ca\u00edda y estimular su crecimiento.<\/p>\n\n\n\n<p>Beneficios clave<\/p>\n\n\n\n<figure class=\"wp-block-gallery has-nested-images columns-default is-cropped wp-block-gallery-4 is-layout-flex wp-block-gallery-is-layout-flex\">\n<figure class=\"wp-block-image size-large\"><img decoding=\"async\" width=\"500\" height=\"756\" data-id=\"1058465\" src=\"https:\/\/dimensionturistica.com\/es\/wp-content\/uploads\/2025\/10\/8DOVE.jpg\" alt=\"\" class=\"wp-image-1058465\" srcset=\"https:\/\/dimensionturistica.com\/es\/wp-content\/uploads\/2025\/10\/8DOVE.jpg 500w, https:\/\/dimensionturistica.com\/es\/wp-content\/uploads\/2025\/10\/8DOVE-198x300.jpg 198w\" sizes=\"(max-width: 500px) 100vw, 500px\" \/><\/figure>\n<\/figure>\n\n\n\n<p>\u25cf Mejora la fijaci\u00f3n del cabello a la ra\u00edz.<\/p>\n\n\n\n<p>\u25cf Favorece el crecimiento capilar.<\/p>\n\n\n\n<p>\u25cf Siente +2800 cabellos en 4 semanas**.<\/p>\n\n\n\n<p>Una rutina completa de 4 pasos<\/p>\n\n\n\n<figure class=\"wp-block-gallery has-nested-images columns-default is-cropped wp-block-gallery-5 is-layout-flex wp-block-gallery-is-layout-flex\">\n<figure class=\"wp-block-image size-large\"><img decoding=\"async\" width=\"533\" height=\"800\" data-id=\"1058466\" src=\"https:\/\/dimensionturistica.com\/es\/wp-content\/uploads\/2025\/10\/ARIADNA_0980_V1.jpg\" alt=\"\" class=\"wp-image-1058466\" srcset=\"https:\/\/dimensionturistica.com\/es\/wp-content\/uploads\/2025\/10\/ARIADNA_0980_V1.jpg 533w, https:\/\/dimensionturistica.com\/es\/wp-content\/uploads\/2025\/10\/ARIADNA_0980_V1-200x300.jpg 200w\" sizes=\"(max-width: 533px) 100vw, 533px\" \/><\/figure>\n<\/figure>\n\n\n\n<p>La l\u00ednea Dove Derma Care Fuerza Anti-Ca\u00edda ofrece un tratamiento integral para una cabellera m\u00e1s voluminosa:<\/p>\n\n\n\n<p>1. Shampoo \u2014 Purifica e hidrata la piel del cuero cabelludo.<\/p>\n\n\n\n<p>2. Acondicionador. Fortalece la fibra capilar para un cabel<\/p>\n","protected":false},"excerpt":{"rendered":"<p>Se estima que una persona puede perder entre 50 y 150 cabellos al d\u00eda de manera natural\u00b9. La buena noticia es que un cuidado adecuado puede prevenir ciertos tipos de ca\u00edda del cabello y dejarlo con un aspecto saludable 2 . Aunque la mayor\u00eda de las personas se enfocan en cuidar su cabello de medios [&hellip;]<\/p>\n","protected":false},"author":1,"featured_media":0,"comment_status":"open","ping_status":"closed","sticky":false,"template":"","format":"standard","meta":{"om_disable_all_campaigns":false,"jnews-multi-image_gallery":[],"jnews_single_post":[],"jnews_primary_category":[],"jnews_social_meta":[],"footnotes":""},"categories":[144872],"tags":[],"class_list":["post-1058461","post","type-post","status-publish","format-standard","hentry","category-fashion"],"_links":{"self":[{"href":"https:\/\/dimensionturistica.com\/es\/wp-json\/wp\/v2\/posts\/1058461","targetHints":{"allow":["GET"]}}],"collection":[{"href":"https:\/\/dimensionturistica.com\/es\/wp-json\/wp\/v2\/posts"}],"about":[{"href":"https:\/\/dimensionturistica.com\/es\/wp-json\/wp\/v2\/types\/post"}],"author":[{"embeddable":true,"href":"https:\/\/dimensionturistica.com\/es\/wp-json\/wp\/v2\/users\/1"}],"replies":[{"embeddable":true,"href":"https:\/\/dimensionturistica.com\/es\/wp-json\/wp\/v2\/comments?post=1058461"}],"version-history":[{"count":1,"href":"https:\/\/dimensionturistica.com\/es\/wp-json\/wp\/v2\/posts\/1058461\/revisions"}],"predecessor-version":[{"id":1058467,"href":"https:\/\/dimensionturistica.com\/es\/wp-json\/wp\/v2\/posts\/1058461\/revisions\/1058467"}],"wp:attachment":[{"href":"https:\/\/dimensionturistica.com\/es\/wp-json\/wp\/v2\/media?parent=1058461"}],"wp:term":[{"taxonomy":"category","embeddable":true,"href":"https:\/\/dimensionturistica.com\/es\/wp-json\/wp\/v2\/categories?post=1058461"},{"taxonomy":"post_tag","embeddable":true,"href":"https:\/\/dimensionturistica.com\/es\/wp-json\/wp\/v2\/tags?post=1058461"}],"curies":[{"name":"wp","href":"https:\/\/api.w.org\/{rel}","templated":true}]}}