{"id":1058225,"date":"2025-10-09T15:04:23","date_gmt":"2025-10-09T15:04:23","guid":{"rendered":"https:\/\/dimensionturistica.com\/es\/?p=1058225"},"modified":"2025-10-09T15:04:23","modified_gmt":"2025-10-09T15:04:23","slug":"el-blanco-reemplaza-al-negro-descubre-como-lucirlo-en-otono-2025","status":"publish","type":"post","link":"https:\/\/dimensionturistica.com\/es\/el-blanco-reemplaza-al-negro-descubre-como-lucirlo-en-otono-2025\/","title":{"rendered":"\u00bfEl blanco reemplaza al negro? Descubre c\u00f3mo lucirlo en oto\u00f1o 2025."},"content":{"rendered":"<p><strong>Total Look Blanco: La Tendencia Imperdible del Oto\u00f1o 2025<\/strong><\/p>\n<p>A medida que las hojas comienzan a caer y el clima se vuelve m\u00e1s fresco, una tendencia audaz emerge en el horizonte: el total look blanco. Este estilo no solo desaf\u00eda las normas estacionales, sino que tambi\u00e9n promete ser el protagonista indiscutible de la moda en el oto\u00f1o 2025.<\/p>\n<p><strong>Rompiendo Estereotipos<\/strong><\/p>\n<p>El blanco ha sido asociado tradicionalmente con la primavera y el verano, pero este a\u00f1o, se reivindica como un color vers\u00e1til que puede brillar en cualquier \u00e9poca. La clave est\u00e1 en la elecci\u00f3n de las texturas y las capas. Combinando prendas ligeras con abrigos estructurados, se logra una est\u00e9tica moderna y fresca que desaf\u00eda las expectativas. La mezcla de diferentes materiales, como lanas gruesas y sedas suaves, no solo aporta profundidad al look, sino que tambi\u00e9n garantiza comodidad durante las primera semanas del fr\u00edo.<\/p>\n<p><strong>La Silueta Ideal<\/strong><\/p>\n<p>Cuando se opta por un look total blanco, la silueta es fundamental. Los cortes oversized en chaquetas y abrigos son perfectos para darle un aire desenfadado sin perder la elegancia. Una falda midi o un pantal\u00f3n de corte recto combinan a la perfecci\u00f3n para crear un equilibrio entre lo chic y lo relajado. Adem\u00e1s, el uso de prendas ajustadas en la parte superior, como un top de cuello alto, define la figura mientras mantiene el enfoque en el tema monocrom\u00e1tico.<\/p>\n<p><strong>Accesorios que Marcan la Diferencia<\/strong><\/p>\n<p>El secreto para conseguir un total look eficaz reside en los detalles. Los accesorios juegan un papel crucial en elevar el outfit. Unos botines neutros, un bolso estructurado y joyer\u00eda sutil son elecciones que a\u00f1aden un toque de sofisticaci\u00f3n sin desentonar con el predominante blanco. Para las amantes de la moda, un sombrero o unas gafas de sol oversized pueden incrementar el impacto visual de la propuesta.<\/p>\n<p><strong>El Maquillaje: Un Acabado Perfecto<\/strong><\/p>\n<p>Complementar el look con un maquillaje que siga la misma l\u00ednea de elegancia es esencial. En el oto\u00f1o 2025, los tonos nude y las cejas bien definidas son el acento ideal para un acabado natural. Labios en tonos suaves y un toque de iluminador complementan la frescura del outfit, permitiendo que el blanco sea el verdadero protagonista.<\/p>\n<p><strong>Finalizando el Look con Actitud<\/strong><\/p>\n<p>Por \u00faltimo, es fundamental recordar que el total look blanco no es solo una elecci\u00f3n estil\u00edstica, sino una declaraci\u00f3n de intenciones. Llevar esta tendencia requiere confianza y un sentido del estilo bien definido. Cada prenda, cada accesorio y cada detalle se unen para crear una narrativa visual que habla de audacia y sofisticaci\u00f3n.<\/p>\n<p>As\u00ed que, si deseas destacarte en el oto\u00f1o 2025, atr\u00e9vete a abrazar la pureza intemporal del total look blanco. Prep\u00e1rate para atraer todas las miradas y convertir cada paso en una pasarela. \u00a1El blanco es el nuevo negro y esta temporada est\u00e1 destinada a ser inolvidable!<\/p>\n<p><em> &#8221; Fuentes www.vogue.mx &#8221; <\/em><\/p>\n","protected":false},"excerpt":{"rendered":"<p>Total Look Blanco: La Tendencia Imperdible del Oto\u00f1o 2025 A medida que las hojas comienzan a caer y el clima se vuelve m\u00e1s fresco, una tendencia audaz emerge en el horizonte: el total look blanco. Este estilo no solo desaf\u00eda las normas estacionales, sino que tambi\u00e9n promete ser el protagonista indiscutible de la moda en [&hellip;]<\/p>\n","protected":false},"author":14,"featured_media":1058226,"comment_status":"open","ping_status":"closed","sticky":false,"template":"","format":"standard","meta":{"om_disable_all_campaigns":false,"jnews-multi-image_gallery":[],"jnews_single_post":[],"jnews_primary_category":[],"jnews_social_meta":[],"footnotes":""},"categories":[144872],"tags":[10102,7758,32712,166,14971,659,8894,191169,203269,2182,47135,27057],"class_list":["post-1058225","post","type-post","status-publish","format-standard","has-post-thumbnail","hentry","category-fashion","tag-blanco","tag-estilo","tag-eva-longoria","tag-fashion","tag-looks","tag-moda","tag-negro","tag-otono-2025","tag-otono-invierno-2025","tag-tendencias","tag-vestidos","tag-vestuario"],"_links":{"self":[{"href":"https:\/\/dimensionturistica.com\/es\/wp-json\/wp\/v2\/posts\/1058225","targetHints":{"allow":["GET"]}}],"collection":[{"href":"https:\/\/dimensionturistica.com\/es\/wp-json\/wp\/v2\/posts"}],"about":[{"href":"https:\/\/dimensionturistica.com\/es\/wp-json\/wp\/v2\/types\/post"}],"author":[{"embeddable":true,"href":"https:\/\/dimensionturistica.com\/es\/wp-json\/wp\/v2\/users\/14"}],"replies":[{"embeddable":true,"href":"https:\/\/dimensionturistica.com\/es\/wp-json\/wp\/v2\/comments?post=1058225"}],"version-history":[{"count":1,"href":"https:\/\/dimensionturistica.com\/es\/wp-json\/wp\/v2\/posts\/1058225\/revisions"}],"predecessor-version":[{"id":1058227,"href":"https:\/\/dimensionturistica.com\/es\/wp-json\/wp\/v2\/posts\/1058225\/revisions\/1058227"}],"wp:featuredmedia":[{"embeddable":true,"href":"https:\/\/dimensionturistica.com\/es\/wp-json\/wp\/v2\/media\/1058226"}],"wp:attachment":[{"href":"https:\/\/dimensionturistica.com\/es\/wp-json\/wp\/v2\/media?parent=1058225"}],"wp:term":[{"taxonomy":"category","embeddable":true,"href":"https:\/\/dimensionturistica.com\/es\/wp-json\/wp\/v2\/categories?post=1058225"},{"taxonomy":"post_tag","embeddable":true,"href":"https:\/\/dimensionturistica.com\/es\/wp-json\/wp\/v2\/tags?post=1058225"}],"curies":[{"name":"wp","href":"https:\/\/api.w.org\/{rel}","templated":true}]}}