{"id":1058074,"date":"2025-10-09T07:16:45","date_gmt":"2025-10-09T07:16:45","guid":{"rendered":"https:\/\/dimensionturistica.com\/es\/?p=1058074"},"modified":"2025-10-09T07:16:45","modified_gmt":"2025-10-09T07:16:45","slug":"actualizaciones-del-sector-turistico-informacion-esencial-para-profesionales-9","status":"publish","type":"post","link":"https:\/\/dimensionturistica.com\/es\/actualizaciones-del-sector-turistico-informacion-esencial-para-profesionales-9\/","title":{"rendered":"Actualizaciones del Sector Tur\u00edstico: Informaci\u00f3n Esencial para Profesionales"},"content":{"rendered":"<h3>Descubre el Encanto del Caribe Mexicano: Una Celebraci\u00f3n a lo Grande<\/h3>\n<p>Este a\u00f1o, el Caribe Mexicano se convierte en el escenario de una celebraci\u00f3n muy especial. Con motivo de su 50 aniversario, un grupo destacado de profesionales del turismo se embarca en una experiencia \u00fanica organizada por Soltour. Esta empresa, conocida por su dedicaci\u00f3n a ofrecer viajes memorables, ha creado un viaje de familiarizaci\u00f3n (fam trip) que promete resaltar lo mejor de esta deslumbrante regi\u00f3n.<\/p>\n<h4>Un Viaje a trav\u00e9s de Colores y Sabores<\/h4>\n<p>El Caribe Mexicano no es solo un destino tur\u00edstico; es un fest\u00edn para los sentidos. Desde las playas de arena blanca y aguas turquesas hasta la exuberante vegetaci\u00f3n que adorna la costa, cada rinc\u00f3n invita a ser explorado. Los participantes del fam trip tendr\u00e1n la oportunidad de conocer de primera mano los impresionantes resorts y la diversidad de actividades que ofrecen los destinos m\u00e1s ic\u00f3nicos, como Canc\u00fan, Playa del Carmen y Tulum.<\/p>\n<p>Adem\u00e1s, este fam trip no se limitar\u00e1 a los aspectos visuales. La gastronom\u00eda de la regi\u00f3n, rica en sabores que combinan la herencia maya con influencias contempor\u00e1neas, ser\u00e1 parte fundamental de la experiencia. Los viajeros podr\u00e1n degustar platillos locales, desde los tradicionales tacos hasta exquisitos mariscos frescos, acompa\u00f1ados de bebidas t\u00edpicas que capturan la esencia del lugar.<\/p>\n<h4>Networking y Aprendizaje<\/h4>\n<p>El evento no solo se centra en la diversi\u00f3n; tambi\u00e9n es una excelente oportunidad de networking. Agentes de viaje, tour operadores y otros actores clave se reunir\u00e1n para compartir experiencias, establecer conexiones y descubrir las \u00faltimas tendencias en el sector tur\u00edstico. Esta colaboraci\u00f3n promete abrir nuevas puertas para el futuro del turismo en el Caribe, fomentando un intercambio de ideas que beneficiar\u00e1 a todos.<\/p>\n<h4>Sostenibilidad en el Centro de la Atenci\u00f3n<\/h4>\n<p>En un momento en que la sostenibilidad es m\u00e1s crucial que nunca, el fam trip presenta a los participantes iniciativas que promueven un turismo responsable. Desde pr\u00e1cticas de conservaci\u00f3n en hoteles hasta actividades que respetan el entorno natural, la organizaci\u00f3n ha tenido en cuenta la importancia de proteger este para\u00edso. Al concienciar a los agentes de viaje sobre estas iniciativas, se busca inspirar un turismo que no solo sea atractivo, sino tambi\u00e9n respetuoso con el medio ambiente.<\/p>\n<h4>Una Invitaci\u00f3n a Descubrir<\/h4>\n<p>El Caribe Mexicano es un destino que ofrece algo para cada tipo de viajero. Desde aventureros en busca de actividades acu\u00e1ticas hasta aquellos que desean relajarse bajo el sol, hay una experiencia esperando a ser descubierta. Los que participan en este viaje de familiarizaci\u00f3n regresar\u00e1n no solo con recuerdos inolvidables, sino tambi\u00e9n con una renovada pasi\u00f3n por recomendar este maravilloso destino a sus clientes.<\/p>\n<p>En resumen, el fam trip organizado por Soltour no solo celebra su aniversario, sino que tambi\u00e9n brinda la oportunidad perfecta para redescubrir y promover el esplendor del Caribe Mexicano. El viaje promete ser un hito tanto para los organizadores como para los asistentes, marcando el comienzo de nuevas aventuras en el sector tur\u00edstico. Si a\u00fan no conoces esta joya del Caribe, quiz\u00e1s sea el momento perfecto para hacerlo. \u00a1El Caribe te espera!<\/p>\n<p><em> &#8221; Sources www.agenttravel.es &#8221; <\/em><\/p>\n","protected":false},"excerpt":{"rendered":"<p>Descubre el Encanto del Caribe Mexicano: Una Celebraci\u00f3n a lo Grande Este a\u00f1o, el Caribe Mexicano se convierte en el escenario de una celebraci\u00f3n muy especial. Con motivo de su 50 aniversario, un grupo destacado de profesionales del turismo se embarca en una experiencia \u00fanica organizada por Soltour. Esta empresa, conocida por su dedicaci\u00f3n a [&hellip;]<\/p>\n","protected":false},"author":4,"featured_media":1058075,"comment_status":"open","ping_status":"closed","sticky":false,"template":"","format":"standard","meta":{"om_disable_all_campaigns":false,"jnews-multi-image_gallery":[],"jnews_single_post":[],"jnews_primary_category":[],"jnews_social_meta":[],"footnotes":""},"categories":[40],"tags":[569,21191,69404,9288,47338,47339,715,1289,190027,47340,39936,6942,229,21552,47337,773,69804,26265,5794,18737,2182,6765,190168,72901,80202,1488],"class_list":["post-1058074","post","type-post","status-publish","format-standard","has-post-thumbnail","hentry","category-industria","tag-agencias-de-viajes","tag-agente-de-viajes","tag-agenttravel","tag-companias-aereas","tag-diario-de-turismo","tag-diario-turistico","tag-economia","tag-hoteles","tag-industry-insights","tag-informacion-de-turismo","tag-informacion-turistica","tag-mayoristas","tag-news","tag-noticias-de-turismo","tag-noticias-turisticas","tag-opinion","tag-professionals","tag-rent-a-car","tag-sector-aereo","tag-seguros-de-viaje","tag-tendencias","tag-tourism","tag-tourism-updates","tag-travel-industry","tag-travel-news","tag-turoperadores"],"_links":{"self":[{"href":"https:\/\/dimensionturistica.com\/es\/wp-json\/wp\/v2\/posts\/1058074","targetHints":{"allow":["GET"]}}],"collection":[{"href":"https:\/\/dimensionturistica.com\/es\/wp-json\/wp\/v2\/posts"}],"about":[{"href":"https:\/\/dimensionturistica.com\/es\/wp-json\/wp\/v2\/types\/post"}],"author":[{"embeddable":true,"href":"https:\/\/dimensionturistica.com\/es\/wp-json\/wp\/v2\/users\/4"}],"replies":[{"embeddable":true,"href":"https:\/\/dimensionturistica.com\/es\/wp-json\/wp\/v2\/comments?post=1058074"}],"version-history":[{"count":1,"href":"https:\/\/dimensionturistica.com\/es\/wp-json\/wp\/v2\/posts\/1058074\/revisions"}],"predecessor-version":[{"id":1058076,"href":"https:\/\/dimensionturistica.com\/es\/wp-json\/wp\/v2\/posts\/1058074\/revisions\/1058076"}],"wp:featuredmedia":[{"embeddable":true,"href":"https:\/\/dimensionturistica.com\/es\/wp-json\/wp\/v2\/media\/1058075"}],"wp:attachment":[{"href":"https:\/\/dimensionturistica.com\/es\/wp-json\/wp\/v2\/media?parent=1058074"}],"wp:term":[{"taxonomy":"category","embeddable":true,"href":"https:\/\/dimensionturistica.com\/es\/wp-json\/wp\/v2\/categories?post=1058074"},{"taxonomy":"post_tag","embeddable":true,"href":"https:\/\/dimensionturistica.com\/es\/wp-json\/wp\/v2\/tags?post=1058074"}],"curies":[{"name":"wp","href":"https:\/\/api.w.org\/{rel}","templated":true}]}}