{"id":1058041,"date":"2025-10-09T05:32:15","date_gmt":"2025-10-09T05:32:15","guid":{"rendered":"https:\/\/dimensionturistica.com\/es\/?p=1058041"},"modified":"2025-10-09T05:32:15","modified_gmt":"2025-10-09T05:32:15","slug":"comienzan-las-reservas-de-viajes-para-mayores-prefiero-explorar-destinos-culturales-a-tomar-el-sol","status":"publish","type":"post","link":"https:\/\/dimensionturistica.com\/es\/comienzan-las-reservas-de-viajes-para-mayores-prefiero-explorar-destinos-culturales-a-tomar-el-sol\/","title":{"rendered":"<p><strong>Comienzan las reservas de viajes para mayores: \u00abPrefiero explorar destinos culturales a tomar el sol\u00bb<\/strong><\/p>"},"content":{"rendered":"<h3>La Aventura del Turismo S\u00e9nior: Un Nuevo Horizonte en Espa\u00f1a<\/h3>\n<p>El turismo s\u00e9nior en Espa\u00f1a est\u00e1 viviendo un renacer con la reciente apertura de la venta de paquetes de viaje a trav\u00e9s del programa Imserso. Esta iniciativa representa una excelente oportunidad para que las personas mayores redescubran su pasi\u00f3n por viajar, sumergi\u00e9ndose en nuevos destinos y disfrutando de experiencias adaptadas a sus intereses.<\/p>\n<p>Con un enfoque renovado y un cat\u00e1logo que abarca diversas opciones, el programa ofrece viajes tanto nacionales como internacionales. Desde excursiones a las impresionantes playas de la costa espa\u00f1ola hasta escapadas culturales por ciudades emblem\u00e1ticas como Granada o Barcelona, el abanico de posibilidades es amplio y atractivo. Esto no solo promueve el turismo, sino que tambi\u00e9n fomenta el bienestar y la socializaci\u00f3n entre personas de la misma franja de edad.<\/p>\n<p>Uno de los mayores atractivos de estos viajes es la relaci\u00f3n calidad-precio. A trav\u00e9s de la colaboraci\u00f3n con agencias de viajes, se han logrado paquetes que incluyen alojamiento, transporte y actividades a un coste accesible. Esto permite que muchas personas puedan disfrutar de una experiencia de calidad sin que su presupuesto se vea comprometido.<\/p>\n<p>Adem\u00e1s, el programa est\u00e1 dise\u00f1ado teniendo en cuenta las necesidades de los viajeros mayores. Dentro de las propuestas, se priorizan itinerarios que facilitan el acceso a lugares de inter\u00e9s, as\u00ed como actividades que son inclusivas y enriquecedoras. Desde rutas de senderismo suaves hasta talleres culturales, la variedad es tal que cada viajero puede encontrar algo que se ajuste a sus intereses y capacidades.<\/p>\n<p>Otro de los aspectos dignos de menci\u00f3n es el impacto social que estas iniciativas tienen en las comunidades locales. Al atraer a turistas s\u00e9niores, se promueve el desarrollo econ\u00f3mico de numerosas localidades que, muchas veces, dependen del turismo como una de sus principales fuentes de ingresos. Esto tambi\u00e9n permite que los viajeros se sumerjan en la cultura local, interactuando con los habitantes y apoyando los negocios de la zona.<\/p>\n<p>Sin embargo, hay un aspecto que resalta sobre los dem\u00e1s: la creaci\u00f3n de lazos. Viajar en grupo se convierte en una gran oportunidad para que las personas mayores forjen nuevas amistades y compartan sus experiencias. En un mundo que a menudo se siente apurado y desconectado, estas din\u00e1micas sociales son esenciales para fortalecer el tejido comunitario.<\/p>\n<p>El esp\u00edritu aventurero no tiene edad, y con el impulso del programa Imserso, las personas mayores tienen la oportunidad de volver a experimentar esa chispa al explorar el mundo. Este fen\u00f3meno no solo revitaliza el sector tur\u00edstico, sino que tambi\u00e9n ofrece a los viajeros s\u00e9niores la posibilidad de vivir momentos inolvidables, llenos de aprendizaje y diversi\u00f3n.<\/p>\n<p>Por tanto, si eres parte de esa categor\u00eda de viajeros que se niega a dejar de explorar, este es el momento perfecto para considerar qui\u00e9n sabe cu\u00e1ntas nuevas aventuras te esperan a la vuelta de la esquina. \u00a1Prep\u00e1rate para empaquetar tus maletas y lanzarte a descubrir lo que el mundo tiene para ofrecerte!<\/p>\n<p><em> &#8221; Sources www.elcorreogallego.es &#8221; <\/em><\/p>\n","protected":false},"excerpt":{"rendered":"<p>La Aventura del Turismo S\u00e9nior: Un Nuevo Horizonte en Espa\u00f1a El turismo s\u00e9nior en Espa\u00f1a est\u00e1 viviendo un renacer con la reciente apertura de la venta de paquetes de viaje a trav\u00e9s del programa Imserso. Esta iniciativa representa una excelente oportunidad para que las personas mayores redescubran su pasi\u00f3n por viajar, sumergi\u00e9ndose en nuevos destinos [&hellip;]<\/p>\n","protected":false},"author":4,"featured_media":1058042,"comment_status":"open","ping_status":"closed","sticky":false,"template":"","format":"standard","meta":{"om_disable_all_campaigns":false,"jnews-multi-image_gallery":[],"jnews_single_post":[],"jnews_primary_category":[],"jnews_social_meta":[],"footnotes":""},"categories":[40],"tags":[15190,12597,662,1228,190169,16743,39868,813,2299,4568,6388,544,14298,2622,545],"class_list":["post-1058041","post","type-post","status-publish","format-standard","has-post-thumbnail","hentry","category-industria","tag-actividades-recreativas","tag-arranca","tag-cultura","tag-destinos","tag-ensanche","tag-entradas","tag-gusta","tag-imserso","tag-mar","tag-oficina","tag-santiago","tag-turismo","tag-turismo-cultural","tag-venta","tag-viajes"],"_links":{"self":[{"href":"https:\/\/dimensionturistica.com\/es\/wp-json\/wp\/v2\/posts\/1058041","targetHints":{"allow":["GET"]}}],"collection":[{"href":"https:\/\/dimensionturistica.com\/es\/wp-json\/wp\/v2\/posts"}],"about":[{"href":"https:\/\/dimensionturistica.com\/es\/wp-json\/wp\/v2\/types\/post"}],"author":[{"embeddable":true,"href":"https:\/\/dimensionturistica.com\/es\/wp-json\/wp\/v2\/users\/4"}],"replies":[{"embeddable":true,"href":"https:\/\/dimensionturistica.com\/es\/wp-json\/wp\/v2\/comments?post=1058041"}],"version-history":[{"count":1,"href":"https:\/\/dimensionturistica.com\/es\/wp-json\/wp\/v2\/posts\/1058041\/revisions"}],"predecessor-version":[{"id":1058043,"href":"https:\/\/dimensionturistica.com\/es\/wp-json\/wp\/v2\/posts\/1058041\/revisions\/1058043"}],"wp:featuredmedia":[{"embeddable":true,"href":"https:\/\/dimensionturistica.com\/es\/wp-json\/wp\/v2\/media\/1058042"}],"wp:attachment":[{"href":"https:\/\/dimensionturistica.com\/es\/wp-json\/wp\/v2\/media?parent=1058041"}],"wp:term":[{"taxonomy":"category","embeddable":true,"href":"https:\/\/dimensionturistica.com\/es\/wp-json\/wp\/v2\/categories?post=1058041"},{"taxonomy":"post_tag","embeddable":true,"href":"https:\/\/dimensionturistica.com\/es\/wp-json\/wp\/v2\/tags?post=1058041"}],"curies":[{"name":"wp","href":"https:\/\/api.w.org\/{rel}","templated":true}]}}