{"id":1057919,"date":"2025-10-08T23:43:17","date_gmt":"2025-10-08T23:43:17","guid":{"rendered":"https:\/\/dimensionturistica.com\/es\/?p=1057919"},"modified":"2025-10-08T23:43:17","modified_gmt":"2025-10-08T23:43:17","slug":"las-comunidades-del-lago-de-patzcuaro-ofreceran-talleres-creativos-por-noche-de-muertos","status":"publish","type":"post","link":"https:\/\/dimensionturistica.com\/es\/las-comunidades-del-lago-de-patzcuaro-ofreceran-talleres-creativos-por-noche-de-muertos\/","title":{"rendered":"Las Comunidades del lago de P\u00e1tzcuaro ofrecer\u00e1n talleres creativos por Noche de Muertos"},"content":{"rendered":"\n<figure class=\"wp-block-gallery has-nested-images columns-default is-cropped wp-block-gallery-1 is-layout-flex wp-block-gallery-is-layout-flex\">\n<figure class=\"wp-block-image size-large\"><img decoding=\"async\" width=\"444\" height=\"180\" data-id=\"1057920\" src=\"https:\/\/dimensionturistica.com\/es\/wp-content\/uploads\/2025\/10\/11MICHO-1.jpg\" alt=\"\" class=\"wp-image-1057920\" srcset=\"https:\/\/dimensionturistica.com\/es\/wp-content\/uploads\/2025\/10\/11MICHO-1.jpg 444w, https:\/\/dimensionturistica.com\/es\/wp-content\/uploads\/2025\/10\/11MICHO-1-300x122.jpg 300w\" sizes=\"(max-width: 444px) 100vw, 444px\" \/><\/figure>\n<\/figure>\n\n\n\n<p>Aprende, crea y vive la tradici\u00f3n de la Noche de Muertos en Michoac\u00e1n, que se festeja este 1 y 2 de noviembre, con los talleres preparados por segundo a\u00f1o consecutivo por las comunidades en colaboraci\u00f3n con la Secretar\u00eda de Turismo del estado (Sectur).<\/p>\n\n\n\n<p><\/p>\n\n\n\n<p>Durante la semana de celebraci\u00f3n de la Noche de Muertos, las comunidades del lago de P\u00e1tzcuaro abren sus puertas para compartir su arte que va desde la cocina tradicional, alfarer\u00eda, cerer\u00eda, figuras de az\u00facar, bateas, barro vidriado, hoja de ma\u00edz, popote de trigo, m\u00e1scaras de madera, dulces t\u00edpicos, arcos tradicionales, papel picado y globos de cantoya, chuspata, arcos, y muchos m\u00e1s preparativos que el turista y visitante podr\u00e1 conocer y aprender a trav\u00e9s de una serie de 13 talleres abiertos a todo p\u00fablico, donde podr\u00e1n adentrarse a esta ancestral celebraci\u00f3n reconocida mundialmente.<\/p>\n\n\n\n<figure class=\"wp-block-gallery has-nested-images columns-default is-cropped wp-block-gallery-2 is-layout-flex wp-block-gallery-is-layout-flex\">\n<figure class=\"wp-block-image size-large\"><img decoding=\"async\" width=\"500\" height=\"332\" data-id=\"1057921\" src=\"https:\/\/dimensionturistica.com\/es\/wp-content\/uploads\/2025\/10\/2past.jpg\" alt=\"\" class=\"wp-image-1057921\" srcset=\"https:\/\/dimensionturistica.com\/es\/wp-content\/uploads\/2025\/10\/2past.jpg 500w, https:\/\/dimensionturistica.com\/es\/wp-content\/uploads\/2025\/10\/2past-300x199.jpg 300w\" sizes=\"(max-width: 500px) 100vw, 500px\" \/><\/figure>\n<\/figure>\n\n\n\n<p>Roberto Monroy Garc\u00eda, titular de la Sectur Michoac\u00e1n record\u00f3 que cada taller es una historia, y cada creaci\u00f3n una ofrenda pensada para esos seres queridos que se adelantaron en el camino. Estos talleres organizados por artesanos y cocineras tradicionales de los municipios tienen un costo que oscila entre los 100 y 250 pesos, dinero que se queda totalmente en las comunidades.<\/p>\n\n\n\n<figure class=\"wp-block-gallery has-nested-images columns-default is-cropped wp-block-gallery-3 is-layout-flex wp-block-gallery-is-layout-flex\">\n<figure class=\"wp-block-image size-large\"><img decoding=\"async\" width=\"500\" height=\"332\" data-id=\"1057922\" src=\"https:\/\/dimensionturistica.com\/es\/wp-content\/uploads\/2025\/10\/22past.jpg\" alt=\"\" class=\"wp-image-1057922\" srcset=\"https:\/\/dimensionturistica.com\/es\/wp-content\/uploads\/2025\/10\/22past.jpg 500w, https:\/\/dimensionturistica.com\/es\/wp-content\/uploads\/2025\/10\/22past-300x199.jpg 300w\" sizes=\"(max-width: 500px) 100vw, 500px\" \/><\/figure>\n<\/figure>\n\n\n\n<p>\u201cEn Michoac\u00e1n no se entierran a nuestros seres queridos, se les siembra para que den vida, siguiendo esta l\u00ednea, las personas que acudan a estos talleres conocer\u00e1n c\u00f3mo se vive esta celebraci\u00f3n en \u2018el alma de M\u00e9xico\u2019, la cual naci\u00f3 en Michoac\u00e1n y nos convierte en el epicentro de esta tradici\u00f3n que atrae cada a\u00f1o a las miradas del mundo\u201d, coment\u00f3 Monroy Garc\u00eda.<\/p>\n\n\n\n<figure class=\"wp-block-gallery has-nested-images columns-default is-cropped wp-block-gallery-4 is-layout-flex wp-block-gallery-is-layout-flex\">\n<figure class=\"wp-block-image size-large\"><img decoding=\"async\" width=\"500\" height=\"332\" data-id=\"1057923\" src=\"https:\/\/dimensionturistica.com\/es\/wp-content\/uploads\/2025\/10\/66\u00b4pats.jpg\" alt=\"\" class=\"wp-image-1057923\" srcset=\"https:\/\/dimensionturistica.com\/es\/wp-content\/uploads\/2025\/10\/66\u00b4pats.jpg 500w, https:\/\/dimensionturistica.com\/es\/wp-content\/uploads\/2025\/10\/66\u00b4pats-300x199.jpg 300w\" sizes=\"(max-width: 500px) 100vw, 500px\" \/><\/figure>\n<\/figure>\n\n\n\n<p>Para conocer la oferta completa de los talleres disponibles, inscripciones, horarios, sedes y cuota de recuperaci\u00f3n pueden entrar al sitio https:\/\/visitmichoacan.com.mx\/, o en el siguiente link: https:\/\/www.facebook.com\/share\/p\/1ASHdzBQN8\/?mibextid=wwXIfr<\/p>\n\n\n\n<p>Para m\u00e1s informaci\u00f3n visita: https:\/\/visitmichoacan.com.mx\/<\/p>\n","protected":false},"excerpt":{"rendered":"<p>Aprende, crea y vive la tradici\u00f3n de la Noche de Muertos en Michoac\u00e1n, que se festeja este 1 y 2 de noviembre, con los talleres preparados por segundo a\u00f1o consecutivo por las comunidades en colaboraci\u00f3n con la Secretar\u00eda de Turismo del estado (Sectur). Durante la semana de celebraci\u00f3n de la Noche de Muertos, las comunidades [&hellip;]<\/p>\n","protected":false},"author":1,"featured_media":0,"comment_status":"open","ping_status":"closed","sticky":false,"template":"","format":"standard","meta":{"om_disable_all_campaigns":false,"jnews-multi-image_gallery":[],"jnews_single_post":[],"jnews_primary_category":[],"jnews_social_meta":[],"footnotes":""},"categories":[39],"tags":[],"class_list":["post-1057919","post","type-post","status-publish","format-standard","hentry","category-viajes"],"_links":{"self":[{"href":"https:\/\/dimensionturistica.com\/es\/wp-json\/wp\/v2\/posts\/1057919","targetHints":{"allow":["GET"]}}],"collection":[{"href":"https:\/\/dimensionturistica.com\/es\/wp-json\/wp\/v2\/posts"}],"about":[{"href":"https:\/\/dimensionturistica.com\/es\/wp-json\/wp\/v2\/types\/post"}],"author":[{"embeddable":true,"href":"https:\/\/dimensionturistica.com\/es\/wp-json\/wp\/v2\/users\/1"}],"replies":[{"embeddable":true,"href":"https:\/\/dimensionturistica.com\/es\/wp-json\/wp\/v2\/comments?post=1057919"}],"version-history":[{"count":1,"href":"https:\/\/dimensionturistica.com\/es\/wp-json\/wp\/v2\/posts\/1057919\/revisions"}],"predecessor-version":[{"id":1057924,"href":"https:\/\/dimensionturistica.com\/es\/wp-json\/wp\/v2\/posts\/1057919\/revisions\/1057924"}],"wp:attachment":[{"href":"https:\/\/dimensionturistica.com\/es\/wp-json\/wp\/v2\/media?parent=1057919"}],"wp:term":[{"taxonomy":"category","embeddable":true,"href":"https:\/\/dimensionturistica.com\/es\/wp-json\/wp\/v2\/categories?post=1057919"},{"taxonomy":"post_tag","embeddable":true,"href":"https:\/\/dimensionturistica.com\/es\/wp-json\/wp\/v2\/tags?post=1057919"}],"curies":[{"name":"wp","href":"https:\/\/api.w.org\/{rel}","templated":true}]}}