{"id":1057882,"date":"2025-10-08T22:27:31","date_gmt":"2025-10-08T22:27:31","guid":{"rendered":"https:\/\/dimensionturistica.com\/es\/?p=1057882"},"modified":"2025-10-08T22:27:31","modified_gmt":"2025-10-08T22:27:31","slug":"en-queretanos-se-celebrara-la-quinta-edicion-del-festival-del-vino","status":"publish","type":"post","link":"https:\/\/dimensionturistica.com\/es\/en-queretanos-se-celebrara-la-quinta-edicion-del-festival-del-vino\/","title":{"rendered":"En Queretanos se celebrara la quinta edici\u00f3n del Festival del Vino"},"content":{"rendered":"\n<figure class=\"wp-block-gallery has-nested-images columns-default is-cropped wp-block-gallery-1 is-layout-flex wp-block-gallery-is-layout-flex\">\n<figure class=\"wp-block-image size-large\"><img decoding=\"async\" width=\"500\" height=\"145\" data-id=\"1057883\" src=\"https:\/\/dimensionturistica.com\/es\/wp-content\/uploads\/2025\/10\/unnamed.png\" alt=\"\" class=\"wp-image-1057883\" srcset=\"https:\/\/dimensionturistica.com\/es\/wp-content\/uploads\/2025\/10\/unnamed.png 500w, https:\/\/dimensionturistica.com\/es\/wp-content\/uploads\/2025\/10\/unnamed-300x87.png 300w\" sizes=\"(max-width: 500px) 100vw, 500px\" \/><\/figure>\n<\/figure>\n\n\n\n<p>La Secretar\u00eda de Turismo del estado de Quer\u00e9taro, en coordinaci\u00f3n con el Cl\u00faster Vitivin\u00edcola de la entidad, anunciaron la quinta edici\u00f3n del Festival del Vino Queretano, que se realizar\u00e1 los d\u00edas del 17 al 19 de octubre en la Plaza Gran Cue, en el municipio de Corregidora.<\/p>\n\n\n\n<figure class=\"wp-block-gallery has-nested-images columns-default is-cropped wp-block-gallery-2 is-layout-flex wp-block-gallery-is-layout-flex\">\n<figure class=\"wp-block-image size-large\"><img decoding=\"async\" width=\"500\" height=\"333\" data-id=\"1057890\" src=\"https:\/\/dimensionturistica.com\/es\/wp-content\/uploads\/2025\/10\/5que.jpg\" alt=\"\" class=\"wp-image-1057890\" srcset=\"https:\/\/dimensionturistica.com\/es\/wp-content\/uploads\/2025\/10\/5que.jpg 500w, https:\/\/dimensionturistica.com\/es\/wp-content\/uploads\/2025\/10\/5que-300x200.jpg 300w\" sizes=\"(max-width: 500px) 100vw, 500px\" \/><\/figure>\n<\/figure>\n\n\n\n<p>En conferencia de prensa en Punto M\u00e9xico de la Secretar\u00eda de Turismo federal, Rodrigo Ibarra, Director de Promoci\u00f3n Tur\u00edstica, en representaci\u00f3n de la secretaria Adriana Vega V\u00e1zquez Mellado, destac\u00f3 que ser\u00e1 una ocasi\u00f3n para conocer y disfrutar de la producci\u00f3n de vinos queretanos, maridados con quesos y platillos de la regi\u00f3n.<\/p>\n\n\n\n<p>Asegur\u00f3 que Quer\u00e9taro se ha convertido en el principal destino vin\u00edcola del pa\u00eds y explic\u00f3 que la Ruta del Arte, Queso y Vino es el principal producto tur\u00edstico del estado, que recibe al a\u00f1o m\u00e1s de 1.2 millones de visitantes, con una derrama econ\u00f3mica superior a cuatro mil millones de pesos.<\/p>\n\n\n\n<figure class=\"wp-block-gallery has-nested-images columns-default is-cropped wp-block-gallery-3 is-layout-flex wp-block-gallery-is-layout-flex\">\n<figure class=\"wp-block-image size-large\"><img decoding=\"async\" width=\"500\" height=\"375\" data-id=\"1057891\" src=\"https:\/\/dimensionturistica.com\/es\/wp-content\/uploads\/2025\/10\/54QUER.jpg\" alt=\"\" class=\"wp-image-1057891\" srcset=\"https:\/\/dimensionturistica.com\/es\/wp-content\/uploads\/2025\/10\/54QUER.jpg 500w, https:\/\/dimensionturistica.com\/es\/wp-content\/uploads\/2025\/10\/54QUER-300x225.jpg 300w\" sizes=\"(max-width: 500px) 100vw, 500px\" \/><\/figure>\n<\/figure>\n\n\n\n<p>En tanto, Eugenio Parrodi, Presidente del Cl\u00faster Vitivin\u00edcola de Quer\u00e9taro, explic\u00f3 que, en su quinta edici\u00f3n, el Festival del Vino Queretano marca el cierre de la temporada de vendimias y ser\u00e1 una importante vitrina para mostrar a los visitantes las riquezas vin\u00edcolas, ya que reunir\u00e1 en un solo lugar a los diferentes proyectos con m\u00e1s de 300 etiquetas y diferentes actividades como conferencias especializadas, exposiciones, degustaciones, talleres y catas.<\/p>\n\n\n\n<p>Detall\u00f3 que el primer d\u00eda del evento, estar\u00e1 dedicado a la impartici\u00f3n de talleres especializados dirigidos a los vinicultores, con el objetivo de fortalecer las tareas de capacitaci\u00f3n.<\/p>\n\n\n\n<p>Destac\u00f3 que la sede del evento, la Plaza Gran Cue, es un espacio para exposiciones y eventos se localiza a un costado de la pir\u00e1mide en el municipio de Corregidora, una zona arqueol\u00f3gica emblem\u00e1tica de Quer\u00e9taro que ser\u00e1 un gran atractivo para los visitantes.<\/p>\n\n\n\n<figure class=\"wp-block-gallery has-nested-images columns-default is-cropped wp-block-gallery-4 is-layout-flex wp-block-gallery-is-layout-flex\">\n<figure class=\"wp-block-image size-large\"><img decoding=\"async\" width=\"500\" height=\"364\" data-id=\"1057892\" src=\"https:\/\/dimensionturistica.com\/es\/wp-content\/uploads\/2025\/10\/2que.jpg\" alt=\"\" class=\"wp-image-1057892\" srcset=\"https:\/\/dimensionturistica.com\/es\/wp-content\/uploads\/2025\/10\/2que.jpg 500w, https:\/\/dimensionturistica.com\/es\/wp-content\/uploads\/2025\/10\/2que-300x218.jpg 300w, https:\/\/dimensionturistica.com\/es\/wp-content\/uploads\/2025\/10\/2que-120x86.jpg 120w\" sizes=\"(max-width: 500px) 100vw, 500px\" \/><\/figure>\n<\/figure>\n\n\n\n<p>Por su parte, Halina Gama, Directora del Cl\u00faster Vitivin\u00edcola, record\u00f3 que Quer\u00e9taro es la zona vitivin\u00edcola m\u00e1s importante del pa\u00eds, con una extensi\u00f3n de 700 hect\u00e1reas sembradas (80 por ciento usadas para producci\u00f3n de vino). Tiene una producci\u00f3n tres millones y medio de botellas de vino al a\u00f1o, con m\u00e1s de 200 etiquetas.<\/p>\n\n\n\n<p><\/p>\n\n\n\n<p>El estado ocupa el primer lugar nacional de exportaci\u00f3n y producci\u00f3n de vino espumoso hecho con m\u00e9todo tradicional. Anualmente exporta cerca de 60 mil cajas de nueve litros, principalmente a Estados Unidos, Asia y Europa.<\/p>\n\n\n\n<figure class=\"wp-block-gallery has-nested-images columns-default is-cropped wp-block-gallery-5 is-layout-flex wp-block-gallery-is-layout-flex\">\n<figure class=\"wp-block-image size-large\"><img decoding=\"async\" width=\"500\" height=\"333\" data-id=\"1057893\" src=\"https:\/\/dimensionturistica.com\/es\/wp-content\/uploads\/2025\/10\/3que.jpg\" alt=\"\" class=\"wp-image-1057893\" srcset=\"https:\/\/dimensionturistica.com\/es\/wp-content\/uploads\/2025\/10\/3que.jpg 500w, https:\/\/dimensionturistica.com\/es\/wp-content\/uploads\/2025\/10\/3que-300x200.jpg 300w\" sizes=\"(max-width: 500px) 100vw, 500px\" \/><\/figure>\n<\/figure>\n\n\n\n<p>La Ruta del Arte, Queso y Vino de Quer\u00e9taro comprende los municipios de El Marqu\u00e9s, Santa Rosa J\u00e1uregui, Col\u00f3n, Ezequiel Montes (incluye Bernal) y Tequisquiapan. y permite a los visitantes conocer la cultura del queso y el vino, visitar ranchos queseros y bodegas, pasear entre vi\u00f1edos y cavas, y disfrutar de mercados artesanales y otros productos de la regi\u00f3n.<\/p>\n","protected":false},"excerpt":{"rendered":"<p>La Secretar\u00eda de Turismo del estado de Quer\u00e9taro, en coordinaci\u00f3n con el Cl\u00faster Vitivin\u00edcola de la entidad, anunciaron la quinta edici\u00f3n del Festival del Vino Queretano, que se realizar\u00e1 los d\u00edas del 17 al 19 de octubre en la Plaza Gran Cue, en el municipio de Corregidora. En conferencia de prensa en Punto M\u00e9xico de [&hellip;]<\/p>\n","protected":false},"author":1,"featured_media":0,"comment_status":"open","ping_status":"closed","sticky":false,"template":"","format":"standard","meta":{"om_disable_all_campaigns":false,"jnews-multi-image_gallery":[],"jnews_single_post":{"format":"standard"},"jnews_primary_category":[],"jnews_social_meta":[],"footnotes":""},"categories":[43],"tags":[],"class_list":["post-1057882","post","type-post","status-publish","format-standard","hentry","category-gourmet"],"_links":{"self":[{"href":"https:\/\/dimensionturistica.com\/es\/wp-json\/wp\/v2\/posts\/1057882","targetHints":{"allow":["GET"]}}],"collection":[{"href":"https:\/\/dimensionturistica.com\/es\/wp-json\/wp\/v2\/posts"}],"about":[{"href":"https:\/\/dimensionturistica.com\/es\/wp-json\/wp\/v2\/types\/post"}],"author":[{"embeddable":true,"href":"https:\/\/dimensionturistica.com\/es\/wp-json\/wp\/v2\/users\/1"}],"replies":[{"embeddable":true,"href":"https:\/\/dimensionturistica.com\/es\/wp-json\/wp\/v2\/comments?post=1057882"}],"version-history":[{"count":1,"href":"https:\/\/dimensionturistica.com\/es\/wp-json\/wp\/v2\/posts\/1057882\/revisions"}],"predecessor-version":[{"id":1057894,"href":"https:\/\/dimensionturistica.com\/es\/wp-json\/wp\/v2\/posts\/1057882\/revisions\/1057894"}],"wp:attachment":[{"href":"https:\/\/dimensionturistica.com\/es\/wp-json\/wp\/v2\/media?parent=1057882"}],"wp:term":[{"taxonomy":"category","embeddable":true,"href":"https:\/\/dimensionturistica.com\/es\/wp-json\/wp\/v2\/categories?post=1057882"},{"taxonomy":"post_tag","embeddable":true,"href":"https:\/\/dimensionturistica.com\/es\/wp-json\/wp\/v2\/tags?post=1057882"}],"curies":[{"name":"wp","href":"https:\/\/api.w.org\/{rel}","templated":true}]}}