{"id":1057774,"date":"2025-10-08T17:43:06","date_gmt":"2025-10-08T17:43:06","guid":{"rendered":"https:\/\/dimensionturistica.com\/es\/?p=1057774"},"modified":"2025-10-08T17:43:06","modified_gmt":"2025-10-08T17:43:06","slug":"lanzamiento-de-viajes-sin-preocupaciones-a-benidorm-y-las-islas-canarias-como-los-destinos-mas-solicitados","status":"publish","type":"post","link":"https:\/\/dimensionturistica.com\/es\/lanzamiento-de-viajes-sin-preocupaciones-a-benidorm-y-las-islas-canarias-como-los-destinos-mas-solicitados\/","title":{"rendered":"Lanzamiento de viajes &#8220;sin preocupaciones&#8221; a Benidorm y las Islas Canarias como los destinos m\u00e1s solicitados."},"content":{"rendered":"<h3>Descubriendo Destinos de Ensue\u00f1o: Viajes de Tranquilidad en Benidorm y las Islas Canarias<\/h3>\n<p>En un mundo donde el ritmo de vida es cada vez m\u00e1s agitado, la b\u00fasqueda de momentos de calma y desconexi\u00f3n se ha vuelto primordial para muchos. En este sentido, Espa\u00f1a se posiciona como un oasis de paz, ofreciendo parajes id\u00f3neos que invitan a la relajaci\u00f3n y a la contemplaci\u00f3n. Dos de los m\u00e1s destacados destinos son Benidorm y las Islas Canarias, ideales para aquellos que anhelan escapar del bullicio y disfrutar de unas vacaciones tranquilas.<\/p>\n<h4>Benidorm: Un Refugio en la Costa Blanca<\/h4>\n<p>Aunque tradicionalmente asociado con un turismo vibrante y festivo, Benidorm ha evolucionado para ofrecer tambi\u00e9n espacios que promueven la paz y el descanso. Sus playas de aguas cristalinas y suaves arenas son perfectas para una jornada de relajaci\u00f3n bajo el sol. Desde los paseos mar\u00edtimos, puedes disfrutar de vistas panor\u00e1micas impresionantes mientras te dejas llevar por la brisa del mar.<\/p>\n<p>Los servicios tur\u00edsticos han adaptado sus propuestas para incluir retiros de bienestar, spa y \u00e1reas de meditaci\u00f3n, ideales para aquellos que buscan desconectar. Adem\u00e1s, no hay que olvidar la rica oferta gastron\u00f3mica que, junto a la frescura de sus productos locales, se convierte en una experiencia que estimula todos los sentidos.<\/p>\n<h4>Islas Canarias: La Naturaleza en su M\u00e1xima Expresi\u00f3n<\/h4>\n<p>Por otro lado, las Islas Canarias emergen como un destino privilegiado para los amantes de la naturaleza y la tranquilidad. Cada isla, con su particular paisaje y cultura, ofrece innumerables oportunidades para ser uno con el entorno. Desde las impresionantes playas de Lanzarote hasta las exuberantes monta\u00f1as de La Palma, cada rinc\u00f3n canario parece dise\u00f1ado para la introspecci\u00f3n y el disfrute de un ritmo m\u00e1s pausado.<\/p>\n<p>Los espacios naturales, como el Parque Nacional del Teide en Tenerife, brindan la oportunidad de explorar senderos que te llevan a trav\u00e9s de volcanes y paisajes lunares, perfectos para una jornada de reflexi\u00f3n o para simplemente dejarse impresionar por la belleza del entorno.<\/p>\n<h4>Programas de Viaje para Todos<\/h4>\n<p>Recientemente, organismos especializados en turismo han iniciado la promoci\u00f3n de planes de viaje que fomentan una experiencia serena. Estos programas est\u00e1n dise\u00f1ados para ofrecer un equilibrio perfecto entre el descanso y el ocio, atrayendo a aquellos que desean rejuvenecer su esp\u00edritu. Desde actividades como yoga en la playa hasta rutas de senderismo en entornos naturales, cada opci\u00f3n est\u00e1 pensada para nutrir el alma y reinvigorarte.<\/p>\n<p>La combinaci\u00f3n de un buen clima durante todo el a\u00f1o, junto con la amabilidad de sus habitantes, convierte tanto a Benidorm como a las Islas Canarias en destinos de elecci\u00f3n para quienes buscan reconectar consigo mismos y con la naturaleza.<\/p>\n<h4>Preparando la Maleta<\/h4>\n<p>Si est\u00e1s pensando en una escapada a estos destinos, aseg\u00farate de incluir en tu maleta ropa c\u00f3moda y ligera, accesorios para disfrutar del sol y, por supuesto, una buena c\u00e1mara para capturar los recuerdos. Ya sea que optes por un viaje a la costa levantina o te inclines hacia el archipi\u00e9lago canario, el verdadero tesoro de estos lugares es el tiempo para ti mismo, lejos del ajetreo cotidiano.<\/p>\n<p>En conclusi\u00f3n, Benidorm y las Islas Canarias no son solo destinos vacacionales; son lugares que fomentan la paz interior y la tranquilidad. Prep\u00e1rate para emprender un viaje que no solo te lleve a bellos paisajes, sino tambi\u00e9n a una conexi\u00f3n m\u00e1s profunda contigo mismo y con el entorno que te rodea. \u00a1La aventura en b\u00fasqueda de la serenidad est\u00e1 a punto de comenzar!<\/p>\n<p><em> &#8221; Sources www.europapress.es &#8221; <\/em><\/p>\n","protected":false},"excerpt":{"rendered":"<p>Descubriendo Destinos de Ensue\u00f1o: Viajes de Tranquilidad en Benidorm y las Islas Canarias En un mundo donde el ritmo de vida es cada vez m\u00e1s agitado, la b\u00fasqueda de momentos de calma y desconexi\u00f3n se ha vuelto primordial para muchos. En este sentido, Espa\u00f1a se posiciona como un oasis de paz, ofreciendo parajes id\u00f3neos que [&hellip;]<\/p>\n","protected":false},"author":4,"featured_media":1057776,"comment_status":"open","ping_status":"closed","sticky":false,"template":"","format":"standard","meta":{"om_disable_all_campaigns":false,"jnews-multi-image_gallery":[],"jnews_single_post":[],"jnews_primary_category":[],"jnews_social_meta":[],"footnotes":""},"categories":[40],"tags":[862,44709,251688,813,4517,5634,544,51201,20032,545],"class_list":["post-1057774","post","type-post","status-publish","format-standard","has-post-thumbnail","hentry","category-industria","tag-benidorm","tag-destinos-favoritos","tag-geriatria","tag-imserso","tag-islas-canarias","tag-tranquilidad","tag-turismo","tag-turismo-accesible","tag-venta-de-viajes","tag-viajes"],"_links":{"self":[{"href":"https:\/\/dimensionturistica.com\/es\/wp-json\/wp\/v2\/posts\/1057774","targetHints":{"allow":["GET"]}}],"collection":[{"href":"https:\/\/dimensionturistica.com\/es\/wp-json\/wp\/v2\/posts"}],"about":[{"href":"https:\/\/dimensionturistica.com\/es\/wp-json\/wp\/v2\/types\/post"}],"author":[{"embeddable":true,"href":"https:\/\/dimensionturistica.com\/es\/wp-json\/wp\/v2\/users\/4"}],"replies":[{"embeddable":true,"href":"https:\/\/dimensionturistica.com\/es\/wp-json\/wp\/v2\/comments?post=1057774"}],"version-history":[{"count":1,"href":"https:\/\/dimensionturistica.com\/es\/wp-json\/wp\/v2\/posts\/1057774\/revisions"}],"predecessor-version":[{"id":1057777,"href":"https:\/\/dimensionturistica.com\/es\/wp-json\/wp\/v2\/posts\/1057774\/revisions\/1057777"}],"wp:featuredmedia":[{"embeddable":true,"href":"https:\/\/dimensionturistica.com\/es\/wp-json\/wp\/v2\/media\/1057776"}],"wp:attachment":[{"href":"https:\/\/dimensionturistica.com\/es\/wp-json\/wp\/v2\/media?parent=1057774"}],"wp:term":[{"taxonomy":"category","embeddable":true,"href":"https:\/\/dimensionturistica.com\/es\/wp-json\/wp\/v2\/categories?post=1057774"},{"taxonomy":"post_tag","embeddable":true,"href":"https:\/\/dimensionturistica.com\/es\/wp-json\/wp\/v2\/tags?post=1057774"}],"curies":[{"name":"wp","href":"https:\/\/api.w.org\/{rel}","templated":true}]}}