{"id":1057586,"date":"2025-10-08T09:49:38","date_gmt":"2025-10-08T09:49:38","guid":{"rendered":"https:\/\/dimensionturistica.com\/es\/?p=1057586"},"modified":"2025-10-08T09:49:38","modified_gmt":"2025-10-08T09:49:38","slug":"cuatro-dias-de-soledad-en-el-camino-de-santiago-desde-benidorm-un-viaje-sin-encuentro","status":"publish","type":"post","link":"https:\/\/dimensionturistica.com\/es\/cuatro-dias-de-soledad-en-el-camino-de-santiago-desde-benidorm-un-viaje-sin-encuentro\/","title":{"rendered":"Cuatro d\u00edas de soledad en el Camino de Santiago desde Benidorm: un viaje sin encuentro"},"content":{"rendered":"<h3>Un Viaje Espiritual por el Camino de Santiago: Desde Benidorm en Cuatro D\u00edas<\/h3>\n<p>Cada a\u00f1o, miles de peregrinos de todo el mundo se embarcan en una traves\u00eda llena de significado y espiritualidad: el Camino de Santiago. Pero, \u00bfqu\u00e9 pasar\u00eda si decidieras comenzar esta aventura desde Benidorm? Una haza\u00f1a que, aunque poco habitual, resulta ser una experiencia profundamente enriquecedora.<\/p>\n<h4>Un Desaf\u00edo Personal<\/h4>\n<p>Imagina salir de la bulliciosa costa de Benidorm, con sus impresionantes rascacielos y animadas playas, y comenzar a caminar hacia el norte. La decisi\u00f3n de emprender esta aventura no es solo un reto f\u00edsico, sino que tambi\u00e9n se convierte en un momento de introspecci\u00f3n y descubrimiento personal. Para muchos, el camino se transforma en una oportunidad para reflexionar sobre la vida, las decisiones y el futuro.<\/p>\n<h4>La Ruta menos Transitada<\/h4>\n<p>Una de las particularidades de esta propuesta es que, al optar por empezar el recorrido desde un punto menos convencional como Benidorm, uno se aleja de las multitudes. Llenarse de la tranquilidad del paisaje natural y encontrarse en un entorno donde las interacciones sociales son m\u00ednimas, permite a los peregrinos conectar con su interior y disfrutar de la belleza del entorno sin distracciones.<\/p>\n<h4>Un Encuentro con la Naturaleza<\/h4>\n<p>El camino hacia Santiago es conocido por su diversidad de paisajes, y la ruta desde Benidorm no es la excepci\u00f3n. Este trayecto lleva a los caminantes a trav\u00e9s de monta\u00f1as, senderos boscosos y peque\u00f1as aldeas encantadoras donde el tiempo parece haberse detenido. Cada paso permite abrirse a nuevas experiencias y dejarse asombrar por la belleza esc\u00e9nica, que ofrece desde vistas impresionantes hasta momentos de paz y soledad.<\/p>\n<h4>Los Beneficios de la Soledad<\/h4>\n<p>Al marchar en soledad, los peregrinos tienen la oportunidad de sumergirse en sus pensamientos y emociones. La medici\u00f3n del tiempo y del propio caminar se convierte en un ejercicio de conexi\u00f3n \u00edntima. Sin la presencia constante de otros caminantes, se genera un espacio propicio para la autorreflexi\u00f3n y la meditaci\u00f3n, experiencias que son \u00fanicas y personales.<\/p>\n<h4>Preparativos para la Aventura<\/h4>\n<p>Para quienes est\u00e9n dispuestos a enfrentarse a este recorrido desde Benidorm, es fundamental prepararse adecuadamente. Desde elegir el calzado correcto hasta planificar la ruta y los alojamientos, cada detalle es importante. Tambi\u00e9n es recomendable llevar suficiente agua y alimentos, as\u00ed como un mapa o gu\u00eda actualizada del Camino de Santiago. <\/p>\n<h4>Reflexiones Finales<\/h4>\n<p>Al finalizar este viaje de cuatro d\u00edas, el peregrino no solo habr\u00e1 recorrido una distancia significativa, sino que habr\u00e1 acumulado historias y experiencias que enriquecer\u00e1n su vida. Esta aventura es un recordatorio de que cada camino es \u00fanico y puede transformarse en un viaje de descubrimiento personal.<\/p>\n<p>As\u00ed que, si est\u00e1s considerando una experiencia fuera de lo com\u00fan, quiz\u00e1s sea hora de atarte las botas y comenzar a caminar. Desde la playa de Benidorm hacia el coraz\u00f3n de Santiago, la distancia se vuelve un mero n\u00famero frente a la grandeza de la experiencia humana. Desaf\u00edate a ti mismo y descubre no solo el mundo que te rodea, sino tambi\u00e9n la esencia de quien realmente eres.<\/p>\n<p><em> &#8221; Fuentes www.infobae.com &#8221; <\/em><\/p>\n","protected":false},"excerpt":{"rendered":"<p>Un Viaje Espiritual por el Camino de Santiago: Desde Benidorm en Cuatro D\u00edas Cada a\u00f1o, miles de peregrinos de todo el mundo se embarcan en una traves\u00eda llena de significado y espiritualidad: el Camino de Santiago. Pero, \u00bfqu\u00e9 pasar\u00eda si decidieras comenzar esta aventura desde Benidorm? Una haza\u00f1a que, aunque poco habitual, resulta ser una [&hellip;]<\/p>\n","protected":false},"author":4,"featured_media":1057587,"comment_status":"open","ping_status":"closed","sticky":false,"template":"","format":"standard","meta":{"om_disable_all_campaigns":false,"jnews-multi-image_gallery":[],"jnews_single_post":[],"jnews_primary_category":[],"jnews_social_meta":[],"footnotes":""},"categories":[39],"tags":[13687,862,24910,3647,2189,3418,26664,32649,17372,685],"class_list":["post-1057586","post","type-post","status-publish","format-standard","has-post-thumbnail","hentry","category-viajes","tag-aventura","tag-benidorm","tag-camino-de-santiago","tag-experiencia","tag-naturaleza","tag-peregrinacion","tag-reflexion","tag-richard","tag-soledad","tag-travel"],"_links":{"self":[{"href":"https:\/\/dimensionturistica.com\/es\/wp-json\/wp\/v2\/posts\/1057586","targetHints":{"allow":["GET"]}}],"collection":[{"href":"https:\/\/dimensionturistica.com\/es\/wp-json\/wp\/v2\/posts"}],"about":[{"href":"https:\/\/dimensionturistica.com\/es\/wp-json\/wp\/v2\/types\/post"}],"author":[{"embeddable":true,"href":"https:\/\/dimensionturistica.com\/es\/wp-json\/wp\/v2\/users\/4"}],"replies":[{"embeddable":true,"href":"https:\/\/dimensionturistica.com\/es\/wp-json\/wp\/v2\/comments?post=1057586"}],"version-history":[{"count":1,"href":"https:\/\/dimensionturistica.com\/es\/wp-json\/wp\/v2\/posts\/1057586\/revisions"}],"predecessor-version":[{"id":1057588,"href":"https:\/\/dimensionturistica.com\/es\/wp-json\/wp\/v2\/posts\/1057586\/revisions\/1057588"}],"wp:featuredmedia":[{"embeddable":true,"href":"https:\/\/dimensionturistica.com\/es\/wp-json\/wp\/v2\/media\/1057587"}],"wp:attachment":[{"href":"https:\/\/dimensionturistica.com\/es\/wp-json\/wp\/v2\/media?parent=1057586"}],"wp:term":[{"taxonomy":"category","embeddable":true,"href":"https:\/\/dimensionturistica.com\/es\/wp-json\/wp\/v2\/categories?post=1057586"},{"taxonomy":"post_tag","embeddable":true,"href":"https:\/\/dimensionturistica.com\/es\/wp-json\/wp\/v2\/tags?post=1057586"}],"curies":[{"name":"wp","href":"https:\/\/api.w.org\/{rel}","templated":true}]}}