{"id":1057489,"date":"2025-10-08T04:14:52","date_gmt":"2025-10-08T04:14:52","guid":{"rendered":"https:\/\/dimensionturistica.com\/es\/?p=1057489"},"modified":"2025-10-08T04:14:52","modified_gmt":"2025-10-08T04:14:52","slug":"en-alianza-con-la-fundacion-coppel-la-sedeco-campeche-firma-convenio-en-beneficio-de-emprendedores-y-empresarios-locales","status":"publish","type":"post","link":"https:\/\/dimensionturistica.com\/es\/en-alianza-con-la-fundacion-coppel-la-sedeco-campeche-firma-convenio-en-beneficio-de-emprendedores-y-empresarios-locales\/","title":{"rendered":"En alianza con la Fundaci\u00f3n Coppel, la SEDECO Campeche firma convenio en beneficio de emprendedores y empresarios locales"},"content":{"rendered":"\n<figure class=\"wp-block-gallery has-nested-images columns-default is-cropped wp-block-gallery-1 is-layout-flex wp-block-gallery-is-layout-flex\">\n<figure class=\"wp-block-image size-large\"><img decoding=\"async\" width=\"400\" height=\"40\" data-id=\"1057490\" src=\"https:\/\/dimensionturistica.com\/es\/wp-content\/uploads\/2025\/10\/1coppel.jpg\" alt=\"\" class=\"wp-image-1057490\" srcset=\"https:\/\/dimensionturistica.com\/es\/wp-content\/uploads\/2025\/10\/1coppel.jpg 400w, https:\/\/dimensionturistica.com\/es\/wp-content\/uploads\/2025\/10\/1coppel-300x30.jpg 300w\" sizes=\"(max-width: 400px) 100vw, 400px\" \/><\/figure>\n<\/figure>\n\n\n\n<p><em>La Secretar\u00eda de Desarrollo Econ\u00f3mico (SEDECO) de Campeche y Fundaci\u00f3n Coppel, firmaron un convenio de colaboraci\u00f3n para fortalecer el ecosistema emprendedor del estado mediante Coppel Emprende, una plataforma gratuita de capacitaci\u00f3n en l\u00ednea dise\u00f1ada para impulsar el crecimiento y la profesionalizaci\u00f3n de los due\u00f1os de negocios.<\/em><em><\/em><\/p>\n\n\n\n<p><em>La alianza tiene como prop\u00f3sito acercar herramientas digitales, cursos y acompa\u00f1amiento a emprendedores y empresarios locales, con el fin de que consoliden sus negocios, incrementen sus ingresos y contribuyan al desarrollo econ\u00f3mico y social de sus comunidades.<\/em><em><\/em><\/p>\n\n\n\n<figure class=\"wp-block-gallery has-nested-images columns-default is-cropped wp-block-gallery-2 is-layout-flex wp-block-gallery-is-layout-flex\">\n<figure class=\"wp-block-image size-large\"><img decoding=\"async\" width=\"500\" height=\"335\" data-id=\"1057491\" src=\"https:\/\/dimensionturistica.com\/es\/wp-content\/uploads\/2025\/10\/5coppel.jpg\" alt=\"\" class=\"wp-image-1057491\" srcset=\"https:\/\/dimensionturistica.com\/es\/wp-content\/uploads\/2025\/10\/5coppel.jpg 500w, https:\/\/dimensionturistica.com\/es\/wp-content\/uploads\/2025\/10\/5coppel-300x201.jpg 300w\" sizes=\"(max-width: 500px) 100vw, 500px\" \/><\/figure>\n<\/figure>\n\n\n\n<p><em>El titular de la SEDECO, Jorge Lavalle Maury, encabez\u00f3 la firma del acuerdo junto a Pedro Estrella Casillas, Director de Asuntos P\u00fablicos y Relaciones Estrat\u00e9gicas de Grupo Coppel, en representaci\u00f3n de Fundaci\u00f3n Coppel.<\/em><em><\/em><\/p>\n\n\n\n<p><em>\u201cEsta colaboraci\u00f3n representa una oportunidad para que las y los campechanos que ya cuentan con un negocio puedan acceder a conocimiento pr\u00e1ctico y actualizado, que les permita hacerlo crecer con bases s\u00f3lidas. Muy pronto lanzaremos una convocatoria estatal para que m\u00e1s emprendedores se sumen a esta iniciativa\u201d, se\u00f1al\u00f3 Lavalle Maury.<\/em><em><\/em><\/p>\n\n\n\n<p><em>Por su parte, Pedro Estrella destac\u00f3 el impacto social del programa: \u201cEn Fundaci\u00f3n Coppel creemos que el desarrollo econ\u00f3mico y social comienza con negocios que sostienen familias y activan comunidades. Por eso, trabajamos para fortalecer a las personas emprendedoras y el ecosistema que impulsa su desarrollo. Esta alianza con el Gobierno de Campeche refleja c\u00f3mo la colaboraci\u00f3n entre sector p\u00fablico y privado puede abrir m\u00e1s oportunidades para el crecimiento local, porque cuando crece un negocio, crece tambi\u00e9n una familia y su comunidad.\u201d<\/em><em><\/em><\/p>\n\n\n\n<p><em>Coppel Emprende es un programa 100% en l\u00ednea que permite a las y los propietarios de micro y peque\u00f1as empresas acceder a cursos y materiales desde cualquier lugar, optimizando su tiempo y aplicando lo aprendido directamente en la operaci\u00f3n de sus negocios. Adicionalmente, los usuarios tienen acceso a webinars, mentor\u00edas y asesor\u00edas personalizadas que contribuyen a su crecimiento.<\/em><em><\/em><\/p>\n\n\n\n<p><em>Con esta iniciativa, Campeche se suma a los estados que impulsan el desarrollo de sus MiPyMEs mediante alianzas p\u00fablico-privadas, fortaleciendo las capacidades empresariales locales, mejorando la gesti\u00f3n interna de los negocios y potenciando su papel como motores de empleo y bienestar.<\/em><em><\/em><\/p>\n","protected":false},"excerpt":{"rendered":"<p>La Secretar\u00eda de Desarrollo Econ\u00f3mico (SEDECO) de Campeche y Fundaci\u00f3n Coppel, firmaron un convenio de colaboraci\u00f3n para fortalecer el ecosistema emprendedor del estado mediante Coppel Emprende, una plataforma gratuita de capacitaci\u00f3n en l\u00ednea dise\u00f1ada para impulsar el crecimiento y la profesionalizaci\u00f3n de los due\u00f1os de negocios. La alianza tiene como prop\u00f3sito acercar herramientas digitales, cursos [&hellip;]<\/p>\n","protected":false},"author":1,"featured_media":0,"comment_status":"open","ping_status":"closed","sticky":false,"template":"","format":"standard","meta":{"om_disable_all_campaigns":false,"jnews-multi-image_gallery":[],"jnews_single_post":[],"jnews_primary_category":[],"jnews_social_meta":[],"footnotes":""},"categories":[40],"tags":[],"class_list":["post-1057489","post","type-post","status-publish","format-standard","hentry","category-industria"],"_links":{"self":[{"href":"https:\/\/dimensionturistica.com\/es\/wp-json\/wp\/v2\/posts\/1057489","targetHints":{"allow":["GET"]}}],"collection":[{"href":"https:\/\/dimensionturistica.com\/es\/wp-json\/wp\/v2\/posts"}],"about":[{"href":"https:\/\/dimensionturistica.com\/es\/wp-json\/wp\/v2\/types\/post"}],"author":[{"embeddable":true,"href":"https:\/\/dimensionturistica.com\/es\/wp-json\/wp\/v2\/users\/1"}],"replies":[{"embeddable":true,"href":"https:\/\/dimensionturistica.com\/es\/wp-json\/wp\/v2\/comments?post=1057489"}],"version-history":[{"count":1,"href":"https:\/\/dimensionturistica.com\/es\/wp-json\/wp\/v2\/posts\/1057489\/revisions"}],"predecessor-version":[{"id":1057492,"href":"https:\/\/dimensionturistica.com\/es\/wp-json\/wp\/v2\/posts\/1057489\/revisions\/1057492"}],"wp:attachment":[{"href":"https:\/\/dimensionturistica.com\/es\/wp-json\/wp\/v2\/media?parent=1057489"}],"wp:term":[{"taxonomy":"category","embeddable":true,"href":"https:\/\/dimensionturistica.com\/es\/wp-json\/wp\/v2\/categories?post=1057489"},{"taxonomy":"post_tag","embeddable":true,"href":"https:\/\/dimensionturistica.com\/es\/wp-json\/wp\/v2\/tags?post=1057489"}],"curies":[{"name":"wp","href":"https:\/\/api.w.org\/{rel}","templated":true}]}}