{"id":1057450,"date":"2025-10-08T03:24:55","date_gmt":"2025-10-08T03:24:55","guid":{"rendered":"https:\/\/dimensionturistica.com\/es\/?p=1057450"},"modified":"2025-10-08T03:24:55","modified_gmt":"2025-10-08T03:24:55","slug":"ocesa-es-reconocida-por-iq-magazine-como-uno-de-los-green-guardians-de-la-industria-por-su-liderazgo-en-sostenibilidad","status":"publish","type":"post","link":"https:\/\/dimensionturistica.com\/es\/ocesa-es-reconocida-por-iq-magazine-como-uno-de-los-green-guardians-de-la-industria-por-su-liderazgo-en-sostenibilidad\/","title":{"rendered":"OCESA es reconocida por IQ Magazine como uno de los Green Guardians de la industria, por su liderazgo en sostenibilidad"},"content":{"rendered":"\n<figure class=\"wp-block-gallery has-nested-images columns-default is-cropped wp-block-gallery-1 is-layout-flex wp-block-gallery-is-layout-flex\">\n<figure class=\"wp-block-image size-large\"><img decoding=\"async\" width=\"500\" height=\"219\" data-id=\"1057451\" src=\"https:\/\/dimensionturistica.com\/es\/wp-content\/uploads\/2025\/10\/4OCESA.jpg\" alt=\"\" class=\"wp-image-1057451\" srcset=\"https:\/\/dimensionturistica.com\/es\/wp-content\/uploads\/2025\/10\/4OCESA.jpg 500w, https:\/\/dimensionturistica.com\/es\/wp-content\/uploads\/2025\/10\/4OCESA-300x131.jpg 300w\" sizes=\"(max-width: 500px) 100vw, 500px\" \/><\/figure>\n<\/figure>\n\n\n\n<p><em>OCESA ha sido reconocida por IQ Magazine dentro de su lista anual Green Guardians, que reconoce a las personas, empresas e iniciativas m\u00e1s innovadoras y comprometidas con la sostenibilidad en la industria del entretenimiento en vivo a nivel global. Esta distinci\u00f3n, otorgada por un panel internacional de especialistas en sustentabilidad, coloca a OCESA junto a referentes mundiales como Coldplay, PixMob y Maggie Baird, reafirmando su papel como l\u00edder en la transici\u00f3n hacia un futuro m\u00e1s sostenible en la m\u00fasica y el entretenimiento.<\/em><em><\/em><\/p>\n\n\n\n<p><\/p>\n\n\n\n<p><em>Compromiso con est\u00e1ndares internacionales<\/em><em><\/em><\/p>\n\n\n\n<figure class=\"wp-block-gallery has-nested-images columns-default is-cropped wp-block-gallery-2 is-layout-flex wp-block-gallery-is-layout-flex\">\n<figure class=\"wp-block-image size-large\"><img decoding=\"async\" width=\"500\" height=\"307\" data-id=\"1057453\" src=\"https:\/\/dimensionturistica.com\/es\/wp-content\/uploads\/2025\/10\/1OCESA.jpg\" alt=\"\" class=\"wp-image-1057453\" srcset=\"https:\/\/dimensionturistica.com\/es\/wp-content\/uploads\/2025\/10\/1OCESA.jpg 500w, https:\/\/dimensionturistica.com\/es\/wp-content\/uploads\/2025\/10\/1OCESA-300x184.jpg 300w\" sizes=\"(max-width: 500px) 100vw, 500px\" \/><\/figure>\n<\/figure>\n\n\n\n<p><em>OCESA ha implementado acciones pioneras que se alinean con los m\u00e1s altos est\u00e1ndares de sostenibilidad en festivales y conciertos. A trav\u00e9s de certificaciones como la ISO 20121 en eventos emblem\u00e1ticos como Corona Capital, la empresa ha adoptado medidas que incluyen la eliminaci\u00f3n de pl\u00e1sticos de un solo uso, el uso de vasos reutilizables y la digitalizaci\u00f3n de m\u00e1s de 18 millones de boletos mediante el programa SafeTix de Ticketmaster, reduciendo significativamente el impacto ambiental de sus operaciones.<\/em><em><\/em><\/p>\n\n\n\n<p><em>Otras de las acciones que generan impacto positivo, son:<\/em><em><\/em><\/p>\n\n\n\n<figure class=\"wp-block-gallery has-nested-images columns-default is-cropped wp-block-gallery-3 is-layout-flex wp-block-gallery-is-layout-flex\">\n<figure class=\"wp-block-image size-large\"><img decoding=\"async\" width=\"500\" height=\"261\" data-id=\"1057458\" src=\"https:\/\/dimensionturistica.com\/es\/wp-content\/uploads\/2025\/10\/5OCVESA.jpg\" alt=\"\" class=\"wp-image-1057458\" srcset=\"https:\/\/dimensionturistica.com\/es\/wp-content\/uploads\/2025\/10\/5OCVESA.jpg 500w, https:\/\/dimensionturistica.com\/es\/wp-content\/uploads\/2025\/10\/5OCVESA-300x157.jpg 300w\" sizes=\"(max-width: 500px) 100vw, 500px\" \/><\/figure>\n<\/figure>\n\n\n\n<p><em>\u00b7 &nbsp;&nbsp;&nbsp;&nbsp;&nbsp;&nbsp;Con el programa Hagamos Composta, activo en la pasada edici\u00f3n de Corona Capital, m\u00e1s de una tonelada de residuos org\u00e1nicos se transformaron en 165 kg de composta, evitando la emisi\u00f3n de 11,800 kg de CO\u2082 en un solo evento.<\/em><em><\/em><\/p>\n\n\n\n<p><em>&nbsp;\u00b7 &nbsp;&nbsp;&nbsp;&nbsp;&nbsp;&nbsp;La adopci\u00f3n de transacciones cashless en festivales como Tecate Emblema ha evitado cientos de kilogramos de desperdicio de papel.<\/em><em><\/em><\/p>\n\n\n\n<figure class=\"wp-block-gallery has-nested-images columns-default is-cropped wp-block-gallery-4 is-layout-flex wp-block-gallery-is-layout-flex\">\n<figure class=\"wp-block-image size-large\"><img decoding=\"async\" width=\"500\" height=\"333\" data-id=\"1057459\" src=\"https:\/\/dimensionturistica.com\/es\/wp-content\/uploads\/2025\/10\/2OCESA.jpg\" alt=\"\" class=\"wp-image-1057459\" srcset=\"https:\/\/dimensionturistica.com\/es\/wp-content\/uploads\/2025\/10\/2OCESA.jpg 500w, https:\/\/dimensionturistica.com\/es\/wp-content\/uploads\/2025\/10\/2OCESA-300x200.jpg 300w\" sizes=\"(max-width: 500px) 100vw, 500px\" \/><\/figure>\n<\/figure>\n\n\n\n<p><em>&nbsp;\u00b7 &nbsp;&nbsp;&nbsp;&nbsp;&nbsp;&nbsp;En el Aut\u00f3dromo Hermanos Rodr\u00edguez, sede de varios festivales masivos, se han instalado sistemas de iluminaci\u00f3n solar y se alcanz\u00f3 una cobertura del 80% en tecnolog\u00eda LED en la pista.<\/em><em><\/em><\/p>\n\n\n\n<p><em>&nbsp;\u00b7 &nbsp;&nbsp;&nbsp;&nbsp;&nbsp;&nbsp;Nuestra agencia creativa Live Events utiliza luces cero emisiones en montajes nocturnos y trabaja en la integraci\u00f3n de paneles solares para electrificar gradas y activaciones de marca. <\/em><em><\/em><\/p>\n\n\n\n<figure class=\"wp-block-gallery has-nested-images columns-default is-cropped wp-block-gallery-5 is-layout-flex wp-block-gallery-is-layout-flex\">\n<figure class=\"wp-block-image size-large\"><img decoding=\"async\" width=\"500\" height=\"625\" data-id=\"1057460\" src=\"https:\/\/dimensionturistica.com\/es\/wp-content\/uploads\/2025\/10\/6OCSE.jpg\" alt=\"\" class=\"wp-image-1057460\" srcset=\"https:\/\/dimensionturistica.com\/es\/wp-content\/uploads\/2025\/10\/6OCSE.jpg 500w, https:\/\/dimensionturistica.com\/es\/wp-content\/uploads\/2025\/10\/6OCSE-240x300.jpg 240w\" sizes=\"(max-width: 500px) 100vw, 500px\" \/><\/figure>\n<\/figure>\n\n\n\n<p><em>\u00b7 &nbsp;&nbsp;&nbsp;&nbsp;&nbsp;&nbsp;A trav\u00e9s de Fundaci\u00f3n OCESA, cobra vida la iniciativa VIBRA, dise\u00f1ada para que personas con discapacidad auditiva puedan conectarse con la m\u00fasica de una manera \u00fanica e inmersiva a trav\u00e9s de chalecos sensoriales de \u00faltima generaci\u00f3n y la interpretaci\u00f3n en Lengua de Se\u00f1as Mexicana (LSM).<\/em><em><\/em><\/p>\n\n\n\n<p><em>&nbsp;\u00b7 &nbsp;&nbsp;&nbsp;&nbsp;&nbsp;&nbsp;El equipo de anfitriones incluyentes est\u00e1 al pendiente del p\u00fablico que requiere de su apoyo y atenci\u00f3n para brind\u00e1rselos sin costo alguno en su ingreso, con traslado en silla de ruedas o en un veh\u00edculo adaptado para usuarios de sillas de ruedas.<\/em><em><\/em><\/p>\n\n\n\n<figure class=\"wp-block-gallery has-nested-images columns-default is-cropped wp-block-gallery-6 is-layout-flex wp-block-gallery-is-layout-flex\">\n<figure class=\"wp-block-image size-large\"><img decoding=\"async\" width=\"500\" height=\"625\" data-id=\"1057462\" src=\"https:\/\/dimensionturistica.com\/es\/wp-content\/uploads\/2025\/10\/7OCESA.jpg\" alt=\"\" class=\"wp-image-1057462\" srcset=\"https:\/\/dimensionturistica.com\/es\/wp-content\/uploads\/2025\/10\/7OCESA.jpg 500w, https:\/\/dimensionturistica.com\/es\/wp-content\/uploads\/2025\/10\/7OCESA-240x300.jpg 240w\" sizes=\"(max-width: 500px) 100vw, 500px\" \/><\/figure>\n<\/figure>\n\n\n\n<p><em>&nbsp;\u00b7 &nbsp;&nbsp;&nbsp;&nbsp;&nbsp;&nbsp;Con el objetivo de crear una cadena de valor sostenible, OCESA comparte su visi\u00f3n con todos sus proveedores para construir una red colaborativa que impulse la eliminaci\u00f3n, reducci\u00f3n, reutilizaci\u00f3n y prevenci\u00f3n de residuos.<\/em><em><\/em><\/p>\n\n\n\n<p><em>Con estas acciones, OCESA reafirma su compromiso con ofrecer experiencias de clase mundial que sean sostenibles y generen valor para las comunidades.<\/em><em><\/em><\/p>\n","protected":false},"excerpt":{"rendered":"<p>OCESA ha sido reconocida por IQ Magazine dentro de su lista anual Green Guardians, que reconoce a las personas, empresas e iniciativas m\u00e1s innovadoras y comprometidas con la sostenibilidad en la industria del entretenimiento en vivo a nivel global. Esta distinci\u00f3n, otorgada por un panel internacional de especialistas en sustentabilidad, coloca a OCESA junto a [&hellip;]<\/p>\n","protected":false},"author":1,"featured_media":0,"comment_status":"open","ping_status":"closed","sticky":false,"template":"","format":"standard","meta":{"om_disable_all_campaigns":false,"jnews-multi-image_gallery":[],"jnews_single_post":[],"jnews_primary_category":[],"jnews_social_meta":[],"footnotes":""},"categories":[40],"tags":[],"class_list":["post-1057450","post","type-post","status-publish","format-standard","hentry","category-industria"],"_links":{"self":[{"href":"https:\/\/dimensionturistica.com\/es\/wp-json\/wp\/v2\/posts\/1057450","targetHints":{"allow":["GET"]}}],"collection":[{"href":"https:\/\/dimensionturistica.com\/es\/wp-json\/wp\/v2\/posts"}],"about":[{"href":"https:\/\/dimensionturistica.com\/es\/wp-json\/wp\/v2\/types\/post"}],"author":[{"embeddable":true,"href":"https:\/\/dimensionturistica.com\/es\/wp-json\/wp\/v2\/users\/1"}],"replies":[{"embeddable":true,"href":"https:\/\/dimensionturistica.com\/es\/wp-json\/wp\/v2\/comments?post=1057450"}],"version-history":[{"count":1,"href":"https:\/\/dimensionturistica.com\/es\/wp-json\/wp\/v2\/posts\/1057450\/revisions"}],"predecessor-version":[{"id":1057463,"href":"https:\/\/dimensionturistica.com\/es\/wp-json\/wp\/v2\/posts\/1057450\/revisions\/1057463"}],"wp:attachment":[{"href":"https:\/\/dimensionturistica.com\/es\/wp-json\/wp\/v2\/media?parent=1057450"}],"wp:term":[{"taxonomy":"category","embeddable":true,"href":"https:\/\/dimensionturistica.com\/es\/wp-json\/wp\/v2\/categories?post=1057450"},{"taxonomy":"post_tag","embeddable":true,"href":"https:\/\/dimensionturistica.com\/es\/wp-json\/wp\/v2\/tags?post=1057450"}],"curies":[{"name":"wp","href":"https:\/\/api.w.org\/{rel}","templated":true}]}}