{"id":1057438,"date":"2025-10-08T02:59:19","date_gmt":"2025-10-08T02:59:19","guid":{"rendered":"https:\/\/dimensionturistica.com\/es\/?p=1057438"},"modified":"2025-10-08T02:59:19","modified_gmt":"2025-10-08T02:59:19","slug":"los-corredores-originarios-de-los-pueblos-de-urique-y-bocoyna-se-llevaron-los-primeros-lugares","status":"publish","type":"post","link":"https:\/\/dimensionturistica.com\/es\/los-corredores-originarios-de-los-pueblos-de-urique-y-bocoyna-se-llevaron-los-primeros-lugares\/","title":{"rendered":"Los corredores originarios de los pueblos de Urique y Bocoyna se llevaron los primeros lugares"},"content":{"rendered":"\n<p><\/p>\n\n\n\n<figure class=\"wp-block-gallery has-nested-images columns-default is-cropped wp-block-gallery-1 is-layout-flex wp-block-gallery-is-layout-flex\">\n<figure class=\"wp-block-image size-large\"><img decoding=\"async\" width=\"500\" height=\"334\" data-id=\"1057439\" src=\"https:\/\/dimensionturistica.com\/es\/wp-content\/uploads\/2025\/10\/3CHI.jpg\" alt=\"\" class=\"wp-image-1057439\" srcset=\"https:\/\/dimensionturistica.com\/es\/wp-content\/uploads\/2025\/10\/3CHI.jpg 500w, https:\/\/dimensionturistica.com\/es\/wp-content\/uploads\/2025\/10\/3CHI-300x200.jpg 300w\" sizes=\"(max-width: 500px) 100vw, 500px\" \/><\/figure>\n<\/figure>\n\n\n\n<p><em>Tras tres d\u00edas de competencias en la Sierra Tarahumara, concluy\u00f3 el Chihuahua By Ultra Trail Mont Blanc (UTMB) con el dominio de los corredores rar\u00e1muri en las principales categor\u00edas.<\/em><em><\/em><\/p>\n\n\n\n<figure class=\"wp-block-gallery has-nested-images columns-default is-cropped wp-block-gallery-2 is-layout-flex wp-block-gallery-is-layout-flex\">\n<figure class=\"wp-block-image size-large\"><img decoding=\"async\" width=\"500\" height=\"351\" data-id=\"1057440\" src=\"https:\/\/dimensionturistica.com\/es\/wp-content\/uploads\/2025\/10\/1CHI-1.jpg\" alt=\"\" class=\"wp-image-1057440\" srcset=\"https:\/\/dimensionturistica.com\/es\/wp-content\/uploads\/2025\/10\/1CHI-1.jpg 500w, https:\/\/dimensionturistica.com\/es\/wp-content\/uploads\/2025\/10\/1CHI-1-300x211.jpg 300w\" sizes=\"(max-width: 500px) 100vw, 500px\" \/><\/figure>\n<\/figure>\n\n\n\n<p><em>Los atletas fueron galardonados durante la ceremonia de clausura, que fue encabezada por el secretario de Turismo, Edibray G\u00f3mez, en el Parque Barrancas.<\/em><em><\/em><\/p>\n\n\n\n<p><\/p>\n\n\n\n<p><em>En los 37 kil\u00f3metros, Ernesto Yobani Moreno Batista (03:14:44), originario de Urique; Jos\u00e9 Valent\u00edn Mendoza (03:30:15) y Adolfo Eduardo Zafiro Acosta (03:35:56), de Bocoyna, hicieron el 1-2-3 para Chihuahua. En la rama femenil, la estadounidense Alison Baca (03:56:50) se llev\u00f3 el triunfo.<\/em><em><\/em><\/p>\n\n\n\n<figure class=\"wp-block-gallery has-nested-images columns-default is-cropped wp-block-gallery-3 is-layout-flex wp-block-gallery-is-layout-flex\">\n<figure class=\"wp-block-image size-large\"><img decoding=\"async\" width=\"500\" height=\"333\" data-id=\"1057441\" src=\"https:\/\/dimensionturistica.com\/es\/wp-content\/uploads\/2025\/10\/2CHI.jpg\" alt=\"\" class=\"wp-image-1057441\" srcset=\"https:\/\/dimensionturistica.com\/es\/wp-content\/uploads\/2025\/10\/2CHI.jpg 500w, https:\/\/dimensionturistica.com\/es\/wp-content\/uploads\/2025\/10\/2CHI-300x200.jpg 300w\" sizes=\"(max-width: 500px) 100vw, 500px\" \/><\/figure>\n<\/figure>\n\n\n\n<p><em>En los 20 kil\u00f3metros el primer lugar fue para el rar\u00e1muri Francisco Ricardo Vecino Armend\u00e1riz (01:33:10), seguido de los mexicanos Jos\u00e9 Ochoa y Fernando Daniel Garc\u00eda Rodr\u00edguez. En la femenil, el podio fue encabezado por Mar\u00eda Magdalena Barba L\u00e1zaro (01:38:52).<\/em><em><\/em><\/p>\n\n\n\n<figure class=\"wp-block-gallery has-nested-images columns-default is-cropped wp-block-gallery-4 is-layout-flex wp-block-gallery-is-layout-flex\">\n<figure class=\"wp-block-image size-large\"><img decoding=\"async\" width=\"500\" height=\"333\" data-id=\"1057442\" src=\"https:\/\/dimensionturistica.com\/es\/wp-content\/uploads\/2025\/10\/4CHI.jpg\" alt=\"\" class=\"wp-image-1057442\" srcset=\"https:\/\/dimensionturistica.com\/es\/wp-content\/uploads\/2025\/10\/4CHI.jpg 500w, https:\/\/dimensionturistica.com\/es\/wp-content\/uploads\/2025\/10\/4CHI-300x200.jpg 300w\" sizes=\"(max-width: 500px) 100vw, 500px\" \/><\/figure>\n<\/figure>\n\n\n\n<p><em>En la prueba de 8.5 kil\u00f3metros, la rar\u00e1muri Rosa Amelia Corrales, originaria de Guachochi, hizo historia al convertirse en la primera mujer de su comunidad en lograr un primer lugar en este circuito.<\/em><em><\/em><\/p>\n\n\n\n<figure class=\"wp-block-gallery has-nested-images columns-default is-cropped wp-block-gallery-5 is-layout-flex wp-block-gallery-is-layout-flex\">\n<figure class=\"wp-block-image size-large\"><img decoding=\"async\" width=\"500\" height=\"639\" data-id=\"1057443\" src=\"https:\/\/dimensionturistica.com\/es\/wp-content\/uploads\/2025\/10\/6CHI.jpg\" alt=\"\" class=\"wp-image-1057443\" srcset=\"https:\/\/dimensionturistica.com\/es\/wp-content\/uploads\/2025\/10\/6CHI.jpg 500w, https:\/\/dimensionturistica.com\/es\/wp-content\/uploads\/2025\/10\/6CHI-235x300.jpg 235w\" sizes=\"(max-width: 500px) 100vw, 500px\" \/><\/figure>\n<\/figure>\n\n\n\n<p><em>Durante el acto de cierre, G\u00f3mez Gallegos entreg\u00f3 bastones de mando rar\u00e1muri a los fundadores del circuito y al comit\u00e9 organizador.<\/em><em><\/em><\/p>\n\n\n\n<p><\/p>\n\n\n\n<p><em>Adem\u00e1s, los ganadores de las categor\u00edas principales recibieron las acreditaciones que les otorgan pase directo a la final mundial del UTMB World Series 2026, a celebrarse en Chamonix, Francia.<\/em><em><\/em><\/p>\n\n\n\n<figure class=\"wp-block-gallery has-nested-images columns-default is-cropped wp-block-gallery-6 is-layout-flex wp-block-gallery-is-layout-flex\">\n<figure class=\"wp-block-image size-large\"><img decoding=\"async\" width=\"500\" height=\"437\" data-id=\"1057444\" src=\"https:\/\/dimensionturistica.com\/es\/wp-content\/uploads\/2025\/10\/7CHI.jpg\" alt=\"\" class=\"wp-image-1057444\" srcset=\"https:\/\/dimensionturistica.com\/es\/wp-content\/uploads\/2025\/10\/7CHI.jpg 500w, https:\/\/dimensionturistica.com\/es\/wp-content\/uploads\/2025\/10\/7CHI-300x262.jpg 300w\" sizes=\"(max-width: 500px) 100vw, 500px\" \/><\/figure>\n<\/figure>\n\n\n\n<p><em>Al t\u00e9rmino de la ceremonia, en la que estuvieron presentes el director general del evento, Alejandro Ochoa, as\u00ed como Michel y Catherine Poletti, fundadores del UTMB, el pianista rar\u00e1muri Romeyno Guti\u00e9rrez, quien ofreci\u00f3 un recital con piezas de su repertorio.<\/em><em><\/em><\/p>\n","protected":false},"excerpt":{"rendered":"<p>Tras tres d\u00edas de competencias en la Sierra Tarahumara, concluy\u00f3 el Chihuahua By Ultra Trail Mont Blanc (UTMB) con el dominio de los corredores rar\u00e1muri en las principales categor\u00edas. Los atletas fueron galardonados durante la ceremonia de clausura, que fue encabezada por el secretario de Turismo, Edibray G\u00f3mez, en el Parque Barrancas. En los 37 [&hellip;]<\/p>\n","protected":false},"author":1,"featured_media":0,"comment_status":"open","ping_status":"closed","sticky":false,"template":"","format":"standard","meta":{"om_disable_all_campaigns":false,"jnews-multi-image_gallery":[],"jnews_single_post":[],"jnews_primary_category":[],"jnews_social_meta":[],"footnotes":""},"categories":[39],"tags":[],"class_list":["post-1057438","post","type-post","status-publish","format-standard","hentry","category-viajes"],"_links":{"self":[{"href":"https:\/\/dimensionturistica.com\/es\/wp-json\/wp\/v2\/posts\/1057438","targetHints":{"allow":["GET"]}}],"collection":[{"href":"https:\/\/dimensionturistica.com\/es\/wp-json\/wp\/v2\/posts"}],"about":[{"href":"https:\/\/dimensionturistica.com\/es\/wp-json\/wp\/v2\/types\/post"}],"author":[{"embeddable":true,"href":"https:\/\/dimensionturistica.com\/es\/wp-json\/wp\/v2\/users\/1"}],"replies":[{"embeddable":true,"href":"https:\/\/dimensionturistica.com\/es\/wp-json\/wp\/v2\/comments?post=1057438"}],"version-history":[{"count":1,"href":"https:\/\/dimensionturistica.com\/es\/wp-json\/wp\/v2\/posts\/1057438\/revisions"}],"predecessor-version":[{"id":1057446,"href":"https:\/\/dimensionturistica.com\/es\/wp-json\/wp\/v2\/posts\/1057438\/revisions\/1057446"}],"wp:attachment":[{"href":"https:\/\/dimensionturistica.com\/es\/wp-json\/wp\/v2\/media?parent=1057438"}],"wp:term":[{"taxonomy":"category","embeddable":true,"href":"https:\/\/dimensionturistica.com\/es\/wp-json\/wp\/v2\/categories?post=1057438"},{"taxonomy":"post_tag","embeddable":true,"href":"https:\/\/dimensionturistica.com\/es\/wp-json\/wp\/v2\/tags?post=1057438"}],"curies":[{"name":"wp","href":"https:\/\/api.w.org\/{rel}","templated":true}]}}