{"id":1057416,"date":"2025-10-08T02:32:51","date_gmt":"2025-10-08T02:32:51","guid":{"rendered":"https:\/\/dimensionturistica.com\/es\/?p=1057416"},"modified":"2025-10-08T02:32:51","modified_gmt":"2025-10-08T02:32:51","slug":"leon-invita-a-locales-y-visitantes-a-vivir-la-tradicion-del-dia-de-muertos-desde-una-perspectiva-artistica-contemporanea-y-profundamente-simbolica","status":"publish","type":"post","link":"https:\/\/dimensionturistica.com\/es\/leon-invita-a-locales-y-visitantes-a-vivir-la-tradicion-del-dia-de-muertos-desde-una-perspectiva-artistica-contemporanea-y-profundamente-simbolica\/","title":{"rendered":"\u00a0Le\u00f3n invita a locales y visitantes a vivir la tradici\u00f3n del D\u00eda de Muertos desde una perspectiva art\u00edstica, contempor\u00e1nea y profundamente simb\u00f3lica"},"content":{"rendered":"\n<p><\/p>\n\n\n\n<figure class=\"wp-block-gallery has-nested-images columns-default is-cropped wp-block-gallery-1 is-layout-flex wp-block-gallery-is-layout-flex\">\n<figure class=\"wp-block-image size-large\"><img decoding=\"async\" width=\"500\" height=\"146\" data-id=\"1057417\" src=\"https:\/\/dimensionturistica.com\/es\/wp-content\/uploads\/2025\/10\/1MUWERTE.jpg\" alt=\"\" class=\"wp-image-1057417\" srcset=\"https:\/\/dimensionturistica.com\/es\/wp-content\/uploads\/2025\/10\/1MUWERTE.jpg 500w, https:\/\/dimensionturistica.com\/es\/wp-content\/uploads\/2025\/10\/1MUWERTE-300x88.jpg 300w\" sizes=\"(max-width: 500px) 100vw, 500px\" \/><\/figure>\n<\/figure>\n\n\n\n<p><em>Del 17 de octubre al 3 de noviembre de 2025, la ciudad de Le\u00f3n, Guanajuato, celebrar\u00e1 el Festival de la Muerte transformando sus panteones en espacios culturales donde converger\u00e1n arte, tradici\u00f3n y memoria. Durante este periodo, los cementerios de la ciudad dejar\u00e1n de ser \u00fanicamente lugares de tr\u00e1nsito para convertirse en escenarios de recorridos guiados, funciones de cine, exposiciones, altares y el esperado Desfile del Despertar de las \u00c1nimas.<\/em><em><\/em><\/p>\n\n\n\n<figure class=\"wp-block-gallery has-nested-images columns-default is-cropped wp-block-gallery-2 is-layout-flex wp-block-gallery-is-layout-flex\">\n<figure class=\"wp-block-image size-large\"><img decoding=\"async\" width=\"500\" height=\"342\" data-id=\"1057418\" src=\"https:\/\/dimensionturistica.com\/es\/wp-content\/uploads\/2025\/10\/2MUERTE.jpg\" alt=\"\" class=\"wp-image-1057418\" srcset=\"https:\/\/dimensionturistica.com\/es\/wp-content\/uploads\/2025\/10\/2MUERTE.jpg 500w, https:\/\/dimensionturistica.com\/es\/wp-content\/uploads\/2025\/10\/2MUERTE-300x205.jpg 300w\" sizes=\"(max-width: 500px) 100vw, 500px\" \/><\/figure>\n<\/figure>\n\n\n\n<p><em>Recorridos y Leyendas del Pante\u00f3n<\/em><em><\/em><\/p>\n\n\n\n<p><em>Uno de los ejes del festival ser\u00e1n los recorridos guiados dentro de los panteones de Le\u00f3n, donde los asistentes podr\u00e1n conocer leyendas locales mientras exploran espacios cargados de historia y simbolismo.<\/em><em><\/em><\/p>\n\n\n\n<p><\/p>\n\n\n\n<p><em>Estas caminatas permiten acercarse al imaginario colectivo leon\u00e9s sobre la muerte, entremezclando relatos, memoria y espacio f\u00edsico, con el \u00e1nimo de revivir tradiciones y conectar con la identidad de la ciudad.<\/em><em><\/em><\/p>\n\n\n\n<figure class=\"wp-block-gallery has-nested-images columns-default is-cropped wp-block-gallery-3 is-layout-flex wp-block-gallery-is-layout-flex\">\n<figure class=\"wp-block-image size-large\"><img decoding=\"async\" width=\"500\" height=\"352\" data-id=\"1057419\" src=\"https:\/\/dimensionturistica.com\/es\/wp-content\/uploads\/2025\/10\/4MUERTE.jpg\" alt=\"\" class=\"wp-image-1057419\" srcset=\"https:\/\/dimensionturistica.com\/es\/wp-content\/uploads\/2025\/10\/4MUERTE.jpg 500w, https:\/\/dimensionturistica.com\/es\/wp-content\/uploads\/2025\/10\/4MUERTE-300x211.jpg 300w\" sizes=\"(max-width: 500px) 100vw, 500px\" \/><\/figure>\n<\/figure>\n\n\n\n<p><em>Concursos y Expresi\u00f3n Juvenil<\/em><em><\/em><\/p>\n\n\n\n<p><em>El Festival de la Muerte contempla actividades dirigidas a la juventud, centradas en concursos y expresi\u00f3n art\u00edstica.<\/em><em><\/em><\/p>\n\n\n\n<p><\/p>\n\n\n\n<p><em>Estas convocatorias permiten que j\u00f3venes se involucren activamente con la tradici\u00f3n del D\u00eda de Muertos, contribuyendo con creatividad y generando nuevas formas de expresi\u00f3n alrededor del recuerdo y del respeto a quienes han partido.<\/em><em><\/em><\/p>\n\n\n\n<figure class=\"wp-block-gallery has-nested-images columns-default is-cropped wp-block-gallery-4 is-layout-flex wp-block-gallery-is-layout-flex\">\n<figure class=\"wp-block-image size-large\"><img decoding=\"async\" width=\"500\" height=\"333\" data-id=\"1057423\" src=\"https:\/\/dimensionturistica.com\/es\/wp-content\/uploads\/2025\/10\/3MUERTE.jpg\" alt=\"\" class=\"wp-image-1057423\" srcset=\"https:\/\/dimensionturistica.com\/es\/wp-content\/uploads\/2025\/10\/3MUERTE.jpg 500w, https:\/\/dimensionturistica.com\/es\/wp-content\/uploads\/2025\/10\/3MUERTE-300x200.jpg 300w\" sizes=\"(max-width: 500px) 100vw, 500px\" \/><\/figure>\n<\/figure>\n\n\n\n<p><em>Arte, Teatro y Cine en la Necr\u00f3polis<\/em><em><\/em><\/p>\n\n\n\n<p><em>Uno de los atractivos m\u00e1s llamativos del festival ser\u00e1 el uso del espacio de los panteones como recinto cultural: se programar\u00e1n funciones de cine, representaciones teatrales y exposiciones art\u00edsticas dentro de estos escenarios solemnes. De esta forma, el p\u00fablico podr\u00e1 disfrutar de obras que dialogan con la muerte, lo ef\u00edmero y la memoria, todo ambientado dentro de un contexto simb\u00f3lico poderoso.<\/em><em><\/em><\/p>\n\n\n\n<p><em>La Caminata del Despertar de las \u00c1nimas<\/em><em><\/em><\/p>\n\n\n\n<figure class=\"wp-block-gallery has-nested-images columns-default is-cropped wp-block-gallery-5 is-layout-flex wp-block-gallery-is-layout-flex\">\n<figure class=\"wp-block-image size-large\"><img decoding=\"async\" width=\"500\" height=\"333\" data-id=\"1057424\" src=\"https:\/\/dimensionturistica.com\/es\/wp-content\/uploads\/2025\/10\/5MUERTE.jpg\" alt=\"\" class=\"wp-image-1057424\" srcset=\"https:\/\/dimensionturistica.com\/es\/wp-content\/uploads\/2025\/10\/5MUERTE.jpg 500w, https:\/\/dimensionturistica.com\/es\/wp-content\/uploads\/2025\/10\/5MUERTE-300x200.jpg 300w\" sizes=\"(max-width: 500px) 100vw, 500px\" \/><\/figure>\n<\/figure>\n\n\n\n<p><em>Como broche del festival destaca la esperada Caminata del Despertar de las \u00c1nimas, una procesi\u00f3n que recorre espacios emblem\u00e1ticos en Le\u00f3n con la finalidad de evocar la transici\u00f3n entre la vida y la muerte.<\/em><em><\/em><\/p>\n\n\n\n<p><em>Este desfile carga consigo un car\u00e1cter ritual\u00edstico y po\u00e9tico, invitando a los asistentes a ser parte de una experiencia colectiva de contemplaci\u00f3n y memoria compartida.<\/em><em><\/em><\/p>\n\n\n\n<figure class=\"wp-block-gallery has-nested-images columns-default is-cropped wp-block-gallery-6 is-layout-flex wp-block-gallery-is-layout-flex\">\n<figure class=\"wp-block-image size-large\"><img decoding=\"async\" width=\"500\" height=\"333\" data-id=\"1057425\" src=\"https:\/\/dimensionturistica.com\/es\/wp-content\/uploads\/2025\/10\/6MUERTE.jpg\" alt=\"\" class=\"wp-image-1057425\" srcset=\"https:\/\/dimensionturistica.com\/es\/wp-content\/uploads\/2025\/10\/6MUERTE.jpg 500w, https:\/\/dimensionturistica.com\/es\/wp-content\/uploads\/2025\/10\/6MUERTE-300x200.jpg 300w\" sizes=\"(max-width: 500px) 100vw, 500px\" \/><\/figure>\n<\/figure>\n\n\n\n<p><em>No Te Lo Puedes Perder<\/em><em><\/em><\/p>\n\n\n\n<p><em>El Festival de la Muerte 2025 en Le\u00f3n no es solamente una celebraci\u00f3n folcl\u00f3rica del D\u00eda de Muertos, sino una apuesta por resignificar los espacios donde descansan los difuntos: los panteones se convierten en lugares activos, cargados de cultura, arte y memoria.<\/em><em><\/em><\/p>\n\n\n\n<figure class=\"wp-block-gallery has-nested-images columns-default is-cropped wp-block-gallery-7 is-layout-flex wp-block-gallery-is-layout-flex\">\n<figure class=\"wp-block-image size-large\"><img decoding=\"async\" width=\"500\" height=\"333\" data-id=\"1057426\" src=\"https:\/\/dimensionturistica.com\/es\/wp-content\/uploads\/2025\/10\/7MUERTE.jpg\" alt=\"\" class=\"wp-image-1057426\" srcset=\"https:\/\/dimensionturistica.com\/es\/wp-content\/uploads\/2025\/10\/7MUERTE.jpg 500w, https:\/\/dimensionturistica.com\/es\/wp-content\/uploads\/2025\/10\/7MUERTE-300x200.jpg 300w\" sizes=\"(max-width: 500px) 100vw, 500px\" \/><\/figure>\n<\/figure>\n\n\n\n<p><em>Desde los recorridos guiados con leyendas locales hasta los concursos juveniles, pasando por teatro, cine y exposiciones, la programaci\u00f3n busca tender puentes entre tradici\u00f3n y contemporaneidad. La Caminata del Despertar de las \u00c1nimas ofrece un momento de reflexi\u00f3n colectiva, donde el p\u00fablico puede involucrarse y experimentar la muerte desde una mirada simb\u00f3lica, cultural y est\u00e9tica.<\/em><em><\/em><\/p>\n\n\n\n<figure class=\"wp-block-gallery has-nested-images columns-default is-cropped wp-block-gallery-8 is-layout-flex wp-block-gallery-is-layout-flex\">\n<figure class=\"wp-block-image size-large\"><img decoding=\"async\" width=\"500\" height=\"375\" data-id=\"1057427\" src=\"https:\/\/dimensionturistica.com\/es\/wp-content\/uploads\/2025\/10\/8MUERTE.jpg\" alt=\"\" class=\"wp-image-1057427\" srcset=\"https:\/\/dimensionturistica.com\/es\/wp-content\/uploads\/2025\/10\/8MUERTE.jpg 500w, https:\/\/dimensionturistica.com\/es\/wp-content\/uploads\/2025\/10\/8MUERTE-300x225.jpg 300w\" sizes=\"(max-width: 500px) 100vw, 500px\" \/><\/figure>\n<\/figure>\n\n\n\n<p><em>Si visitas Le\u00f3n en esas fechas, este festival es una oportunidad privilegiada para conectar con la tradici\u00f3n local de una forma envolvente y significativa. <\/em><em><\/em><\/p>\n\n\n\n<p><em>Le\u00f3n, una ciudad viva y vibrante<\/em><em><\/em><\/p>\n\n\n\n<p><em>www.leon-mexico.com<\/em><em><\/em><\/p>\n","protected":false},"excerpt":{"rendered":"<p>Del 17 de octubre al 3 de noviembre de 2025, la ciudad de Le\u00f3n, Guanajuato, celebrar\u00e1 el Festival de la Muerte transformando sus panteones en espacios culturales donde converger\u00e1n arte, tradici\u00f3n y memoria. Durante este periodo, los cementerios de la ciudad dejar\u00e1n de ser \u00fanicamente lugares de tr\u00e1nsito para convertirse en escenarios de recorridos guiados, [&hellip;]<\/p>\n","protected":false},"author":1,"featured_media":0,"comment_status":"open","ping_status":"closed","sticky":false,"template":"","format":"standard","meta":{"om_disable_all_campaigns":false,"jnews-multi-image_gallery":[],"jnews_single_post":[],"jnews_primary_category":[],"jnews_social_meta":[],"footnotes":""},"categories":[39],"tags":[],"class_list":["post-1057416","post","type-post","status-publish","format-standard","hentry","category-viajes"],"_links":{"self":[{"href":"https:\/\/dimensionturistica.com\/es\/wp-json\/wp\/v2\/posts\/1057416","targetHints":{"allow":["GET"]}}],"collection":[{"href":"https:\/\/dimensionturistica.com\/es\/wp-json\/wp\/v2\/posts"}],"about":[{"href":"https:\/\/dimensionturistica.com\/es\/wp-json\/wp\/v2\/types\/post"}],"author":[{"embeddable":true,"href":"https:\/\/dimensionturistica.com\/es\/wp-json\/wp\/v2\/users\/1"}],"replies":[{"embeddable":true,"href":"https:\/\/dimensionturistica.com\/es\/wp-json\/wp\/v2\/comments?post=1057416"}],"version-history":[{"count":1,"href":"https:\/\/dimensionturistica.com\/es\/wp-json\/wp\/v2\/posts\/1057416\/revisions"}],"predecessor-version":[{"id":1057429,"href":"https:\/\/dimensionturistica.com\/es\/wp-json\/wp\/v2\/posts\/1057416\/revisions\/1057429"}],"wp:attachment":[{"href":"https:\/\/dimensionturistica.com\/es\/wp-json\/wp\/v2\/media?parent=1057416"}],"wp:term":[{"taxonomy":"category","embeddable":true,"href":"https:\/\/dimensionturistica.com\/es\/wp-json\/wp\/v2\/categories?post=1057416"},{"taxonomy":"post_tag","embeddable":true,"href":"https:\/\/dimensionturistica.com\/es\/wp-json\/wp\/v2\/tags?post=1057416"}],"curies":[{"name":"wp","href":"https:\/\/api.w.org\/{rel}","templated":true}]}}