{"id":1057377,"date":"2025-10-08T01:36:09","date_gmt":"2025-10-08T01:36:09","guid":{"rendered":"https:\/\/dimensionturistica.com\/es\/?p=1057377"},"modified":"2025-10-08T01:36:09","modified_gmt":"2025-10-08T01:36:09","slug":"presenta-morelos-ante-cartelera-xochicalco-tierra-de-encuentros","status":"publish","type":"post","link":"https:\/\/dimensionturistica.com\/es\/presenta-morelos-ante-cartelera-xochicalco-tierra-de-encuentros\/","title":{"rendered":"Presenta Morelos ante cartelera \u201cXochicalco, Tierra de Encuentros\u201d"},"content":{"rendered":"\n<figure class=\"wp-block-gallery has-nested-images columns-default is-cropped wp-block-gallery-1 is-layout-flex wp-block-gallery-is-layout-flex\">\n<figure class=\"wp-block-image size-large\"><img decoding=\"async\" width=\"400\" height=\"111\" data-id=\"1057378\" src=\"https:\/\/dimensionturistica.com\/es\/wp-content\/uploads\/2025\/10\/6MORE.jpg\" alt=\"\" class=\"wp-image-1057378\" srcset=\"https:\/\/dimensionturistica.com\/es\/wp-content\/uploads\/2025\/10\/6MORE.jpg 400w, https:\/\/dimensionturistica.com\/es\/wp-content\/uploads\/2025\/10\/6MORE-300x83.jpg 300w\" sizes=\"(max-width: 400px) 100vw, 400px\" \/><\/figure>\n<\/figure>\n\n\n\n<p><em>El Gobierno de Morelos realiz\u00f3 el lanzamiento oficial de la cartelera \u201cXochicalco, Tierra de Encuentros\u201d, proyecto que concentra una serie de festivales que se realizar\u00e1n en el \u00faltimo trimestre de este 2025 en diferentes municipios, con el objetivo de proyectar al estado como destino estrat\u00e9gico de la zona centro del pa\u00eds.<\/em><em><\/em><\/p>\n\n\n\n<figure class=\"wp-block-gallery has-nested-images columns-default is-cropped wp-block-gallery-2 is-layout-flex wp-block-gallery-is-layout-flex\">\n<figure class=\"wp-block-image size-large\"><img decoding=\"async\" width=\"500\" height=\"333\" data-id=\"1057380\" src=\"https:\/\/dimensionturistica.com\/es\/wp-content\/uploads\/2025\/10\/4MORE.jpg\" alt=\"\" class=\"wp-image-1057380\" srcset=\"https:\/\/dimensionturistica.com\/es\/wp-content\/uploads\/2025\/10\/4MORE.jpg 500w, https:\/\/dimensionturistica.com\/es\/wp-content\/uploads\/2025\/10\/4MORE-300x200.jpg 300w\" sizes=\"(max-width: 500px) 100vw, 500px\" \/><\/figure>\n<\/figure>\n\n\n\n<p><em>El evento se celebr\u00f3 en el Museo de Sitio de la zona arqueol\u00f3gica de Xochicalco, con un espect\u00e1culo de luces y la presentaci\u00f3n del Grupo de Danza prehisp\u00e1nica Quinto Sol, del municipio de Axochiapan, ante empresarias y empresarios de distintos sectores, as\u00ed como con autoridades e invitados especiales.<\/em><em><\/em><\/p>\n\n\n\n<p><em>Esta agenda de actividades tiene inspiraci\u00f3n en Xochicalco, lugar emblem\u00e1tico de los pueblos originarios de Morelos, donde coincidieron diferentes culturas, y emanaron importantes l\u00edderes y acuerdos, por lo que esta propuesta conserva y proyecta la riqueza del estado.<\/em><em><\/em><\/p>\n\n\n\n<p><em>El acto protocolario fue presidido por el jefe de la Oficina de la Gubernatura, Javier Garc\u00eda Ch\u00e1vez, en representaci\u00f3n de Margarita Gonz\u00e1lez Saravia, acompa\u00f1ado de los titulares de Turismo, Daniel Altafi Valladares; Cultura, Montserrat Orellana Colmenares; Desarrollo Econ\u00f3mico y del Trabajo, V\u00edctor S\u00e1nchez Trujillo, y Desarrollo Agropecuario, Margarita Galeana Torres, en donde se puntualiz\u00f3 que a trav\u00e9s de ocho magnos eventos, Morelos se coloca en el centro de la agenda cultural y tur\u00edstica.<\/em><em><\/em><\/p>\n\n\n\n<figure class=\"wp-block-gallery has-nested-images columns-default is-cropped wp-block-gallery-3 is-layout-flex wp-block-gallery-is-layout-flex\">\n<figure class=\"wp-block-image size-large\"><img decoding=\"async\" width=\"500\" height=\"333\" data-id=\"1057381\" src=\"https:\/\/dimensionturistica.com\/es\/wp-content\/uploads\/2025\/10\/1MORE.jpg\" alt=\"\" class=\"wp-image-1057381\" srcset=\"https:\/\/dimensionturistica.com\/es\/wp-content\/uploads\/2025\/10\/1MORE.jpg 500w, https:\/\/dimensionturistica.com\/es\/wp-content\/uploads\/2025\/10\/1MORE-300x200.jpg 300w\" sizes=\"(max-width: 500px) 100vw, 500px\" \/><\/figure>\n<\/figure>\n\n\n\n<p><em>Los eventos que se desarrollar\u00e1n son: Festival del Mezcal y el Queso, del 17 al 19 de octubre para celebrar la reciente Denominaci\u00f3n de Origen del Mezcal de Morelos y abrir nuevas cadenas de valor en materia tur\u00edstica, econ\u00f3mica, cultural y en el campo; Festival Internacional Cervantino, del 12 al 27 de octubre, donde se destaca la presentaci\u00f3n del ensamble de Sam Eastmond, y la participaci\u00f3n de pa\u00edses como Chile, Espa\u00f1a y M\u00e9xico.<\/em><em><\/em><\/p>\n\n\n\n<p><em>El Festival Miquixtli, que convoca a miles de personas en las celebraciones del D\u00eda de Muertos, del 30 de octubre al 2 de noviembre; el X Foro Mundial de la Gastronom\u00eda Mexicana, del 7 al 9 de noviembre, para celebrar y fortalecer la cocina tradicional mexicana, que es reconocida como Patrimonio Cultural Inmaterial de la Humanidad por la Unesco.<\/em><em><\/em><\/p>\n\n\n\n<figure class=\"wp-block-gallery has-nested-images columns-default is-cropped wp-block-gallery-4 is-layout-flex wp-block-gallery-is-layout-flex\">\n<figure class=\"wp-block-image size-large\"><img decoding=\"async\" width=\"500\" height=\"333\" data-id=\"1057382\" src=\"https:\/\/dimensionturistica.com\/es\/wp-content\/uploads\/2025\/10\/2MORE.jpg\" alt=\"\" class=\"wp-image-1057382\" srcset=\"https:\/\/dimensionturistica.com\/es\/wp-content\/uploads\/2025\/10\/2MORE.jpg 500w, https:\/\/dimensionturistica.com\/es\/wp-content\/uploads\/2025\/10\/2MORE-300x200.jpg 300w\" sizes=\"(max-width: 500px) 100vw, 500px\" \/><\/figure>\n<\/figure>\n\n\n\n<p><em>El espect\u00e1culo Luz y Ra\u00edces, el 8 de noviembre, que detonar\u00e1 el turismo en el lago de Tequesquitengo, con una m\u00e1gica noche de luces, gastronom\u00eda y m\u00fasica, bajo las estrellas; el Encuentro Cinematogr\u00e1fico de Morelos, los d\u00edas 21 y 22 de noviembre, que concentrar\u00e1 a productores, estudiantes, creativos y talentos emergentes en un di\u00e1logo de especialistas, que confirma al estado como destino f\u00edlmico.<\/em><em><\/em><\/p>\n\n\n\n<figure class=\"wp-block-gallery has-nested-images columns-default is-cropped wp-block-gallery-5 is-layout-flex wp-block-gallery-is-layout-flex\">\n<figure class=\"wp-block-image size-large\"><img decoding=\"async\" width=\"500\" height=\"647\" data-id=\"1057385\" src=\"https:\/\/dimensionturistica.com\/es\/wp-content\/uploads\/2025\/10\/5MORE.jpg\" alt=\"\" class=\"wp-image-1057385\" srcset=\"https:\/\/dimensionturistica.com\/es\/wp-content\/uploads\/2025\/10\/5MORE.jpg 500w, https:\/\/dimensionturistica.com\/es\/wp-content\/uploads\/2025\/10\/5MORE-232x300.jpg 232w\" sizes=\"(max-width: 500px) 100vw, 500px\" \/><\/figure>\n<\/figure>\n\n\n\n<p><em>Sabor es Morelos, el 6 y 7 de diciembre, que proyectar\u00e1 la calidad, arraigo y variedad del sector restaurantero local, se ha consolidado como uno de los productos tur\u00edsticos m\u00e1s atractivos del a\u00f1o; y el Festival de la Nochebuena, inspirado en la flor que viste la navidad, de la cual Morelos produce seis millones de plantas, y con una propuesta enfocada en promover las tradiciones mexicanas y morelenses m\u00e1s coloridas y arraigadas.<\/em><em><\/em><\/p>\n\n\n\n<p><em>Para conocer m\u00e1s detalles sobre los festivales visita la p\u00e1gina web https:\/\/www.morelos.gob.mx\/xochicalco<\/em><em><\/em><\/p>\n","protected":false},"excerpt":{"rendered":"<p>El Gobierno de Morelos realiz\u00f3 el lanzamiento oficial de la cartelera \u201cXochicalco, Tierra de Encuentros\u201d, proyecto que concentra una serie de festivales que se realizar\u00e1n en el \u00faltimo trimestre de este 2025 en diferentes municipios, con el objetivo de proyectar al estado como destino estrat\u00e9gico de la zona centro del pa\u00eds. El evento se celebr\u00f3 [&hellip;]<\/p>\n","protected":false},"author":1,"featured_media":0,"comment_status":"open","ping_status":"closed","sticky":false,"template":"","format":"standard","meta":{"om_disable_all_campaigns":false,"jnews-multi-image_gallery":[],"jnews_single_post":[],"jnews_primary_category":[],"jnews_social_meta":[],"footnotes":""},"categories":[39],"tags":[],"class_list":["post-1057377","post","type-post","status-publish","format-standard","hentry","category-viajes"],"_links":{"self":[{"href":"https:\/\/dimensionturistica.com\/es\/wp-json\/wp\/v2\/posts\/1057377","targetHints":{"allow":["GET"]}}],"collection":[{"href":"https:\/\/dimensionturistica.com\/es\/wp-json\/wp\/v2\/posts"}],"about":[{"href":"https:\/\/dimensionturistica.com\/es\/wp-json\/wp\/v2\/types\/post"}],"author":[{"embeddable":true,"href":"https:\/\/dimensionturistica.com\/es\/wp-json\/wp\/v2\/users\/1"}],"replies":[{"embeddable":true,"href":"https:\/\/dimensionturistica.com\/es\/wp-json\/wp\/v2\/comments?post=1057377"}],"version-history":[{"count":1,"href":"https:\/\/dimensionturistica.com\/es\/wp-json\/wp\/v2\/posts\/1057377\/revisions"}],"predecessor-version":[{"id":1057386,"href":"https:\/\/dimensionturistica.com\/es\/wp-json\/wp\/v2\/posts\/1057377\/revisions\/1057386"}],"wp:attachment":[{"href":"https:\/\/dimensionturistica.com\/es\/wp-json\/wp\/v2\/media?parent=1057377"}],"wp:term":[{"taxonomy":"category","embeddable":true,"href":"https:\/\/dimensionturistica.com\/es\/wp-json\/wp\/v2\/categories?post=1057377"},{"taxonomy":"post_tag","embeddable":true,"href":"https:\/\/dimensionturistica.com\/es\/wp-json\/wp\/v2\/tags?post=1057377"}],"curies":[{"name":"wp","href":"https:\/\/api.w.org\/{rel}","templated":true}]}}