{"id":1057324,"date":"2025-10-07T23:56:04","date_gmt":"2025-10-07T23:56:04","guid":{"rendered":"https:\/\/dimensionturistica.com\/es\/?p=1057324"},"modified":"2025-10-07T23:56:04","modified_gmt":"2025-10-07T23:56:04","slug":"la-canirac-amr-y-dicares-solicitan-una-audiencia-con-el-gobierno-de-la-ciudad-por-las-afectaciones-que-provocan-las-marchas","status":"publish","type":"post","link":"https:\/\/dimensionturistica.com\/es\/la-canirac-amr-y-dicares-solicitan-una-audiencia-con-el-gobierno-de-la-ciudad-por-las-afectaciones-que-provocan-las-marchas\/","title":{"rendered":"La CANIRAC, AMR y DICARES solicitan una audiencia con el Gobierno de la Ciudad\u00a0por las afectaciones que provocan las marchas"},"content":{"rendered":"\n<figure class=\"wp-block-gallery has-nested-images columns-default is-cropped wp-block-gallery-1 is-layout-flex wp-block-gallery-is-layout-flex\">\n<figure class=\"wp-block-image size-large\"><img decoding=\"async\" width=\"500\" height=\"281\" data-id=\"1057328\" src=\"https:\/\/dimensionturistica.com\/es\/wp-content\/uploads\/2025\/10\/11cani.jpg\" alt=\"\" class=\"wp-image-1057328\" srcset=\"https:\/\/dimensionturistica.com\/es\/wp-content\/uploads\/2025\/10\/11cani.jpg 500w, https:\/\/dimensionturistica.com\/es\/wp-content\/uploads\/2025\/10\/11cani-300x169.jpg 300w\" sizes=\"(max-width: 500px) 100vw, 500px\" \/><\/figure>\n<\/figure>\n\n\n\n<blockquote class=\"wp-block-quote is-layout-flow wp-block-quote-is-layout-flow\">\n<p><em>P<\/em><em>ara abordar las recientes afectaciones ocasionadas por manifestaciones, entre<\/em><em>&nbsp;<\/em><em>ellas la marcha pro-Palestina que registr\u00f3 bloqueos en Reforma, Insurgentes y<\/em><em>&nbsp;<\/em><em>Perif\u00e9rico; la marcha por los 11 a\u00f1os de la desaparici\u00f3n de los 43 estudiantes de<\/em><em>&nbsp;<\/em><em>Ayotzinapa que transit\u00f3 por Paseo de la Reforma y el Centro Hist\u00f3rico; as\u00ed como los<\/em><em>&nbsp;<\/em><em>da\u00f1os previos reportados durante la marcha contra la gentrificaci\u00f3n.<\/em><em><\/em><\/p>\n\n\n\n<p><em>El gremio restaurantero expone su profunda preocupaci\u00f3n por la persistencia de<\/em><em>&nbsp;<\/em><em>episodios de violencia en las manifestaciones que, a su juicio, no han recibido una<\/em><em>&nbsp;<\/em><em>atenci\u00f3n oportuna ni consecuencias por parte de las autoridades. <\/em><em><\/em><\/p>\n\n\n\n<figure class=\"wp-block-gallery has-nested-images columns-default is-cropped wp-block-gallery-2 is-layout-flex wp-block-gallery-is-layout-flex\">\n<figure class=\"wp-block-image size-large\"><img decoding=\"async\" width=\"500\" height=\"281\" data-id=\"1057327\" src=\"https:\/\/dimensionturistica.com\/es\/wp-content\/uploads\/2025\/10\/1cano.jpg\" alt=\"\" class=\"wp-image-1057327\" srcset=\"https:\/\/dimensionturistica.com\/es\/wp-content\/uploads\/2025\/10\/1cano.jpg 500w, https:\/\/dimensionturistica.com\/es\/wp-content\/uploads\/2025\/10\/1cano-300x169.jpg 300w\" sizes=\"(max-width: 500px) 100vw, 500px\" \/><\/figure>\n<\/figure>\n\n\n\n<p><em>Como<\/em><em>&nbsp;<\/em><em>consecuencia de la marcha del 2 de julio de 2025 en la zona Roma-Condesa,<\/em><em><\/em><\/p>\n\n\n\n<p><em>CANIRAC inform\u00f3 p\u00e9rdidas superiores a $5,000,000 por da\u00f1os a mobiliario y m\u00e1s<\/em><em>&nbsp;<\/em><em>de $40,000,000 en jornadas laborales.<\/em><em><\/em><\/p>\n\n\n\n<p><em>Ante la cercan\u00eda de la Copa Mundial 2026 y la afluencia de turistas nacionales e<\/em><em>&nbsp;<\/em><em>internacionales, la c\u00e1mara subraya la necesidad de entornos seguros y estables<\/em><em>&nbsp;<\/em><em>para garantizar la confianza y hospitalidad hacia visitantes, residentes y<\/em><em>&nbsp;<\/em><em>trabajadores.<\/em><em><\/em><\/p>\n\n\n\n<p><em>CANIRAC, AMR y DICARES reiteran su disposici\u00f3n a colaborar de manera<\/em><em><\/em><\/p>\n\n\n\n<p><em>proactiva con el Gobierno capitalino y plantea como prioridades para la audiencia<\/em><em>&nbsp;<\/em><em>solicitada:<\/em><em><\/em><\/p>\n\n\n\n<p><\/p>\n\n\n\n<p><em>\u2022 Dise\u00f1ar un protocolo de actuaci\u00f3n para prevenir y atender contingentes y<\/em> <em>marchas violentas, priorizando la protecci\u00f3n de personas, comercios y la\u00a0actividad econ\u00f3mica.<\/em><\/p>\n\n\n\n<figure class=\"wp-block-gallery has-nested-images columns-default is-cropped wp-block-gallery-3 is-layout-flex wp-block-gallery-is-layout-flex\">\n<figure class=\"wp-block-image size-large\"><img decoding=\"async\" width=\"500\" height=\"311\" data-id=\"1057329\" src=\"https:\/\/dimensionturistica.com\/es\/wp-content\/uploads\/2025\/10\/4marc.jpg\" alt=\"\" class=\"wp-image-1057329\" srcset=\"https:\/\/dimensionturistica.com\/es\/wp-content\/uploads\/2025\/10\/4marc.jpg 500w, https:\/\/dimensionturistica.com\/es\/wp-content\/uploads\/2025\/10\/4marc-300x187.jpg 300w\" sizes=\"(max-width: 500px) 100vw, 500px\" \/><\/figure>\n<\/figure>\n\n\n\n<p><em>\u2022 Reforzar la presencia preventiva de elementos de seguridad en<\/em><em>&nbsp;<\/em><em>manifestaciones que puedan representar riesgo para los negocios<\/em><em>&nbsp;<\/em><em>establecidos.<\/em><em><\/em><\/p>\n\n\n\n<p><em>\u2022 Instalar una mesa de trabajo interinstitucional para evaluar mecanismos de<\/em><em>&nbsp;<\/em><em>apoyo, compensaci\u00f3n y prevenci\u00f3n frente a este tipo de afectaciones.<\/em><em><\/em><\/p>\n\n\n\n<p><em>Los restauranteros enfatizan que las afectaciones no s\u00f3lo implican da\u00f1os materiales<\/em><em>&nbsp;<\/em><em>e inversiones, sino tambi\u00e9n la p\u00e9rdida de empleos y de ingresos de miles de<\/em><em>&nbsp;<\/em><em>personas que dependen del sector de alimentos y bebidas. CANIRAC, AMR y<\/em><em>&nbsp;<\/em><em>DICARERS advierten que no es viable que los costos pol\u00edticos de la gesti\u00f3n<\/em><em>&nbsp;<\/em><em>administrativa recaigan en la industria restaurantera, dada su repercusi\u00f3n en la<\/em><em>&nbsp;<\/em><em>econom\u00eda de las familias trabajadoras.<\/em><em><\/em><\/p>\n\n\n\n<p><em>CANIRAC, AMR y DICARES agradecen la atenci\u00f3n de las autoridades y mantienen<\/em><em>&nbsp;<\/em><em>su compromiso de colaborar en la construcci\u00f3n de soluciones que garanticen una<\/em><em>&nbsp;<\/em><em>Ciudad de M\u00e9xico m\u00e1s segura, justa y con mejores condiciones para todos.<\/em><em><\/em><\/p>\n<\/blockquote>\n","protected":false},"excerpt":{"rendered":"Para abordar las recientes afectaciones ocasionadas por manifestaciones, entre&nbsp;ellas la marcha pro-Palestina que registr\u00f3 bloqueos en Reforma, Insurgentes y&nbsp;Perif\u00e9rico; la marcha por los 11 a\u00f1os de la desaparici\u00f3n de los 43 estudiantes de&nbsp;Ayotzinapa que transit\u00f3 por Paseo de la Reforma y el Centro Hist\u00f3rico; as\u00ed como los&nbsp;da\u00f1os previos reportados durante la marcha contra la gentrificaci\u00f3n. [...]","protected":false},"author":1,"featured_media":0,"comment_status":"open","ping_status":"closed","sticky":false,"template":"","format":"standard","meta":{"om_disable_all_campaigns":false,"jnews-multi-image_gallery":[],"jnews_single_post":[],"jnews_primary_category":[],"jnews_social_meta":[],"footnotes":""},"categories":[43],"tags":[],"class_list":["post-1057324","post","type-post","status-publish","format-standard","hentry","category-gourmet"],"_links":{"self":[{"href":"https:\/\/dimensionturistica.com\/es\/wp-json\/wp\/v2\/posts\/1057324","targetHints":{"allow":["GET"]}}],"collection":[{"href":"https:\/\/dimensionturistica.com\/es\/wp-json\/wp\/v2\/posts"}],"about":[{"href":"https:\/\/dimensionturistica.com\/es\/wp-json\/wp\/v2\/types\/post"}],"author":[{"embeddable":true,"href":"https:\/\/dimensionturistica.com\/es\/wp-json\/wp\/v2\/users\/1"}],"replies":[{"embeddable":true,"href":"https:\/\/dimensionturistica.com\/es\/wp-json\/wp\/v2\/comments?post=1057324"}],"version-history":[{"count":1,"href":"https:\/\/dimensionturistica.com\/es\/wp-json\/wp\/v2\/posts\/1057324\/revisions"}],"predecessor-version":[{"id":1057330,"href":"https:\/\/dimensionturistica.com\/es\/wp-json\/wp\/v2\/posts\/1057324\/revisions\/1057330"}],"wp:attachment":[{"href":"https:\/\/dimensionturistica.com\/es\/wp-json\/wp\/v2\/media?parent=1057324"}],"wp:term":[{"taxonomy":"category","embeddable":true,"href":"https:\/\/dimensionturistica.com\/es\/wp-json\/wp\/v2\/categories?post=1057324"},{"taxonomy":"post_tag","embeddable":true,"href":"https:\/\/dimensionturistica.com\/es\/wp-json\/wp\/v2\/tags?post=1057324"}],"curies":[{"name":"wp","href":"https:\/\/api.w.org\/{rel}","templated":true}]}}