{"id":1057313,"date":"2025-10-07T23:33:35","date_gmt":"2025-10-07T23:33:35","guid":{"rendered":"https:\/\/dimensionturistica.com\/es\/?p=1057313"},"modified":"2025-10-07T23:33:35","modified_gmt":"2025-10-07T23:33:35","slug":"josefina-rodriguez-zamora-participo-en-el-segundo-encuentro-estatal-de-autoridades-jovenes-en-tlaxcala","status":"publish","type":"post","link":"https:\/\/dimensionturistica.com\/es\/josefina-rodriguez-zamora-participo-en-el-segundo-encuentro-estatal-de-autoridades-jovenes-en-tlaxcala\/","title":{"rendered":"Josefina Rodr\u00edguez Zamora particip\u00f3 en el Segundo Encuentro Estatal de Autoridades J\u00f3venes en Tlaxcala"},"content":{"rendered":"\n<p><\/p>\n\n\n\n<figure class=\"wp-block-gallery has-nested-images columns-default is-cropped wp-block-gallery-1 is-layout-flex wp-block-gallery-is-layout-flex\">\n<figure class=\"wp-block-image size-large\"><img decoding=\"async\" width=\"500\" height=\"333\" data-id=\"1057314\" src=\"https:\/\/dimensionturistica.com\/es\/wp-content\/uploads\/2025\/10\/1TLAX.jpg\" alt=\"\" class=\"wp-image-1057314\" srcset=\"https:\/\/dimensionturistica.com\/es\/wp-content\/uploads\/2025\/10\/1TLAX.jpg 500w, https:\/\/dimensionturistica.com\/es\/wp-content\/uploads\/2025\/10\/1TLAX-300x200.jpg 300w\" sizes=\"(max-width: 500px) 100vw, 500px\" \/><\/figure>\n<\/figure>\n\n\n\n<p><em>La secretaria de Turismo del Gobierno de M\u00e9xico, Josefina Rodr\u00edguez Zamora, particip\u00f3 en el Segundo Encuentro Estatal de Autoridades J\u00f3venes en Tlaxcala, cuyo objetivo es reconocer las aportaciones de las y los j\u00f3venes en la vida p\u00fablica del pa\u00eds. Durante el encuentro, acompa\u00f1\u00f3 a la gobernadora Lorena Cu\u00e9llar Cisneros e invit\u00f3 a las juventudes a trabajar por un M\u00e9xico m\u00e1s fuerte y consolidado como potencia tur\u00edstica.<\/em><em><\/em><\/p>\n\n\n\n<p><em>\u201cA los j\u00f3venes quiero decirles que no somos el futuro, somos el presente en acci\u00f3n. Vivimos en una sociedad que ya no nos ve como personas a las que hay que poner a prueba; hoy tenemos el privilegio de prepararnos y, sobre todo, de asumir nuestra responsabilidad como funcionarios. La honestidad no se ense\u00f1a: nace del coraz\u00f3n y de la convicci\u00f3n de servir a nuestro pr\u00f3jimo y de ser buenos seres humanos\u201d, coment\u00f3 Rodr\u00edguez Zamora.<\/em><em><\/em><\/p>\n\n\n\n<figure class=\"wp-block-gallery has-nested-images columns-default is-cropped wp-block-gallery-2 is-layout-flex wp-block-gallery-is-layout-flex\">\n<figure class=\"wp-block-image size-large\"><img decoding=\"async\" width=\"500\" height=\"333\" data-id=\"1057315\" src=\"https:\/\/dimensionturistica.com\/es\/wp-content\/uploads\/2025\/10\/4TLAX.jpg\" alt=\"\" class=\"wp-image-1057315\" srcset=\"https:\/\/dimensionturistica.com\/es\/wp-content\/uploads\/2025\/10\/4TLAX.jpg 500w, https:\/\/dimensionturistica.com\/es\/wp-content\/uploads\/2025\/10\/4TLAX-300x200.jpg 300w\" sizes=\"(max-width: 500px) 100vw, 500px\" \/><\/figure>\n<\/figure>\n\n\n\n<p><em>Durante su intervenci\u00f3n, la secretaria comparti\u00f3 parte de su experiencia profesional y personal como funcionaria joven, subrayando que la Prosperidad Compartida y el bienestar de M\u00e9xico s\u00f3lo se logran a trav\u00e9s del trabajo en equipo, la honestidad y la convicci\u00f3n de servir a la ciudadan\u00eda. \u201cEstar hoy aqu\u00ed, frente a servidoras y servidores p\u00fablicos j\u00f3venes, es muy esperanzador. Me llena de felicidad ver tantas caras j\u00f3venes que han asumido el reto m\u00e1s grande y noble: el servicio p\u00fablico\u201d, expres\u00f3.<\/em><em><\/em><\/p>\n\n\n\n<p><em>Al cumplirse un a\u00f1o de su gesti\u00f3n al frente de Sectur, Rodr\u00edguez Zamora manifest\u00f3 su agradecimiento a la Presidenta de M\u00e9xico, Claudia Sheinbaum Pardo, y a la gobernadora de Tlaxcala por la confianza depositada en ella para encabezar este sector estrat\u00e9gico. Asever\u00f3 que ha sido una oportunidad invaluable para contribuir al desarrollo del pa\u00eds mediante un turismo que genere beneficios incluyentes y oportunidades para todas y todos los que participan en esta actividad.<\/em><em><\/em><\/p>\n\n\n\n<figure class=\"wp-block-gallery has-nested-images columns-default is-cropped wp-block-gallery-3 is-layout-flex wp-block-gallery-is-layout-flex\">\n<figure class=\"wp-block-image size-large\"><img decoding=\"async\" width=\"500\" height=\"333\" data-id=\"1057316\" src=\"https:\/\/dimensionturistica.com\/es\/wp-content\/uploads\/2025\/10\/2TLAX.jpg\" alt=\"\" class=\"wp-image-1057316\" srcset=\"https:\/\/dimensionturistica.com\/es\/wp-content\/uploads\/2025\/10\/2TLAX.jpg 500w, https:\/\/dimensionturistica.com\/es\/wp-content\/uploads\/2025\/10\/2TLAX-300x200.jpg 300w\" sizes=\"(max-width: 500px) 100vw, 500px\" \/><\/figure>\n<\/figure>\n\n\n\n<p><em>Asimismo, la secretaria record\u00f3 el 2 de octubre, una fecha memorable en la que muchos j\u00f3venes lucharon por alzar la voz y abrieron camino para que hoy exista la oportunidad de estar aqu\u00ed presentes.<\/em><em><\/em><\/p>\n\n\n\n<p><em>Tambi\u00e9n resalt\u00f3 la importancia del sector tur\u00edstico para las juventudes del pa\u00eds, al ser el principal empleador de j\u00f3venes: seg\u00fan la Encuesta Nacional de Ocupaci\u00f3n y Empleo del INEGI, una de cada cinco personas que trabajan en turismo tiene entre 16 y 24 a\u00f1os. Se\u00f1al\u00f3 que la juventud aporta energ\u00eda, innovaci\u00f3n y compromiso, cualidades que encuentran en el turismo un espacio natural para su desarrollo profesional y personal, y que una de cada diez personas que logr\u00f3 salir de la pobreza extrema en M\u00e9xico lo hizo gracias a una actividad vinculada con este sector, lo que demuestra su capacidad de transformaci\u00f3n social y econ\u00f3mica.<\/em><em><\/em><\/p>\n\n\n\n<p><em>Por su parte, la gobernadora de Tlaxcala, Lorena Cuellar Cisneros, resalt\u00f3 la importancia de reconocer el talento y la determinaci\u00f3n de la juventud, al se\u00f1alar que cada joven que trabaja con entrega y dedicaci\u00f3n abre un camino hacia nuevas oportunidades. Subray\u00f3 que la visibilidad y el reconocimiento llegan cuando se realizan las tareas con pasi\u00f3n, compromiso y constancia, lo que convierte a las y los j\u00f3venes en referentes dentro de la sociedad.<\/em><em><\/em><\/p>\n\n\n\n<figure class=\"wp-block-gallery has-nested-images columns-default is-cropped wp-block-gallery-4 is-layout-flex wp-block-gallery-is-layout-flex\">\n<figure class=\"wp-block-image size-large\"><img decoding=\"async\" width=\"500\" height=\"333\" data-id=\"1057317\" src=\"https:\/\/dimensionturistica.com\/es\/wp-content\/uploads\/2025\/10\/6TLAX.jpg\" alt=\"\" class=\"wp-image-1057317\" srcset=\"https:\/\/dimensionturistica.com\/es\/wp-content\/uploads\/2025\/10\/6TLAX.jpg 500w, https:\/\/dimensionturistica.com\/es\/wp-content\/uploads\/2025\/10\/6TLAX-300x200.jpg 300w\" sizes=\"(max-width: 500px) 100vw, 500px\" \/><\/figure>\n<\/figure>\n\n\n\n<p><em>Finalmente, la titular de Sectur invit\u00f3 a los j\u00f3venes a trabajar por lo que los hace felices: \u201chay que desarrollarnos laboralmente, pero tambi\u00e9n personalmente, porque si no somos felices, no vamos a hacer las cosas bien en nuestro trabajo. As\u00ed que desarr\u00f3llense, amen como quieran amar y sean felices. A seguir so\u00f1ando, que los sue\u00f1os s\u00ed se cumplen\u201d, concluy\u00f3.<\/em><em><\/em><\/p>\n\n\n\n<p><\/p>\n\n\n\n<p><em>En este encuentro tambi\u00e9n participaron el director general del Instituto Mexicano de la Juventud, Abraham Eugenio Carro Toledo; el secretario de Gobierno, Luis Antonio Ram\u00edrez Hern\u00e1ndez; la directora general del Instituto Tlaxcalteca de la Juventud, Lucero Morales Tzompa; y el presidente de la Comisi\u00f3n de Juventud y Deporte del Honorable Congreso del Estado, Emilio de la Pe\u00f1a Aponte, entre otros.<\/em><em><\/em><\/p>\n\n\n\n<figure class=\"wp-block-gallery has-nested-images columns-default is-cropped wp-block-gallery-5 is-layout-flex wp-block-gallery-is-layout-flex\">\n<figure class=\"wp-block-image size-large\"><img decoding=\"async\" width=\"500\" height=\"333\" data-id=\"1057318\" src=\"https:\/\/dimensionturistica.com\/es\/wp-content\/uploads\/2025\/10\/3TLAX.jpg\" alt=\"\" class=\"wp-image-1057318\" srcset=\"https:\/\/dimensionturistica.com\/es\/wp-content\/uploads\/2025\/10\/3TLAX.jpg 500w, https:\/\/dimensionturistica.com\/es\/wp-content\/uploads\/2025\/10\/3TLAX-300x200.jpg 300w\" sizes=\"(max-width: 500px) 100vw, 500px\" \/><\/figure>\n<\/figure>\n","protected":false},"excerpt":{"rendered":"<p>La secretaria de Turismo del Gobierno de M\u00e9xico, Josefina Rodr\u00edguez Zamora, particip\u00f3 en el Segundo Encuentro Estatal de Autoridades J\u00f3venes en Tlaxcala, cuyo objetivo es reconocer las aportaciones de las y los j\u00f3venes en la vida p\u00fablica del pa\u00eds. Durante el encuentro, acompa\u00f1\u00f3 a la gobernadora Lorena Cu\u00e9llar Cisneros e invit\u00f3 a las juventudes a [&hellip;]<\/p>\n","protected":false},"author":1,"featured_media":0,"comment_status":"open","ping_status":"closed","sticky":false,"template":"","format":"standard","meta":{"om_disable_all_campaigns":false,"jnews-multi-image_gallery":[],"jnews_single_post":[],"jnews_primary_category":[],"jnews_social_meta":[],"footnotes":""},"categories":[39],"tags":[],"class_list":["post-1057313","post","type-post","status-publish","format-standard","hentry","category-viajes"],"_links":{"self":[{"href":"https:\/\/dimensionturistica.com\/es\/wp-json\/wp\/v2\/posts\/1057313","targetHints":{"allow":["GET"]}}],"collection":[{"href":"https:\/\/dimensionturistica.com\/es\/wp-json\/wp\/v2\/posts"}],"about":[{"href":"https:\/\/dimensionturistica.com\/es\/wp-json\/wp\/v2\/types\/post"}],"author":[{"embeddable":true,"href":"https:\/\/dimensionturistica.com\/es\/wp-json\/wp\/v2\/users\/1"}],"replies":[{"embeddable":true,"href":"https:\/\/dimensionturistica.com\/es\/wp-json\/wp\/v2\/comments?post=1057313"}],"version-history":[{"count":1,"href":"https:\/\/dimensionturistica.com\/es\/wp-json\/wp\/v2\/posts\/1057313\/revisions"}],"predecessor-version":[{"id":1057319,"href":"https:\/\/dimensionturistica.com\/es\/wp-json\/wp\/v2\/posts\/1057313\/revisions\/1057319"}],"wp:attachment":[{"href":"https:\/\/dimensionturistica.com\/es\/wp-json\/wp\/v2\/media?parent=1057313"}],"wp:term":[{"taxonomy":"category","embeddable":true,"href":"https:\/\/dimensionturistica.com\/es\/wp-json\/wp\/v2\/categories?post=1057313"},{"taxonomy":"post_tag","embeddable":true,"href":"https:\/\/dimensionturistica.com\/es\/wp-json\/wp\/v2\/tags?post=1057313"}],"curies":[{"name":"wp","href":"https:\/\/api.w.org\/{rel}","templated":true}]}}