{"id":1057297,"date":"2025-10-07T23:07:09","date_gmt":"2025-10-07T23:07:09","guid":{"rendered":"https:\/\/dimensionturistica.com\/es\/?p=1057297"},"modified":"2025-10-07T23:07:09","modified_gmt":"2025-10-07T23:07:09","slug":"la-violencia-e-inseguridad-y-los-desastres-naturales-entre-los-factores-que-exacerban-la-carga-de-la-salud-mental-del-territorio","status":"publish","type":"post","link":"https:\/\/dimensionturistica.com\/es\/la-violencia-e-inseguridad-y-los-desastres-naturales-entre-los-factores-que-exacerban-la-carga-de-la-salud-mental-del-territorio\/","title":{"rendered":"La Violencia\u00a0e\u00a0inseguridad y los desastres naturales, entre los factores que exacerban la carga de la salud mental del territorio."},"content":{"rendered":"\n<p><\/p>\n\n\n\n<figure class=\"wp-block-gallery has-nested-images columns-default is-cropped wp-block-gallery-1 is-layout-flex wp-block-gallery-is-layout-flex\">\n<figure class=\"wp-block-image size-large\"><img decoding=\"async\" width=\"500\" height=\"340\" data-id=\"1057298\" src=\"https:\/\/dimensionturistica.com\/es\/wp-content\/uploads\/2025\/10\/1TRAUMA.jpg\" alt=\"\" class=\"wp-image-1057298\" srcset=\"https:\/\/dimensionturistica.com\/es\/wp-content\/uploads\/2025\/10\/1TRAUMA.jpg 500w, https:\/\/dimensionturistica.com\/es\/wp-content\/uploads\/2025\/10\/1TRAUMA-300x204.jpg 300w\" sizes=\"(max-width: 500px) 100vw, 500px\" \/><\/figure>\n<\/figure>\n\n\n\n<p><em>En el marco del D\u00eda Mundial de la Salud Mental que se celebra cada 10 de octubre, expertos de distintos pa\u00edses de Am\u00e9rica Latina hicieron un llamado urgente a atender la creciente carga de trastornos mentales de la regi\u00f3n, donde millones de personas enfrentan barreras de acceso al tratamiento, discriminaci\u00f3n, estigmas persistentes y falta de pol\u00edticas p\u00fablicas integrales. &nbsp;Con el respaldo de Viatris en M\u00e9xico, parte de la empresa global de cuidado de la salud Viatris, l\u00edderes de opini\u00f3n coincidieron en la necesidad de impulsar un abordaje \u00e9tico, riguroso y compasivo de la salud mental, condici\u00f3n de alta vulnerabilidad, particularmente cuando se asocia a determinantes sociales como educaci\u00f3n, pobreza, exclusi\u00f3n social, desempleo, violencia, inseguridad y desastres naturales.<\/em><em><\/em><\/p>\n\n\n\n<p><\/p>\n\n\n\n<p><em>Sin lugar a duda, la magnitud del desaf\u00edo es contundente. De acuerdo con la Organizaci\u00f3n Panamericana de la Salud (OPS), a pesar de que m\u00e1s de 160 millones de personas en la regi\u00f3n viven con un trastorno mental, s\u00f3lo una de cada cinco recibe tratamiento.[1] A esta preocupante realidad, se suma el fuerte v\u00ednculo de la ansiedad y la depresi\u00f3n con enfermedades cr\u00f3nicas no transmisibles (ECNT)[2] como cardiovasculares, c\u00e1ncer, diabetes o respiratorias, lo que convierte a estos trastornos mentales en comorbilidades frecuentes y de alto impacto. &nbsp;Este panorama pone en evidencia que los trastornos mentales, a pesar de su prevalencia y carga econ\u00f3mica, &nbsp;quedan relegados en la agenda sanitaria.<\/em><em><\/em><\/p>\n\n\n\n<figure class=\"wp-block-gallery has-nested-images columns-default is-cropped wp-block-gallery-2 is-layout-flex wp-block-gallery-is-layout-flex\">\n<figure class=\"wp-block-image size-large\"><img decoding=\"async\" width=\"500\" height=\"311\" data-id=\"1057302\" src=\"https:\/\/dimensionturistica.com\/es\/wp-content\/uploads\/2025\/10\/3TRAUMA.jpg\" alt=\"\" class=\"wp-image-1057302\" srcset=\"https:\/\/dimensionturistica.com\/es\/wp-content\/uploads\/2025\/10\/3TRAUMA.jpg 500w, https:\/\/dimensionturistica.com\/es\/wp-content\/uploads\/2025\/10\/3TRAUMA-300x187.jpg 300w\" sizes=\"(max-width: 500px) 100vw, 500px\" \/><\/figure>\n<\/figure>\n\n\n\n<p><em>\u201cA nivel regional, las principales barreras en salud mental siguen siendo la desinformaci\u00f3n, los prejuicios y la falta de recursos espec\u00edficos. Mientras que la salud f\u00edsica cuenta con presupuestos y estrategias claras, la salud mental sigue siendo un tema subatendido. &nbsp;Necesitamos voluntad pol\u00edtica y esfuerzo colectivo para que pacientes con trastornos mentales reciban la misma atenci\u00f3n que otras condiciones de salud p\u00fablica\u201d, se\u00f1al\u00f3 el doctor Ricardo Corral, presidente de la Asociaci\u00f3n Argentina de Psiquiatras.<\/em><em><\/em><\/p>\n\n\n\n<p><em>En M\u00e9xico, las cifras reflejan realidades igualmente complejas. En 2024, ansiedad y depresi\u00f3n concentraron casi ocho de cada diez atenciones en salud mental (77.9%). El resto de los trastornos apenas alcanz\u00f3 entre 1% y 7% de los casos.[3] &nbsp;Estas cifras reflejan solo una parte del problema ya que en la pr\u00e1ctica cl\u00ednica los pacientes se debaten en silencio para reconocer una condici\u00f3n mental. &nbsp;El doctor Edilberto Pe\u00f1a de Le\u00f3n, director del Centro de Investigaci\u00f3n del Sistema Nervioso (CISNE), advierte: \u201cla gran dificultad para un paciente reside en distinguir si lo que vive es tristeza o depresi\u00f3n, si es estr\u00e9s o trastorno de ansiedad. No existe un examen de laboratorio que lo aclare. Cuando la enfermedad avanza, se afecta la cognici\u00f3n y la capacidad de comprender lo que sucede, lo que complica a\u00fan m\u00e1s reconocer la necesidad de ayuda\u201d.<\/em><em><\/em><\/p>\n\n\n\n<figure class=\"wp-block-gallery has-nested-images columns-default is-cropped wp-block-gallery-3 is-layout-flex wp-block-gallery-is-layout-flex\">\n<figure class=\"wp-block-image size-large\"><img decoding=\"async\" width=\"500\" height=\"333\" data-id=\"1057301\" src=\"https:\/\/dimensionturistica.com\/es\/wp-content\/uploads\/2025\/10\/6TRAUMA-1.jpg\" alt=\"\" class=\"wp-image-1057301\" srcset=\"https:\/\/dimensionturistica.com\/es\/wp-content\/uploads\/2025\/10\/6TRAUMA-1.jpg 500w, https:\/\/dimensionturistica.com\/es\/wp-content\/uploads\/2025\/10\/6TRAUMA-1-300x200.jpg 300w\" sizes=\"(max-width: 500px) 100vw, 500px\" \/><\/figure>\n<\/figure>\n\n\n\n<p><em>La evidencia tambi\u00e9n muestra que la salud mental no solo debe verse desde la \u00f3ptica cl\u00ednica, sino tambi\u00e9n desde la perspectiva social y econ\u00f3mica. En los pa\u00edses de ingresos bajos y medios como M\u00e9xico, entre el 76% y el 85% de las personas con trastornos mentales graves no reciben tratamiento, principalmente por falta de recursos, infraestructura deficiente y persistencia de la discriminaci\u00f3n.[4]<\/em><em><\/em><\/p>\n\n\n\n<p><em>En este sentido, la doctora Malgorzata Rozycka, directora m\u00e9dica de Viatris M\u00e9xico &amp; CCS, destac\u00f3 el esfuerzo continuo de la compa\u00f1\u00eda con este tema global: \u201cEn Viatris trabajamos para cerrar la brecha de atenci\u00f3n en salud mental. Nos enfocamos en ampliar el acceso a tratamientos innovadores, combatir el estigma y colaborar con profesionales de la salud y organizaciones de la sociedad civil para que el bienestar mental tenga la misma urgencia que la salud f\u00edsica\u201d.<\/em><em><\/em><\/p>\n\n\n\n<p><em>Aunque el D\u00eda Mundial de la Salud Mental es una ocasi\u00f3n obligada para visibilizar los desaf\u00edos, para Viatris el compromiso no se limita a la conmemoraci\u00f3n. &nbsp;En semanas recientes, la compa\u00f1\u00eda organiz\u00f3 su primer Seminario Regional de Salud Mental con la participaci\u00f3n de m\u00e9dicos especialistas de Am\u00e9rica Latina de habla hispana. &nbsp;Bajo el concepto tem\u00e1tico #Hablemos, este encuentro marc\u00f3 un paso importante para transformar la conversaci\u00f3n en la regi\u00f3n.<\/em><em><\/em><\/p>\n\n\n\n<figure class=\"wp-block-gallery has-nested-images columns-default is-cropped wp-block-gallery-4 is-layout-flex wp-block-gallery-is-layout-flex\">\n<figure class=\"wp-block-image size-large\"><img decoding=\"async\" width=\"500\" height=\"375\" data-id=\"1057300\" src=\"https:\/\/dimensionturistica.com\/es\/wp-content\/uploads\/2025\/10\/2TRAUM.jpg\" alt=\"\" class=\"wp-image-1057300\" srcset=\"https:\/\/dimensionturistica.com\/es\/wp-content\/uploads\/2025\/10\/2TRAUM.jpg 500w, https:\/\/dimensionturistica.com\/es\/wp-content\/uploads\/2025\/10\/2TRAUM-300x225.jpg 300w\" sizes=\"(max-width: 500px) 100vw, 500px\" \/><\/figure>\n<\/figure>\n\n\n\n<p><em>De esta manera, Viatris impulsa de manera sostenida iniciativas que acompa\u00f1an a los pacientes, fortalecen la colaboraci\u00f3n con especialistas y promueven el cuidado de la salud mental con respeto, solidaridad y dignidad.<\/em><em><\/em><\/p>\n","protected":false},"excerpt":{"rendered":"<p>En el marco del D\u00eda Mundial de la Salud Mental que se celebra cada 10 de octubre, expertos de distintos pa\u00edses de Am\u00e9rica Latina hicieron un llamado urgente a atender la creciente carga de trastornos mentales de la regi\u00f3n, donde millones de personas enfrentan barreras de acceso al tratamiento, discriminaci\u00f3n, estigmas persistentes y falta de [&hellip;]<\/p>\n","protected":false},"author":1,"featured_media":0,"comment_status":"open","ping_status":"closed","sticky":false,"template":"","format":"standard","meta":{"om_disable_all_campaigns":false,"jnews-multi-image_gallery":[],"jnews_single_post":[],"jnews_primary_category":[],"jnews_social_meta":[],"footnotes":""},"categories":[40],"tags":[],"class_list":["post-1057297","post","type-post","status-publish","format-standard","hentry","category-industria"],"_links":{"self":[{"href":"https:\/\/dimensionturistica.com\/es\/wp-json\/wp\/v2\/posts\/1057297","targetHints":{"allow":["GET"]}}],"collection":[{"href":"https:\/\/dimensionturistica.com\/es\/wp-json\/wp\/v2\/posts"}],"about":[{"href":"https:\/\/dimensionturistica.com\/es\/wp-json\/wp\/v2\/types\/post"}],"author":[{"embeddable":true,"href":"https:\/\/dimensionturistica.com\/es\/wp-json\/wp\/v2\/users\/1"}],"replies":[{"embeddable":true,"href":"https:\/\/dimensionturistica.com\/es\/wp-json\/wp\/v2\/comments?post=1057297"}],"version-history":[{"count":1,"href":"https:\/\/dimensionturistica.com\/es\/wp-json\/wp\/v2\/posts\/1057297\/revisions"}],"predecessor-version":[{"id":1057303,"href":"https:\/\/dimensionturistica.com\/es\/wp-json\/wp\/v2\/posts\/1057297\/revisions\/1057303"}],"wp:attachment":[{"href":"https:\/\/dimensionturistica.com\/es\/wp-json\/wp\/v2\/media?parent=1057297"}],"wp:term":[{"taxonomy":"category","embeddable":true,"href":"https:\/\/dimensionturistica.com\/es\/wp-json\/wp\/v2\/categories?post=1057297"},{"taxonomy":"post_tag","embeddable":true,"href":"https:\/\/dimensionturistica.com\/es\/wp-json\/wp\/v2\/tags?post=1057297"}],"curies":[{"name":"wp","href":"https:\/\/api.w.org\/{rel}","templated":true}]}}