{"id":1057216,"date":"2025-10-07T20:42:24","date_gmt":"2025-10-07T20:42:24","guid":{"rendered":"https:\/\/dimensionturistica.com\/es\/?p=1057216"},"modified":"2025-10-07T20:43:12","modified_gmt":"2025-10-07T20:43:12","slug":"cotijael-combo-perfecto-de-aventura-historia-y-gastronomia-en-michoacan","status":"publish","type":"post","link":"https:\/\/dimensionturistica.com\/es\/cotijael-combo-perfecto-de-aventura-historia-y-gastronomia-en-michoacan\/","title":{"rendered":"Cotija el combo perfecto de aventura, historia y gastronom\u00eda en Michoac\u00e1n"},"content":{"rendered":"\n<p><\/p>\n\n\n\n<figure class=\"wp-block-gallery has-nested-images columns-default is-cropped wp-block-gallery-1 is-layout-flex wp-block-gallery-is-layout-flex\">\n<figure class=\"wp-block-image size-large\"><img decoding=\"async\" width=\"500\" height=\"375\" data-id=\"1057217\" src=\"https:\/\/dimensionturistica.com\/es\/wp-content\/uploads\/2025\/10\/9COTIJA.jpg\" alt=\"\" class=\"wp-image-1057217\" srcset=\"https:\/\/dimensionturistica.com\/es\/wp-content\/uploads\/2025\/10\/9COTIJA.jpg 500w, https:\/\/dimensionturistica.com\/es\/wp-content\/uploads\/2025\/10\/9COTIJA-300x225.jpg 300w\" sizes=\"(max-width: 500px) 100vw, 500px\" \/><\/figure>\n<\/figure>\n\n\n\n<p><em>Ubicado entre monta\u00f1as, r\u00edos y bosques, Cotija es el m\u00e1s reciente Pueblo M\u00e1gico de Michoac\u00e1n, un para\u00edso que recibi\u00f3 este t\u00edtulo el 26 de junio de 2023. Este encantador destino, tambi\u00e9n conocido como Cotija de la Paz, ofrece una mezcla irresistible de naturaleza, arquitectura colonial, tradiciones y una gastronom\u00eda que despierta los sentidos de cualquier conocedor o curioso.<\/em><\/p>\n\n\n\n<p><em>Ubicado a menos de cuatro horas de Morelia, este pintoresco lugar es ideal para quienes buscan salir de la rutina y conectar con la esencia de los pueblos michoacanos t\u00edpicos de tejados rojos, calles empedradas y su atm\u00f3sfera tranquila para vivir cada rinc\u00f3n sin prisas.<\/em><\/p>\n\n\n\n<figure class=\"wp-block-gallery has-nested-images columns-default is-cropped wp-block-gallery-2 is-layout-flex wp-block-gallery-is-layout-flex\">\n<figure class=\"wp-block-image size-large\"><img decoding=\"async\" width=\"500\" height=\"333\" data-id=\"1057218\" src=\"https:\/\/dimensionturistica.com\/es\/wp-content\/uploads\/2025\/10\/1COTIJA.jpg\" alt=\"\" class=\"wp-image-1057218\" srcset=\"https:\/\/dimensionturistica.com\/es\/wp-content\/uploads\/2025\/10\/1COTIJA.jpg 500w, https:\/\/dimensionturistica.com\/es\/wp-content\/uploads\/2025\/10\/1COTIJA-300x200.jpg 300w\" sizes=\"(max-width: 500px) 100vw, 500px\" \/><\/figure>\n<\/figure>\n\n\n\n<p><em>Este lugar es m\u00e1gico debido a su cercan\u00eda con el lago de Chapala y su privilegiado entorno natural lo convierten en un oasis para los amantes del ecoturismo que gusten de practicar senderismo, ciclismo de monta\u00f1a y observaci\u00f3n de aves, todo en un entorno de aire limpio y clima templado.<\/em><em><\/em><\/p>\n\n\n\n<p><\/p>\n\n\n\n<p><\/p>\n\n\n\n<p><em>Gran parte de la belleza de Cotija radica en los lugares ic\u00f3nicos como su Centro Hist\u00f3rico, lleno de jardines cuidados y hospitalidad, es escenario perfecto para explorar a pie sede de numerosas festividades religiosas y populares, como la Feria de la Tostada en septiembre, o la Feria del Queso en diciembre, cuando el pueblo vibra con m\u00fasica, gastronom\u00eda y cultura.<\/em><em><\/em><\/p>\n\n\n\n<figure class=\"wp-block-gallery has-nested-images columns-default is-cropped wp-block-gallery-3 is-layout-flex wp-block-gallery-is-layout-flex\">\n<figure class=\"wp-block-image size-large\"><img decoding=\"async\" width=\"500\" height=\"300\" data-id=\"1057219\" src=\"https:\/\/dimensionturistica.com\/es\/wp-content\/uploads\/2025\/10\/3COTIJA.jpg\" alt=\"\" class=\"wp-image-1057219\" srcset=\"https:\/\/dimensionturistica.com\/es\/wp-content\/uploads\/2025\/10\/3COTIJA.jpg 500w, https:\/\/dimensionturistica.com\/es\/wp-content\/uploads\/2025\/10\/3COTIJA-300x180.jpg 300w\" sizes=\"(max-width: 500px) 100vw, 500px\" \/><\/figure>\n<\/figure>\n\n\n\n<p><em>La parroquia de Nuestra Se\u00f1ora del Popolo, un templo que domina el paisaje del poblado con imponente fachada y su atm\u00f3sfera serena. Esta iglesia, construida en estilo colonial, es el principal centro espiritual de la comunidad y un punto de encuentro para las celebraciones religiosas m\u00e1s<\/em><em>&nbsp;<\/em><em>importantes del a\u00f1o. Su interior resguarda altares bellamente ornamentados y una paz que invita a visitarla.<\/em><em><\/em><\/p>\n\n\n\n<p><em>Pero si hay algo que ha hecho famoso a Cotija dentro y fuera de M\u00e9xico, es su queso, un emblem\u00e1tico producto l\u00e1cteo tan especial que cuenta con denominaci\u00f3n de origen, un reconocimiento que garantiza su autenticidad y calidad. Se caracteriza por su corteza firme, interior cremoso y sabor intenso, considerado uno de los quesos m\u00e1s finos del pa\u00eds.Este manjar es elaborado de forma artesanal en las rancher\u00edas cercanas, el Queso Cotija se produce desde hace m\u00e1s de 400 a\u00f1os durante la temporada de lluvias, y se deja madurar al menos tres meses.<\/em><em><\/em><\/p>\n\n\n\n<figure class=\"wp-block-gallery has-nested-images columns-default is-cropped wp-block-gallery-4 is-layout-flex wp-block-gallery-is-layout-flex\">\n<figure class=\"wp-block-image size-large\"><img decoding=\"async\" width=\"500\" height=\"375\" data-id=\"1057220\" src=\"https:\/\/dimensionturistica.com\/es\/wp-content\/uploads\/2025\/10\/2COTIJA.jpg\" alt=\"\" class=\"wp-image-1057220\" srcset=\"https:\/\/dimensionturistica.com\/es\/wp-content\/uploads\/2025\/10\/2COTIJA.jpg 500w, https:\/\/dimensionturistica.com\/es\/wp-content\/uploads\/2025\/10\/2COTIJA-300x225.jpg 300w\" sizes=\"(max-width: 500px) 100vw, 500px\" \/><\/figure>\n<\/figure>\n\n\n\n<p><em>Adem\u00e1s del queso, Cotija ofrece otros sabores tradicionales como el mole de chocolate, el mezcal artesanal, el intenso chocolate Cotija, los dulces de cocada, las famosas galletas p\u00edcaros, y el suave pan aguacata. Toda una experiencia culinaria que combina herencia ind\u00edgena y herencia europea \u2014 ya que gran parte de su poblaci\u00f3n desciende de espa\u00f1oles, italianos y franceses \u2014.<\/em><em><\/em><\/p>\n\n\n\n<p><\/p>\n\n\n\n<p><em>Un detalle que no puedes ignorar en tu visita es la calidad de creadores de los artesanos, debido a que elaboran con esmero productos de talabarter\u00eda, orfebrer\u00eda y tejidos tradicionales, ideales para llevarse un pedacito de Cotija a casa. Con su naturaleza generosa, su arquitectura llena de historia y su gente orgullosa de sus ra\u00edces, Cotija no es solo un destino: es una experiencia para enamorarte de \u201cEl alma de M\u00e9xico\u201d Un lugar donde cada calle guarda una historia y donde el sabor de un buen queso te puede contar m\u00e1s que mil palabras.<\/em><em><\/em><\/p>\n\n\n\n<figure class=\"wp-block-gallery has-nested-images columns-default is-cropped wp-block-gallery-5 is-layout-flex wp-block-gallery-is-layout-flex\">\n<figure class=\"wp-block-image size-large\"><img decoding=\"async\" width=\"500\" height=\"333\" data-id=\"1057221\" src=\"https:\/\/dimensionturistica.com\/es\/wp-content\/uploads\/2025\/10\/4COTIJA.jpg\" alt=\"\" class=\"wp-image-1057221\" srcset=\"https:\/\/dimensionturistica.com\/es\/wp-content\/uploads\/2025\/10\/4COTIJA.jpg 500w, https:\/\/dimensionturistica.com\/es\/wp-content\/uploads\/2025\/10\/4COTIJA-300x200.jpg 300w\" sizes=\"(max-width: 500px) 100vw, 500px\" \/><\/figure>\n<\/figure>\n\n\n\n<p><em>Por si fuera poco, \u00bfsab\u00edas que las ra\u00edces de Mario Moreno \u2018Cantinflas\u2019 est\u00e1n en Cotija? Este comediante, \u00edcono de M\u00e9xico, naci\u00f3 el 12 de agosto de 1911 en la Ciudad de M\u00e9xico, sin embargo, \u00e9l mismo se asum\u00eda como michoacano, pues toda su familia era de esta entidad. Durante una entrevista con Jacobo Zabludovsky en el a\u00f1o de 1967, el periodista le pregunt\u00f3 sobre su origen, a lo que \u2018Cantinflas\u2019 respondi\u00f3 que toda su familia era originaria de Cotija, Michoac\u00e1n.<\/em><em><\/em><\/p>\n\n\n\n<figure class=\"wp-block-gallery has-nested-images columns-default is-cropped wp-block-gallery-6 is-layout-flex wp-block-gallery-is-layout-flex\">\n<figure class=\"wp-block-image size-large\"><img decoding=\"async\" width=\"500\" height=\"333\" data-id=\"1057222\" src=\"https:\/\/dimensionturistica.com\/es\/wp-content\/uploads\/2025\/10\/7COTIJA.jpg\" alt=\"\" class=\"wp-image-1057222\" srcset=\"https:\/\/dimensionturistica.com\/es\/wp-content\/uploads\/2025\/10\/7COTIJA.jpg 500w, https:\/\/dimensionturistica.com\/es\/wp-content\/uploads\/2025\/10\/7COTIJA-300x200.jpg 300w\" sizes=\"(max-width: 500px) 100vw, 500px\" \/><\/figure>\n<\/figure>\n\n\n\n<figure class=\"wp-block-gallery has-nested-images columns-default is-cropped wp-block-gallery-7 is-layout-flex wp-block-gallery-is-layout-flex\">\n<figure class=\"wp-block-image size-large\"><img decoding=\"async\" width=\"500\" height=\"301\" data-id=\"1057223\" src=\"https:\/\/dimensionturistica.com\/es\/wp-content\/uploads\/2025\/10\/8COTIJA.jpg\" alt=\"\" class=\"wp-image-1057223\" srcset=\"https:\/\/dimensionturistica.com\/es\/wp-content\/uploads\/2025\/10\/8COTIJA.jpg 500w, https:\/\/dimensionturistica.com\/es\/wp-content\/uploads\/2025\/10\/8COTIJA-300x181.jpg 300w\" sizes=\"(max-width: 500px) 100vw, 500px\" \/><\/figure>\n<\/figure>\n\n\n\n<p><em>\u201cToda mi familia por parte de mi madre es de Michoac\u00e1n, es de Cotija de la Paz, entonces muchos hermanos m\u00edos nacieron all\u00e1, y en un viajecito que vino mi mam\u00e1 (a Ciudad de M\u00e9xico), pues yo nac\u00ed ac\u00e1\u201d, comparti\u00f3 el tambi\u00e9n productor y guionista. <\/em><em><\/em><\/p>\n\n\n\n<p><em>Para m\u00e1s informaci\u00f3n visita: https:\/\/visitmichoacan.com.mx\/<\/em><em><\/em><\/p>\n","protected":false},"excerpt":{"rendered":"<p>Ubicado entre monta\u00f1as, r\u00edos y bosques, Cotija es el m\u00e1s reciente Pueblo M\u00e1gico de Michoac\u00e1n, un para\u00edso que recibi\u00f3 este t\u00edtulo el 26 de junio de 2023. Este encantador destino, tambi\u00e9n conocido como Cotija de la Paz, ofrece una mezcla irresistible de naturaleza, arquitectura colonial, tradiciones y una gastronom\u00eda que despierta los sentidos de cualquier [&hellip;]<\/p>\n","protected":false},"author":1,"featured_media":0,"comment_status":"open","ping_status":"closed","sticky":false,"template":"","format":"standard","meta":{"om_disable_all_campaigns":false,"jnews-multi-image_gallery":[],"jnews_single_post":[],"jnews_primary_category":[],"jnews_social_meta":[],"footnotes":""},"categories":[39],"tags":[],"class_list":["post-1057216","post","type-post","status-publish","format-standard","hentry","category-viajes"],"_links":{"self":[{"href":"https:\/\/dimensionturistica.com\/es\/wp-json\/wp\/v2\/posts\/1057216","targetHints":{"allow":["GET"]}}],"collection":[{"href":"https:\/\/dimensionturistica.com\/es\/wp-json\/wp\/v2\/posts"}],"about":[{"href":"https:\/\/dimensionturistica.com\/es\/wp-json\/wp\/v2\/types\/post"}],"author":[{"embeddable":true,"href":"https:\/\/dimensionturistica.com\/es\/wp-json\/wp\/v2\/users\/1"}],"replies":[{"embeddable":true,"href":"https:\/\/dimensionturistica.com\/es\/wp-json\/wp\/v2\/comments?post=1057216"}],"version-history":[{"count":2,"href":"https:\/\/dimensionturistica.com\/es\/wp-json\/wp\/v2\/posts\/1057216\/revisions"}],"predecessor-version":[{"id":1057225,"href":"https:\/\/dimensionturistica.com\/es\/wp-json\/wp\/v2\/posts\/1057216\/revisions\/1057225"}],"wp:attachment":[{"href":"https:\/\/dimensionturistica.com\/es\/wp-json\/wp\/v2\/media?parent=1057216"}],"wp:term":[{"taxonomy":"category","embeddable":true,"href":"https:\/\/dimensionturistica.com\/es\/wp-json\/wp\/v2\/categories?post=1057216"},{"taxonomy":"post_tag","embeddable":true,"href":"https:\/\/dimensionturistica.com\/es\/wp-json\/wp\/v2\/tags?post=1057216"}],"curies":[{"name":"wp","href":"https:\/\/api.w.org\/{rel}","templated":true}]}}