{"id":1057196,"date":"2025-10-07T20:19:30","date_gmt":"2025-10-07T20:19:30","guid":{"rendered":"https:\/\/dimensionturistica.com\/es\/?p=1057196"},"modified":"2025-10-07T20:19:30","modified_gmt":"2025-10-07T20:19:30","slug":"cada-playa-desierta-cada-conversacion-con-un-local-cada-amanecer-junto-al-mar-es-una-leccion-de-sencillez-y-plenitud","status":"publish","type":"post","link":"https:\/\/dimensionturistica.com\/es\/cada-playa-desierta-cada-conversacion-con-un-local-cada-amanecer-junto-al-mar-es-una-leccion-de-sencillez-y-plenitud\/","title":{"rendered":"Cada playa desierta, cada conversaci\u00f3n con un local, cada amanecer junto al mar es una lecci\u00f3n de sencillez y plenitud."},"content":{"rendered":"\n<figure class=\"wp-block-gallery has-nested-images columns-default is-cropped wp-block-gallery-1 is-layout-flex wp-block-gallery-is-layout-flex\">\n<figure class=\"wp-block-image size-large\"><img decoding=\"async\" width=\"500\" height=\"152\" data-id=\"1057197\" src=\"https:\/\/dimensionturistica.com\/es\/wp-content\/uploads\/2025\/10\/7COSTA.jpg\" alt=\"\" class=\"wp-image-1057197\" srcset=\"https:\/\/dimensionturistica.com\/es\/wp-content\/uploads\/2025\/10\/7COSTA.jpg 500w, https:\/\/dimensionturistica.com\/es\/wp-content\/uploads\/2025\/10\/7COSTA-300x91.jpg 300w\" sizes=\"(max-width: 500px) 100vw, 500px\" \/><\/figure>\n<\/figure>\n\n\n\n<p><em>En un mundo donde los viajes suelen planearse con mapas llenos de puntos por tachar y con relojes que dictan horarios imposibles, Costalegre, Jalisco, aparece como un recordatorio de que no todo se trata de correr. Esta franja del Pac\u00edfico mexicano, todav\u00eda discreta frente a los grandes destinos de sol y playa, guarda en su esencia una invitaci\u00f3n distinta: viajar despacio, con calma, sin prisa, disfrutando cada momento al ritmo de la naturaleza.<\/em><em><\/em><\/p>\n\n\n\n<p><em>Bajo la filosof\u00eda del turismo slow, que propone valorar la calidad por encima de la cantidad, este destino se convierte en el escenario ideal para quienes desean dedicar tiempo a conocer un lugar en profundidad, convivir con su gente, saborear su gastronom\u00eda local, respetar el entorno natural y dejar que cada experiencia fluya sin imposiciones. Es una alternativa que privilegia la calma, la autenticidad y la conexi\u00f3n genuina con el entorno.<\/em><em><\/em><\/p>\n\n\n\n<figure class=\"wp-block-gallery has-nested-images columns-default is-cropped wp-block-gallery-2 is-layout-flex wp-block-gallery-is-layout-flex\">\n<figure class=\"wp-block-image size-large\"><img decoding=\"async\" width=\"500\" height=\"521\" data-id=\"1057199\" src=\"https:\/\/dimensionturistica.com\/es\/wp-content\/uploads\/2025\/10\/1COSTA.jpg\" alt=\"\" class=\"wp-image-1057199\" srcset=\"https:\/\/dimensionturistica.com\/es\/wp-content\/uploads\/2025\/10\/1COSTA.jpg 500w, https:\/\/dimensionturistica.com\/es\/wp-content\/uploads\/2025\/10\/1COSTA-288x300.jpg 288w\" sizes=\"(max-width: 500px) 100vw, 500px\" \/><\/figure>\n<\/figure>\n\n\n\n<p><em>En playas solitarias como Boca de Iguanas, el vaiv\u00e9n de las olas marca el ritmo de los pasos y los atardeceres se convierten en rituales compartidos con el horizonte. Entre octubre y marzo, este refugio natural se llena de vida y esperanza, cuando las tortugas marinas llegan a desovar. Bi\u00f3logos y visitantes se convierten en testigos y guardianes de este ciclo milagroso, liberando cr\u00edas que se adentran en el oc\u00e9ano, y dejando que cada instante en la arena se transforme en toda una experiencia.<\/em><em><\/em><\/p>\n\n\n\n<p><em>El esp\u00edritu del turismo slow tambi\u00e9n est\u00e1 en los pueblos costeros que salpican este corredor. En La Manzanilla, por ejemplo, los viajeros encuentran un santuario de manglares donde conviven iguanas, aves y cocodrilos: es una experiencia de inmersi\u00f3n en un ecosistema vivo que exige respeto.<\/em><em><\/em><\/p>\n\n\n\n<figure class=\"wp-block-gallery has-nested-images columns-default is-cropped wp-block-gallery-3 is-layout-flex wp-block-gallery-is-layout-flex\">\n<figure class=\"wp-block-image size-large\"><img decoding=\"async\" width=\"500\" height=\"499\" data-id=\"1057200\" src=\"https:\/\/dimensionturistica.com\/es\/wp-content\/uploads\/2025\/10\/2COSTA.jpg\" alt=\"\" class=\"wp-image-1057200\" srcset=\"https:\/\/dimensionturistica.com\/es\/wp-content\/uploads\/2025\/10\/2COSTA.jpg 500w, https:\/\/dimensionturistica.com\/es\/wp-content\/uploads\/2025\/10\/2COSTA-300x300.jpg 300w, https:\/\/dimensionturistica.com\/es\/wp-content\/uploads\/2025\/10\/2COSTA-150x150.jpg 150w, https:\/\/dimensionturistica.com\/es\/wp-content\/uploads\/2025\/10\/2COSTA-75x75.jpg 75w, https:\/\/dimensionturistica.com\/es\/wp-content\/uploads\/2025\/10\/2COSTA-350x350.jpg 350w\" sizes=\"(max-width: 500px) 100vw, 500px\" \/><\/figure>\n<\/figure>\n\n\n\n<p><em>En Chimo, que es un peque\u00f1o y acogedor pueblo pesquero con menos de 300 habitantes, conserva su esencia tradicional y ofrece a los visitantes una experiencia de desconexi\u00f3n total y contacto directo con la naturaleza. Sus aguas invitan a nadar y a disfrutar de la belleza natural que rodea este destino poco explorado, donde la serenidad y la pureza del entorno crean una atm\u00f3sfera \u00fanica.<\/em><em><\/em><\/p>\n\n\n\n<p><em>En Villa del Mar se extiende en un paisaje de belleza incomparable, donde los atardeceres se convierten en un espect\u00e1culo \u00fanico. Aqu\u00ed, el sol se funde con el horizonte, ti\u00f1endo el cielo de tonos c\u00e1lidos que reflejan su magia sobre las aguas cristalinas del mar.<\/em><em><\/em><\/p>\n\n\n\n<figure class=\"wp-block-gallery has-nested-images columns-default is-cropped wp-block-gallery-4 is-layout-flex wp-block-gallery-is-layout-flex\">\n<figure class=\"wp-block-image size-large\"><img decoding=\"async\" width=\"500\" height=\"498\" data-id=\"1057203\" src=\"https:\/\/dimensionturistica.com\/es\/wp-content\/uploads\/2025\/10\/3COSTA.jpg\" alt=\"\" class=\"wp-image-1057203\" srcset=\"https:\/\/dimensionturistica.com\/es\/wp-content\/uploads\/2025\/10\/3COSTA.jpg 500w, https:\/\/dimensionturistica.com\/es\/wp-content\/uploads\/2025\/10\/3COSTA-300x300.jpg 300w, https:\/\/dimensionturistica.com\/es\/wp-content\/uploads\/2025\/10\/3COSTA-150x150.jpg 150w, https:\/\/dimensionturistica.com\/es\/wp-content\/uploads\/2025\/10\/3COSTA-75x75.jpg 75w, https:\/\/dimensionturistica.com\/es\/wp-content\/uploads\/2025\/10\/3COSTA-350x350.jpg 350w\" sizes=\"(max-width: 500px) 100vw, 500px\" \/><\/figure>\n<\/figure>\n\n\n\n<p><em>Para desconectarte tambi\u00e9n est\u00e1 Playa Caballo que es un oasis de tranquilidad, donde la fina arena dorada se funde con la exuberante vegetaci\u00f3n tropical para crear un paisaje simplemente id\u00edlico. Al ser una playa aislada, aqu\u00ed el tiempo parece detenerse, permitiendo una conexi\u00f3n profunda con la naturaleza en un ambiente de paz absoluta.<\/em><em><\/em><\/p>\n\n\n\n<p><em>No se trata de desconectarse del mundo, sino de reconectarse con uno mismo. Costalegre demuestra que para el descanso aut\u00e9ntico a veces basta una hamaca, un cielo estrellado y el sonido incesante del mar.<\/em><em><\/em><\/p>\n\n\n\n<figure class=\"wp-block-gallery has-nested-images columns-default is-cropped wp-block-gallery-5 is-layout-flex wp-block-gallery-is-layout-flex\">\n<figure class=\"wp-block-image size-large\"><img decoding=\"async\" width=\"500\" height=\"494\" data-id=\"1057204\" src=\"https:\/\/dimensionturistica.com\/es\/wp-content\/uploads\/2025\/10\/4COSTA-JPG.jpg\" alt=\"\" class=\"wp-image-1057204\" srcset=\"https:\/\/dimensionturistica.com\/es\/wp-content\/uploads\/2025\/10\/4COSTA-JPG.jpg 500w, https:\/\/dimensionturistica.com\/es\/wp-content\/uploads\/2025\/10\/4COSTA-JPG-300x296.jpg 300w, https:\/\/dimensionturistica.com\/es\/wp-content\/uploads\/2025\/10\/4COSTA-JPG-75x75.jpg 75w\" sizes=\"(max-width: 500px) 100vw, 500px\" \/><\/figure>\n<\/figure>\n\n\n\n<p><em>El turismo slow no solo cambia la forma en que se conoce un lugar, cambia tambi\u00e9n a quien viaja. En Costalegre, la experiencia de vivir sin prisas se convierte en un recordatorio de que el tiempo no debe medirse en lugares visitados, sino en momentos disfrutados. Cada playa desierta, cada conversaci\u00f3n con un local, cada amanecer junto al mar es una lecci\u00f3n de sencillez y plenitud.<\/em><em><\/em><\/p>\n\n\n\n<figure class=\"wp-block-gallery has-nested-images columns-default is-cropped wp-block-gallery-6 is-layout-flex wp-block-gallery-is-layout-flex\">\n<figure class=\"wp-block-image size-large\"><img decoding=\"async\" width=\"500\" height=\"491\" data-id=\"1057205\" src=\"https:\/\/dimensionturistica.com\/es\/wp-content\/uploads\/2025\/10\/6COSTA.jpg\" alt=\"\" class=\"wp-image-1057205\" srcset=\"https:\/\/dimensionturistica.com\/es\/wp-content\/uploads\/2025\/10\/6COSTA.jpg 500w, https:\/\/dimensionturistica.com\/es\/wp-content\/uploads\/2025\/10\/6COSTA-300x295.jpg 300w, https:\/\/dimensionturistica.com\/es\/wp-content\/uploads\/2025\/10\/6COSTA-75x75.jpg 75w\" sizes=\"(max-width: 500px) 100vw, 500px\" \/><\/figure>\n<\/figure>\n","protected":false},"excerpt":{"rendered":"<p>En un mundo donde los viajes suelen planearse con mapas llenos de puntos por tachar y con relojes que dictan horarios imposibles, Costalegre, Jalisco, aparece como un recordatorio de que no todo se trata de correr. Esta franja del Pac\u00edfico mexicano, todav\u00eda discreta frente a los grandes destinos de sol y playa, guarda en su [&hellip;]<\/p>\n","protected":false},"author":1,"featured_media":0,"comment_status":"open","ping_status":"closed","sticky":false,"template":"","format":"standard","meta":{"om_disable_all_campaigns":false,"jnews-multi-image_gallery":[],"jnews_single_post":[],"jnews_primary_category":[],"jnews_social_meta":[],"footnotes":""},"categories":[39],"tags":[],"class_list":["post-1057196","post","type-post","status-publish","format-standard","hentry","category-viajes"],"_links":{"self":[{"href":"https:\/\/dimensionturistica.com\/es\/wp-json\/wp\/v2\/posts\/1057196","targetHints":{"allow":["GET"]}}],"collection":[{"href":"https:\/\/dimensionturistica.com\/es\/wp-json\/wp\/v2\/posts"}],"about":[{"href":"https:\/\/dimensionturistica.com\/es\/wp-json\/wp\/v2\/types\/post"}],"author":[{"embeddable":true,"href":"https:\/\/dimensionturistica.com\/es\/wp-json\/wp\/v2\/users\/1"}],"replies":[{"embeddable":true,"href":"https:\/\/dimensionturistica.com\/es\/wp-json\/wp\/v2\/comments?post=1057196"}],"version-history":[{"count":1,"href":"https:\/\/dimensionturistica.com\/es\/wp-json\/wp\/v2\/posts\/1057196\/revisions"}],"predecessor-version":[{"id":1057206,"href":"https:\/\/dimensionturistica.com\/es\/wp-json\/wp\/v2\/posts\/1057196\/revisions\/1057206"}],"wp:attachment":[{"href":"https:\/\/dimensionturistica.com\/es\/wp-json\/wp\/v2\/media?parent=1057196"}],"wp:term":[{"taxonomy":"category","embeddable":true,"href":"https:\/\/dimensionturistica.com\/es\/wp-json\/wp\/v2\/categories?post=1057196"},{"taxonomy":"post_tag","embeddable":true,"href":"https:\/\/dimensionturistica.com\/es\/wp-json\/wp\/v2\/tags?post=1057196"}],"curies":[{"name":"wp","href":"https:\/\/api.w.org\/{rel}","templated":true}]}}