{"id":1057181,"date":"2025-10-07T19:57:08","date_gmt":"2025-10-07T19:57:08","guid":{"rendered":"https:\/\/dimensionturistica.com\/es\/?p=1057181"},"modified":"2025-10-07T19:57:08","modified_gmt":"2025-10-07T19:57:08","slug":"four-seasons-resort-punta-mita-anuncia-el-regreso-de-catrinas-fest-2025-una-celebracion-culinaria-y-cultural-que-rendira-homenaje-al-dia-de-muertos-del-31-de-octubre-al-2-de-noviembre","status":"publish","type":"post","link":"https:\/\/dimensionturistica.com\/es\/four-seasons-resort-punta-mita-anuncia-el-regreso-de-catrinas-fest-2025-una-celebracion-culinaria-y-cultural-que-rendira-homenaje-al-dia-de-muertos-del-31-de-octubre-al-2-de-noviembre\/","title":{"rendered":"Four Seasons Resort Punta Mita anuncia el regreso de Catrinas Fest 2025, una celebraci\u00f3n culinaria y cultural que rendir\u00e1 homenaje al D\u00eda de Muertos del 31 de octubre al 2 de noviembre."},"content":{"rendered":"\n<figure class=\"wp-block-gallery has-nested-images columns-default is-cropped wp-block-gallery-1 is-layout-flex wp-block-gallery-is-layout-flex\">\n<figure class=\"wp-block-image size-large\"><img decoding=\"async\" width=\"500\" height=\"275\" data-id=\"1057184\" src=\"https:\/\/dimensionturistica.com\/es\/wp-content\/uploads\/2025\/10\/1four.jpg\" alt=\"\" class=\"wp-image-1057184\" srcset=\"https:\/\/dimensionturistica.com\/es\/wp-content\/uploads\/2025\/10\/1four.jpg 500w, https:\/\/dimensionturistica.com\/es\/wp-content\/uploads\/2025\/10\/1four-300x165.jpg 300w\" sizes=\"(max-width: 500px) 100vw, 500px\" \/><\/figure>\n<\/figure>\n\n\n\n<p><em>Four Seasons Resort Punta Mita anuncia el regreso de Catrinas Fest, un encuentro culinario y cultural de tres d\u00edas en honor al D\u00eda de Muertos. Del 31 de octubre al 2 de noviembre de 2025, la celebraci\u00f3n reunir\u00e1 a reconocidos chefs invitados, rituales tradicionales, actividades para toda la familia y reuniones en la playa que evocan el esp\u00edritu vibrante de M\u00e9xico. Inspirado en la flor de cempas\u00fachil, s\u00edmbolo ancestral que gu\u00eda a los esp\u00edritus hacia el reencuentro con los suyos, el festival integrar\u00e1 sus colores y texturas en la decoraci\u00f3n, los men\u00fas y la programaci\u00f3n, como un homenaje a la vida y a la memoria que define esta festividad.<\/em><em><\/em><\/p>\n\n\n\n<p><em>\u201cCatrinas Fest es una de nuestras tradiciones m\u00e1s queridas: un encuentro de herencia, sabor, arte y comunidad\u201d, comparte John O\u2019Sullivan, Vicepresidente Regional y Director General de Four Seasons Resort Punta Mita. \u201cCada a\u00f1o sumamos nuevas voces y perspectivas, manteni\u00e9ndonos fieles al esp\u00edritu de recuerdo, conexi\u00f3n y alegr\u00eda\u201d.<\/em><em><\/em><\/p>\n\n\n\n<figure class=\"wp-block-gallery has-nested-images columns-default is-cropped wp-block-gallery-2 is-layout-flex wp-block-gallery-is-layout-flex\">\n<figure class=\"wp-block-image size-large\"><img decoding=\"async\" width=\"500\" height=\"433\" data-id=\"1057183\" src=\"https:\/\/dimensionturistica.com\/es\/wp-content\/uploads\/2025\/10\/3FOUR.jpg\" alt=\"\" class=\"wp-image-1057183\" srcset=\"https:\/\/dimensionturistica.com\/es\/wp-content\/uploads\/2025\/10\/3FOUR.jpg 500w, https:\/\/dimensionturistica.com\/es\/wp-content\/uploads\/2025\/10\/3FOUR-300x260.jpg 300w\" sizes=\"(max-width: 500px) 100vw, 500px\" \/><\/figure>\n<\/figure>\n\n\n\n<p><em>El programa culinario de Catrinas Fest reunir\u00e1 a chefs de la familia Four Seasons y de la escena nacional, con un recorrido por los sabores regionales de M\u00e9xico a trav\u00e9s de t\u00e9cnicas refinadas, ingredientes de temporada y narrativas ligadas a la tradici\u00f3n. Bajo la direcci\u00f3n del Chef Ejecutivo del hotel, Jorge Gonz\u00e1lez, el fin de semana incluye el regreso de la exitosa Tertulia Night y una cena especial en la playa.<\/em><em><\/em><\/p>\n\n\n\n<p><em>Tertulia Night <\/em><em><\/em><\/p>\n\n\n\n<p><em>Tertulia Night marca el inicio del festival y se ha consolidado como una de las noches m\u00e1s esperadas de Catrinas Fest. Inspirada en el esp\u00edritu de las tertulias \u2014encuentros que entrelazan conversaci\u00f3n, m\u00fasica y gastronom\u00eda\u2014, esta cena colaborativa re\u00fane a destacados chefs para rendir tributo a la tradici\u00f3n mexicana a trav\u00e9s de la cocina contempor\u00e1nea.<\/em><em><\/em><\/p>\n\n\n\n<p><em>El viernes 31 de octubre, el restaurante Dos Catrinas ser\u00e1 el escenario de un men\u00fa de seis tiempos donde cada chef presentar\u00e1 su interpretaci\u00f3n personal, acompa\u00f1ada de maridajes seleccionados, mariachi y m\u00fasica en vivo. Participan:<\/em><em><\/em><\/p>\n\n\n\n<p><em>Chef Emmanuel \u201cManu\u201d Calder\u00f3n, Four Seasons Resort Anguilla<\/em><em><\/em><\/p>\n\n\n\n<p><em>Chef Miguel Soltero, Four Seasons Resort Tamarindo<\/em><em><\/em><\/p>\n\n\n\n<p><em>Chef Tonatiuh Cuevas, Cosecha Farm to Table, Mezcales<\/em><em><\/em><\/p>\n\n\n\n<p><em>Chef H\u00e9ctor Adame, Dos Catrinas<\/em><em><\/em><\/p>\n\n\n\n<p><em>Chef Ejecutivo Jorge Gonz\u00e1lez, Four Seasons Resort Punta Mita<\/em><em><\/em><\/p>\n\n\n\n<p><em>Chef Pastelero Carlos Rabago, Four Seasons Resort Punta Mita<\/em><em><\/em><\/p>\n\n\n\n<p><em>El maridaje de la cena estar\u00e1 a cargo de Baltra Bar (Ciudad de M\u00e9xico), con Pet-Nat, un vino espumoso de car\u00e1cter genuino elaborado con fermentaci\u00f3n natural, c\u00f3cteles de Casa Dragones Blanco y Reposado, vinos mexicanos y el debut del mezcal FSPM. La velada ser\u00e1 acompa\u00f1ada por mariachi y m\u00fasica en vivo, para culminar con un Mez Bar Takeover de Casa Cuervo. Paralelamente, las familias podr\u00e1n disfrutar de la proyecci\u00f3n al aire libre de El libro de la vida en playa Cuevas.<\/em><em><\/em><\/p>\n\n\n\n<p><em>Guiando los sabores de la velada, el reconocido Baltra Bar de la Ciudad de M\u00e9xico ofrecer\u00e1 el maridaje perfecto para cada uno de los seis tiempos: desde espumosos Pet-Nat y cocteles elaborados con Casa Dragones Blanco y Reposado, hasta una cuidada selecci\u00f3n de vinos mexicanos, culminando con caf\u00e9 reci\u00e9n hecho y la presentaci\u00f3n inaugural del mezcal de Four Seasons Punta Mita.<\/em><em><\/em><\/p>\n\n\n\n<figure class=\"wp-block-gallery has-nested-images columns-default is-cropped wp-block-gallery-3 is-layout-flex wp-block-gallery-is-layout-flex\">\n<figure class=\"wp-block-image size-large\"><img decoding=\"async\" width=\"500\" height=\"335\" data-id=\"1057187\" src=\"https:\/\/dimensionturistica.com\/es\/wp-content\/uploads\/2025\/10\/4FOUR.jpg\" alt=\"\" class=\"wp-image-1057187\" srcset=\"https:\/\/dimensionturistica.com\/es\/wp-content\/uploads\/2025\/10\/4FOUR.jpg 500w, https:\/\/dimensionturistica.com\/es\/wp-content\/uploads\/2025\/10\/4FOUR-300x201.jpg 300w\" sizes=\"(max-width: 500px) 100vw, 500px\" \/><\/figure>\n<\/figure>\n\n\n\n<p><em>Cena de D\u00eda de Muertos<\/em><em><\/em><\/p>\n\n\n\n<p><em>A la orilla del mar y bajo un cielo estrellado, la noche del s\u00e1bado 1 de noviembre invita a celebrar la vida en un entorno m\u00e1gico: Playa Cuevas. La velada comienza con el Ritual de Barbacoa Madre Tierra, una ceremonia inspirada en las tradiciones wix\u00e1rikas de Nayarit, donde la cocci\u00f3n bajo tierra simboliza el v\u00ednculo sagrado entre la naturaleza y la comunidad. Tras este ritual ancestral, los asistentes disfrutar\u00e1n de una cena con estaciones interactivas a cargo de los chefs invitados, que compartir\u00e1n su creatividad culinaria en un ambiente festivo y relajado. Habr\u00e1 maquillaje de catrinas, elaboraci\u00f3n de coronas florales y m\u00fasica en vivo para bailar descalzos sobre la arena.<\/em><em><\/em><\/p>\n\n\n\n<p><em>Mientras los adultos celebran frente al mar, los m\u00e1s peque\u00f1os podr\u00e1n participar en un after party tem\u00e1tico en el Game Room, junto a Playa Cuevas. La celebraci\u00f3n estar\u00e1 abierta tanto para hu\u00e9spedes como para p\u00fablico externo, en una noche que honra la memoria, la alegr\u00eda y el esp\u00edritu vibrante del D\u00eda de Muertos.<\/em><em><\/em><\/p>\n\n\n\n<p><em>El 2 de noviembre, el festival culmina con un desayuno de tacos de barbacoa preparados con el cordero de la noche anterior y pan de muerto de temporada, servidos junto con las opciones de desayuno a la carta de Dos Catrinas.<\/em><em><\/em><\/p>\n\n\n\n<p><em>Programaci\u00f3n cultural y talleres art\u00edsticos<\/em><em><\/em><\/p>\n\n\n\n<p><em>En Media Luna, el espacio cultural del resort dedicado a la creatividad y las expresiones locales, se llevar\u00e1n a cabo diversas actividades en honor a las artes populares de M\u00e9xico. Los hu\u00e9spedes podr\u00e1n participar en talleres de alebrijes, papel picado y din\u00e1micas especiales inspiradas en las tradiciones del D\u00eda de Muertos.<\/em><em><\/em><\/p>\n\n\n\n<p><em>Durante todo el fin de semana, Playa Cuevas albergar\u00e1 ofrendas creadas por el equipo de Four Seasons Resort Punta Mita, invitando a los visitantes a contribuir con fotograf\u00edas u objetos personales como homenaje a sus seres queridos, en un gesto que celebra la memoria y el significado profundo de la fecha.<\/em><em><\/em><\/p>\n\n\n\n<p><em>El programa para ni\u00f1os Kids For All Seasons tambi\u00e9n se suma a la celebraci\u00f3n con un itinerario lleno de creatividad y diversi\u00f3n. Los ni\u00f1os disfrutar\u00e1n de talleres, juegos y actividades tem\u00e1ticas que los acercar\u00e1n a las tradiciones mexicanas: desde la elaboraci\u00f3n de m\u00e1scaras estilo Catrina y pi\u00f1atas en forma de calavera, hasta la pintura de macetas y abanicos decorativos inspirados en el arte popular. Adem\u00e1s, podr\u00e1n disfrutar de la proyecci\u00f3n de El libro de la vida y un alegre Kids After Party al atardecer.<\/em><em><\/em><\/p>\n","protected":false},"excerpt":{"rendered":"<p>Four Seasons Resort Punta Mita anuncia el regreso de Catrinas Fest, un encuentro culinario y cultural de tres d\u00edas en honor al D\u00eda de Muertos. Del 31 de octubre al 2 de noviembre de 2025, la celebraci\u00f3n reunir\u00e1 a reconocidos chefs invitados, rituales tradicionales, actividades para toda la familia y reuniones en la playa que [&hellip;]<\/p>\n","protected":false},"author":1,"featured_media":0,"comment_status":"open","ping_status":"closed","sticky":false,"template":"","format":"standard","meta":{"om_disable_all_campaigns":false,"jnews-multi-image_gallery":[],"jnews_single_post":[],"jnews_primary_category":[],"jnews_social_meta":[],"footnotes":""},"categories":[39],"tags":[],"class_list":["post-1057181","post","type-post","status-publish","format-standard","hentry","category-viajes"],"_links":{"self":[{"href":"https:\/\/dimensionturistica.com\/es\/wp-json\/wp\/v2\/posts\/1057181","targetHints":{"allow":["GET"]}}],"collection":[{"href":"https:\/\/dimensionturistica.com\/es\/wp-json\/wp\/v2\/posts"}],"about":[{"href":"https:\/\/dimensionturistica.com\/es\/wp-json\/wp\/v2\/types\/post"}],"author":[{"embeddable":true,"href":"https:\/\/dimensionturistica.com\/es\/wp-json\/wp\/v2\/users\/1"}],"replies":[{"embeddable":true,"href":"https:\/\/dimensionturistica.com\/es\/wp-json\/wp\/v2\/comments?post=1057181"}],"version-history":[{"count":1,"href":"https:\/\/dimensionturistica.com\/es\/wp-json\/wp\/v2\/posts\/1057181\/revisions"}],"predecessor-version":[{"id":1057188,"href":"https:\/\/dimensionturistica.com\/es\/wp-json\/wp\/v2\/posts\/1057181\/revisions\/1057188"}],"wp:attachment":[{"href":"https:\/\/dimensionturistica.com\/es\/wp-json\/wp\/v2\/media?parent=1057181"}],"wp:term":[{"taxonomy":"category","embeddable":true,"href":"https:\/\/dimensionturistica.com\/es\/wp-json\/wp\/v2\/categories?post=1057181"},{"taxonomy":"post_tag","embeddable":true,"href":"https:\/\/dimensionturistica.com\/es\/wp-json\/wp\/v2\/tags?post=1057181"}],"curies":[{"name":"wp","href":"https:\/\/api.w.org\/{rel}","templated":true}]}}