{"id":1057168,"date":"2025-10-07T19:40:41","date_gmt":"2025-10-07T19:40:41","guid":{"rendered":"https:\/\/dimensionturistica.com\/es\/?p=1057168"},"modified":"2025-10-07T19:40:41","modified_gmt":"2025-10-07T19:40:41","slug":"presenta-ana-iriondo-viviendo-un-homenaje-a-mexico-a-sus-raices-y-a-la-vida","status":"publish","type":"post","link":"https:\/\/dimensionturistica.com\/es\/presenta-ana-iriondo-viviendo-un-homenaje-a-mexico-a-sus-raices-y-a-la-vida\/","title":{"rendered":"Presenta Ana Iriondo \u201cViviendo\u201d, un homenaje a M\u00e9xico, a sus ra\u00edces y a la vida"},"content":{"rendered":"\n<figure class=\"wp-block-gallery has-nested-images columns-default is-cropped wp-block-gallery-1 is-layout-flex wp-block-gallery-is-layout-flex\">\n<figure class=\"wp-block-image size-large\"><img decoding=\"async\" width=\"500\" height=\"332\" data-id=\"1057169\" src=\"https:\/\/dimensionturistica.com\/es\/wp-content\/uploads\/2025\/10\/6LOLA.jpg\" alt=\"\" class=\"wp-image-1057169\" srcset=\"https:\/\/dimensionturistica.com\/es\/wp-content\/uploads\/2025\/10\/6LOLA.jpg 500w, https:\/\/dimensionturistica.com\/es\/wp-content\/uploads\/2025\/10\/6LOLA-300x199.jpg 300w\" sizes=\"(max-width: 500px) 100vw, 500px\" \/><\/figure>\n<\/figure>\n\n\n\n<p><em>La artista Ana Iriondo presenta en la Galer\u00eda del Centro<\/em><em>&nbsp;<\/em><em>Asturiano de M\u00e9xico su exposici\u00f3n \u201cViviendo\u201d, una muestra que celebra la belleza de lo cotidiano y<\/em><em>&nbsp;<\/em><em>el privilegio de estar vivos. La colecci\u00f3n puede visitarse en la Galer\u00eda del Centro Asturiano de M\u00e9xico,<\/em><em><\/em><\/p>\n\n\n\n<p><\/p>\n\n\n\n<p><em>hasta el 15 de octubre.<\/em><em><\/em><\/p>\n\n\n\n<figure class=\"wp-block-gallery has-nested-images columns-default is-cropped wp-block-gallery-2 is-layout-flex wp-block-gallery-is-layout-flex\">\n<figure class=\"wp-block-image size-large\"><img decoding=\"async\" width=\"500\" height=\"645\" data-id=\"1057170\" src=\"https:\/\/dimensionturistica.com\/es\/wp-content\/uploads\/2025\/10\/1LOLA.jpg\" alt=\"\" class=\"wp-image-1057170\" srcset=\"https:\/\/dimensionturistica.com\/es\/wp-content\/uploads\/2025\/10\/1LOLA.jpg 500w, https:\/\/dimensionturistica.com\/es\/wp-content\/uploads\/2025\/10\/1LOLA-233x300.jpg 233w\" sizes=\"(max-width: 500px) 100vw, 500px\" \/><\/figure>\n<\/figure>\n\n\n\n<p><em>\u201cViviendo\u201d re\u00fane una serie de obras en \u00f3leo que reflejan la esencia vital de la artista y su profundo<\/em><em>&nbsp;<\/em><em>amor por M\u00e9xico. \u201cYo estoy realmente viviendo y eso es lo que pinto: lo que veo, lo que me gusta y<\/em><em>&nbsp;<\/em><em>me conmueve\u201d, explica Iriondo. \u201cEs un tributo a la vida misma, a mi pa\u00eds y a mis ra\u00edces\u201d.<\/em><em><\/em><\/p>\n\n\n\n<p><\/p>\n\n\n\n<p><em>La exposici\u00f3n ofrece un recorrido por los contrastes y colores que definen la identidad de la artista.<\/em><em><\/em><\/p>\n\n\n\n<figure class=\"wp-block-gallery has-nested-images columns-default is-cropped wp-block-gallery-3 is-layout-flex wp-block-gallery-is-layout-flex\">\n<figure class=\"wp-block-image size-large\"><img decoding=\"async\" width=\"500\" height=\"653\" data-id=\"1057171\" src=\"https:\/\/dimensionturistica.com\/es\/wp-content\/uploads\/2025\/10\/3LOLA.jpg\" alt=\"\" class=\"wp-image-1057171\" srcset=\"https:\/\/dimensionturistica.com\/es\/wp-content\/uploads\/2025\/10\/3LOLA.jpg 500w, https:\/\/dimensionturistica.com\/es\/wp-content\/uploads\/2025\/10\/3LOLA-230x300.jpg 230w\" sizes=\"(max-width: 500px) 100vw, 500px\" \/><\/figure>\n<\/figure>\n\n\n\n<p><em>En sus lienzos conviven paisajes, volcanes, magueyes, ind\u00edgenas, toros, tortillas, barcos y figuras<\/em><em>&nbsp;<\/em><em>como la Virgen de Guadalupe o el Red Bull de Checo P\u00e9rez, adem\u00e1s de evocaciones a Arturias, la<\/em><em>&nbsp;<\/em><em>tierra de donde proviene su familia.<\/em><em><\/em><\/p>\n\n\n\n<p><em>\u201cEl \u00f3leo me permite dar profundidad y textura; es la t\u00e9cnica que mejor transmite la fuerza y la<\/em><em>&nbsp;<\/em><em>emoci\u00f3n que deseo compartir\u201d, comenta la artista. \u201cCada cuadro tiene su propia energ\u00eda, y lo m\u00e1s<\/em><em>&nbsp;<\/em><em>valioso es ver c\u00f3mo las personas se detienen, conectan y se dejan tocar por la obra. Esa conexi\u00f3n<\/em><em><\/em><\/p>\n\n\n\n<p><\/p>\n\n\n\n<p><em>emocional es, para m\u00ed, el verdadero sentido del arte\u201d.<\/em><em><\/em><\/p>\n\n\n\n<figure class=\"wp-block-gallery has-nested-images columns-default is-cropped wp-block-gallery-4 is-layout-flex wp-block-gallery-is-layout-flex\">\n<figure class=\"wp-block-image size-large\"><img decoding=\"async\" width=\"500\" height=\"613\" data-id=\"1057172\" src=\"https:\/\/dimensionturistica.com\/es\/wp-content\/uploads\/2025\/10\/2LOLA.jpg\" alt=\"\" class=\"wp-image-1057172\" srcset=\"https:\/\/dimensionturistica.com\/es\/wp-content\/uploads\/2025\/10\/2LOLA.jpg 500w, https:\/\/dimensionturistica.com\/es\/wp-content\/uploads\/2025\/10\/2LOLA-245x300.jpg 245w\" sizes=\"(max-width: 500px) 100vw, 500px\" \/><\/figure>\n<\/figure>\n\n\n\n<p><em>Formada en disciplinas como \u00f3leo, acuarela, acr\u00edlico, cera fr\u00eda, pastel y fotograf\u00eda, Iriondo consolid\u00f3<\/em><em>&nbsp;<\/em><em>un estilo que transita entre lo figurativo y lo abstracto. Tras m\u00e1s de tres d\u00e9cadas en el \u00e1mbito<\/em><em>&nbsp;<\/em><em>corporativo, decidi\u00f3 dedicarse por completo al arte, estableciendo su taller y desarrollando una obra<\/em><em>&nbsp;<\/em><em>que combina fuerza, sensibilidad y libertad creativa.<\/em><em><\/em><\/p>\n\n\n\n<p><em>Inspirada por maestros como Caravaggio, William Turner, Jos\u00e9 Mar\u00eda Velasco y Joaqu\u00edn Sorolla,<\/em><em>&nbsp;<\/em><em>Iriondo busca, a trav\u00e9s del color y la textura, capturar la emoci\u00f3n de la vida misma.<\/em><em><\/em><\/p>\n\n\n\n<p><\/p>\n\n\n\n<p><em>\u201cMe gustar\u00eda que todos record\u00e1ramos que vivir no es s\u00f3lo existir, sino disfrutar de los detalles,<\/em><em>&nbsp;<\/em><em>contemplar, sentir y encontrar inspiraci\u00f3n en lo cotidiano. A veces veo a mucha gente que parece no<\/em><em>&nbsp;<\/em><em>estar realmente viviendo\u201d, reflexiona la artista.<\/em><em><\/em><\/p>\n\n\n\n<figure class=\"wp-block-gallery has-nested-images columns-default is-cropped wp-block-gallery-5 is-layout-flex wp-block-gallery-is-layout-flex\">\n<figure class=\"wp-block-image size-large\"><img decoding=\"async\" width=\"500\" height=\"333\" data-id=\"1057174\" src=\"https:\/\/dimensionturistica.com\/es\/wp-content\/uploads\/2025\/10\/4LOLA.jpg\" alt=\"\" class=\"wp-image-1057174\" srcset=\"https:\/\/dimensionturistica.com\/es\/wp-content\/uploads\/2025\/10\/4LOLA.jpg 500w, https:\/\/dimensionturistica.com\/es\/wp-content\/uploads\/2025\/10\/4LOLA-300x200.jpg 300w\" sizes=\"(max-width: 500px) 100vw, 500px\" \/><\/figure>\n<\/figure>\n\n\n\n<p><em>La Galer\u00eda del Centro Asturiano de M\u00e9xico, situada en el coraz\u00f3n de Polanco, se consolida como un<\/em><em>&nbsp;<\/em><em>punto de encuentro para el arte contempor\u00e1neo y la comunidad cultural. En este espacio, el p\u00fablico<\/em><em>&nbsp;<\/em><em>puede descubrir la mirada vibrante y humanista de Ana Iriondo, cuya obra invita a detenerse,<\/em><em>&nbsp;<\/em><em>contemplar y seguir viviendo.<\/em><em><\/em><\/p>\n","protected":false},"excerpt":{"rendered":"<p>La artista Ana Iriondo presenta en la Galer\u00eda del Centro&nbsp;Asturiano de M\u00e9xico su exposici\u00f3n \u201cViviendo\u201d, una muestra que celebra la belleza de lo cotidiano y&nbsp;el privilegio de estar vivos. La colecci\u00f3n puede visitarse en la Galer\u00eda del Centro Asturiano de M\u00e9xico, hasta el 15 de octubre. \u201cViviendo\u201d re\u00fane una serie de obras en \u00f3leo que [&hellip;]<\/p>\n","protected":false},"author":1,"featured_media":0,"comment_status":"open","ping_status":"closed","sticky":false,"template":"","format":"standard","meta":{"om_disable_all_campaigns":false,"jnews-multi-image_gallery":[],"jnews_single_post":{"format":"standard"},"jnews_primary_category":[],"jnews_social_meta":[],"footnotes":""},"categories":[40],"tags":[],"class_list":["post-1057168","post","type-post","status-publish","format-standard","hentry","category-industria"],"_links":{"self":[{"href":"https:\/\/dimensionturistica.com\/es\/wp-json\/wp\/v2\/posts\/1057168","targetHints":{"allow":["GET"]}}],"collection":[{"href":"https:\/\/dimensionturistica.com\/es\/wp-json\/wp\/v2\/posts"}],"about":[{"href":"https:\/\/dimensionturistica.com\/es\/wp-json\/wp\/v2\/types\/post"}],"author":[{"embeddable":true,"href":"https:\/\/dimensionturistica.com\/es\/wp-json\/wp\/v2\/users\/1"}],"replies":[{"embeddable":true,"href":"https:\/\/dimensionturistica.com\/es\/wp-json\/wp\/v2\/comments?post=1057168"}],"version-history":[{"count":1,"href":"https:\/\/dimensionturistica.com\/es\/wp-json\/wp\/v2\/posts\/1057168\/revisions"}],"predecessor-version":[{"id":1057175,"href":"https:\/\/dimensionturistica.com\/es\/wp-json\/wp\/v2\/posts\/1057168\/revisions\/1057175"}],"wp:attachment":[{"href":"https:\/\/dimensionturistica.com\/es\/wp-json\/wp\/v2\/media?parent=1057168"}],"wp:term":[{"taxonomy":"category","embeddable":true,"href":"https:\/\/dimensionturistica.com\/es\/wp-json\/wp\/v2\/categories?post=1057168"},{"taxonomy":"post_tag","embeddable":true,"href":"https:\/\/dimensionturistica.com\/es\/wp-json\/wp\/v2\/tags?post=1057168"}],"curies":[{"name":"wp","href":"https:\/\/api.w.org\/{rel}","templated":true}]}}