{"id":1056862,"date":"2025-10-07T06:52:36","date_gmt":"2025-10-07T06:52:36","guid":{"rendered":"https:\/\/dimensionturistica.com\/es\/?p=1056862"},"modified":"2025-10-07T06:52:36","modified_gmt":"2025-10-07T06:52:36","slug":"gervasio-sanchez-en-mis-recorridos-revelare-las-verdades-ocultas-del-planeta-viajes-el-viajero","status":"publish","type":"post","link":"https:\/\/dimensionturistica.com\/es\/gervasio-sanchez-en-mis-recorridos-revelare-las-verdades-ocultas-del-planeta-viajes-el-viajero\/","title":{"rendered":"Gervasio S\u00e1nchez: \u201cEn mis recorridos revelar\u00e9 las verdades ocultas del planeta\u201d | Viajes | El Viajero"},"content":{"rendered":"<p><strong>Desvelando la Historia Oculta: Viajes con Prop\u00f3sito y Reflexi\u00f3n<\/strong><\/p>\n<p>El turismo, en su esencia, es un medio para descubrir lugares y culturas, pero hay quienes llevado por una pasi\u00f3n m\u00e1s profunda utilizan sus viajes como una herramienta para visibilizar realidades a menudo olvidadas. En esta exploraci\u00f3n, te invitamos a reflexionar sobre la funci\u00f3n del viajero en el mundo contempor\u00e1neo y el impacto que puede tener en la narrativa global.<\/p>\n<p>Imagina adentrarte en pa\u00edses donde la historia est\u00e1 cargada de cicatrices y relatos silenciados. Algunos viajeros emprenden rutas hacia las sombras, donde la belleza se encuentra entrelazada con el dolor. Estos destinos no son solo puntos en un mapa; son testigos de acontecimientos que requieren ser contados. Quien decide emprender un viaje as\u00ed no solo busca recorrer, sino tambi\u00e9n entender el contexto que rodea cada lugar, desarrollar un sentido cr\u00edtico y abrir espacios a historias que resuenan en el presente.<\/p>\n<p>Las im\u00e1genes capturadas en estas traves\u00edas van m\u00e1s all\u00e1 de la est\u00e9tica; son un fuerte recordatorio de que, tras cada rostro, hay una narrativa. La fotograf\u00eda se convierte en el veh\u00edculo para dar voz a quienes, de otro modo, permanecer\u00edan en el olvido. A trav\u00e9s de instant\u00e1neas que evocan emociones intensas, la experiencia se transforma en un llamado a la empat\u00eda y la acci\u00f3n.<\/p>\n<p>Un viaje de este tipo demanda m\u00e1s que solo una mochila y una c\u00e1mara. Se requiere una disposici\u00f3n sincera para escuchar, aprender y, por supuesto, aportar. As\u00ed, al visitar un lugar cargado de historia, el viajero tiene la oportunidad de interactuar con el entorno humano, contar sus propias vivencias y, en muchos sentidos, convertirse en un embajador de la verdad.<\/p>\n<p>Por otro lado, el turismo responsable juega un papel crucial. No es suficiente con ser un visitante pasivo; hay que ser un agente de cambio. Cada paso en estos destinos debe ser consciente y respetuoso, reconociendo el peso que cada elecci\u00f3n puede tener sobre las comunidades locales y su memoria hist\u00f3rica.<\/p>\n<p>En un mundo donde la desconexi\u00f3n a menudo reina, estas experiencias pueden convertirse en catalizadores de reflexi\u00f3n. Nos invitan a replantear nuestras responsabilidades y a considerar c\u00f3mo nuestras acciones, por peque\u00f1as que sean, pueden contribuir a la construcci\u00f3n de una sociedad m\u00e1s inclusiva y justa.<\/p>\n<p>As\u00ed, al planificar tu pr\u00f3ximo destino, considera la posibilidad de optar por una ruta menos convencional. Perm\u00edtete ser parte de la historia, no solo como observador, sino como un narrador. Escucha lo que cada lugar tiene que contar. Perm\u00edtete ser desafiado, conmoverte y, sobre todo, invita a otros a unirse a este viaje de conciencia.<\/p>\n<p>El verdadero viaje no se mide en kil\u00f3metros recorridos ni monumentos vistos, sino en la huella que dejamos detr\u00e1s y en las semillas de cambio que sembramos en el coraz\u00f3n de los lugares que visitamos. En cada viaje, existe la oportunidad \u00fanicos de transformar no solo nuestra manera de ver el mundo, sino tambi\u00e9n la historia misma.<\/p>\n<p><em> &#8221; Fuentes elpais.com &#8221; <\/em><\/p>\n","protected":false},"excerpt":{"rendered":"<p>Desvelando la Historia Oculta: Viajes con Prop\u00f3sito y Reflexi\u00f3n El turismo, en su esencia, es un medio para descubrir lugares y culturas, pero hay quienes llevado por una pasi\u00f3n m\u00e1s profunda utilizan sus viajes como una herramienta para visibilizar realidades a menudo olvidadas. En esta exploraci\u00f3n, te invitamos a reflexionar sobre la funci\u00f3n del viajero [&hellip;]<\/p>\n","protected":false},"author":4,"featured_media":1056863,"comment_status":"open","ping_status":"closed","sticky":false,"template":"","format":"standard","meta":{"om_disable_all_campaigns":false,"jnews-multi-image_gallery":[],"jnews_single_post":[],"jnews_primary_category":[],"jnews_social_meta":[],"footnotes":""},"categories":[39],"tags":[662,6209,102933,249480,6643,797,78362,25546,2229,1907,14298,5259,545,29675],"class_list":["post-1056862","post","type-post","status-publish","format-standard","has-post-thumbnail","hentry","category-viajes","tag-cultura","tag-fotografia","tag-fotoperiodismo","tag-gervasio-sanchez","tag-historia","tag-mundo","tag-narrativa","tag-ofertas-turisticas","tag-reportaje","tag-sociedad","tag-turismo-cultural","tag-turismo-internacional","tag-viajes","tag-viajes-organizados"],"_links":{"self":[{"href":"https:\/\/dimensionturistica.com\/es\/wp-json\/wp\/v2\/posts\/1056862","targetHints":{"allow":["GET"]}}],"collection":[{"href":"https:\/\/dimensionturistica.com\/es\/wp-json\/wp\/v2\/posts"}],"about":[{"href":"https:\/\/dimensionturistica.com\/es\/wp-json\/wp\/v2\/types\/post"}],"author":[{"embeddable":true,"href":"https:\/\/dimensionturistica.com\/es\/wp-json\/wp\/v2\/users\/4"}],"replies":[{"embeddable":true,"href":"https:\/\/dimensionturistica.com\/es\/wp-json\/wp\/v2\/comments?post=1056862"}],"version-history":[{"count":1,"href":"https:\/\/dimensionturistica.com\/es\/wp-json\/wp\/v2\/posts\/1056862\/revisions"}],"predecessor-version":[{"id":1056864,"href":"https:\/\/dimensionturistica.com\/es\/wp-json\/wp\/v2\/posts\/1056862\/revisions\/1056864"}],"wp:featuredmedia":[{"embeddable":true,"href":"https:\/\/dimensionturistica.com\/es\/wp-json\/wp\/v2\/media\/1056863"}],"wp:attachment":[{"href":"https:\/\/dimensionturistica.com\/es\/wp-json\/wp\/v2\/media?parent=1056862"}],"wp:term":[{"taxonomy":"category","embeddable":true,"href":"https:\/\/dimensionturistica.com\/es\/wp-json\/wp\/v2\/categories?post=1056862"},{"taxonomy":"post_tag","embeddable":true,"href":"https:\/\/dimensionturistica.com\/es\/wp-json\/wp\/v2\/tags?post=1056862"}],"curies":[{"name":"wp","href":"https:\/\/api.w.org\/{rel}","templated":true}]}}