{"id":1056578,"date":"2025-10-06T19:30:38","date_gmt":"2025-10-06T19:30:38","guid":{"rendered":"https:\/\/dimensionturistica.com\/es\/?p=1056578"},"modified":"2025-10-06T19:30:38","modified_gmt":"2025-10-06T19:30:38","slug":"el-29-de-septiembre-se-llevo-a-cabo-la-cuarta-edicion-del-foro-de-tendenciasgastronomicas-gentleman-en-el-four-seasons","status":"publish","type":"post","link":"https:\/\/dimensionturistica.com\/es\/el-29-de-septiembre-se-llevo-a-cabo-la-cuarta-edicion-del-foro-de-tendenciasgastronomicas-gentleman-en-el-four-seasons\/","title":{"rendered":"El 29 de septiembre se llev\u00f3 a cabo la cuarta edici\u00f3n del Foro de TendenciasGastron\u00f3micas Gentleman en el Four Seasons."},"content":{"rendered":"\n<figure class=\"wp-block-gallery has-nested-images columns-default is-cropped wp-block-gallery-1 is-layout-flex wp-block-gallery-is-layout-flex\">\n<figure class=\"wp-block-image size-large\"><img decoding=\"async\" width=\"400\" height=\"102\" data-id=\"1056579\" src=\"https:\/\/dimensionturistica.com\/es\/wp-content\/uploads\/2025\/10\/1GER.jpg\" alt=\"\" class=\"wp-image-1056579\" srcset=\"https:\/\/dimensionturistica.com\/es\/wp-content\/uploads\/2025\/10\/1GER.jpg 400w, https:\/\/dimensionturistica.com\/es\/wp-content\/uploads\/2025\/10\/1GER-300x77.jpg 300w\" sizes=\"(max-width: 400px) 100vw, 400px\" \/><\/figure>\n<\/figure>\n\n\n\n<p><em>El pasado 29 de septiembre, se celebr\u00f3 la cuarta edici\u00f3n del Foro Gastron\u00f3mico<\/em><em>&nbsp;<\/em><em>Gentleman M\u00e9xico en el Hotel Four Seasons de la Ciudad de M\u00e9xico. Este encuentro,<\/em><em>&nbsp;<\/em><em>ya consolidado como uno de los espacios m\u00e1s relevantes para la reflexi\u00f3n, el di\u00e1logo y<\/em><em>&nbsp;<\/em><em>la celebraci\u00f3n de la gastronom\u00eda nacional, reuni\u00f3 a chefs, sommeliers, mix\u00f3logos,<\/em><em>&nbsp;<\/em><em>hoteleros, periodistas, empresarios y l\u00edderes de la industria.<\/em><em><\/em><\/p>\n\n\n\n<figure class=\"wp-block-gallery has-nested-images columns-default is-cropped wp-block-gallery-2 is-layout-flex wp-block-gallery-is-layout-flex\">\n<figure class=\"wp-block-image size-large\"><img decoding=\"async\" width=\"500\" height=\"566\" data-id=\"1056581\" src=\"https:\/\/dimensionturistica.com\/es\/wp-content\/uploads\/2025\/10\/11GERAD.jpg\" alt=\"\" class=\"wp-image-1056581\" srcset=\"https:\/\/dimensionturistica.com\/es\/wp-content\/uploads\/2025\/10\/11GERAD.jpg 500w, https:\/\/dimensionturistica.com\/es\/wp-content\/uploads\/2025\/10\/11GERAD-265x300.jpg 265w\" sizes=\"(max-width: 500px) 100vw, 500px\" \/><\/figure>\n<\/figure>\n\n\n\n<p><em>Bajo el t\u00edtulo \u201cGastronom\u00eda Viva: Creatividad, Territorio y Revoluci\u00f3n Culinaria\u201d, el foro<\/em><em>&nbsp;<\/em><em>propuso una mirada vibrante, contempor\u00e1nea y transversal sobre la evoluci\u00f3n de<\/em><em>&nbsp;<\/em><em>nuestra cocina. Se exploraron los motores que est\u00e1n transformando el panorama<\/em><em>&nbsp;<\/em><em>culinario en M\u00e9xico y el mundo: la sostenibilidad, el impulso de las nuevas<\/em><em>&nbsp;<\/em><em>generaciones, la innovaci\u00f3n tecnol\u00f3gica, los productos del ma\u00f1ana y la conciencia<\/em><em>&nbsp;<\/em><em>renovada sobre el territorio.<\/em><em><\/em><\/p>\n\n\n\n<figure class=\"wp-block-gallery has-nested-images columns-default is-cropped wp-block-gallery-3 is-layout-flex wp-block-gallery-is-layout-flex\">\n<figure class=\"wp-block-image size-large\"><img decoding=\"async\" width=\"500\" height=\"513\" data-id=\"1056591\" src=\"https:\/\/dimensionturistica.com\/es\/wp-content\/uploads\/2025\/10\/5GERAD.jpg\" alt=\"\" class=\"wp-image-1056591\" srcset=\"https:\/\/dimensionturistica.com\/es\/wp-content\/uploads\/2025\/10\/5GERAD.jpg 500w, https:\/\/dimensionturistica.com\/es\/wp-content\/uploads\/2025\/10\/5GERAD-292x300.jpg 292w\" sizes=\"(max-width: 500px) 100vw, 500px\" \/><\/figure>\n<\/figure>\n\n\n\n<p><em>La edici\u00f3n de este a\u00f1o cont\u00f3 con la participaci\u00f3n especial de Jes\u00fas S\u00e1nchez, chef de<\/em><em>&nbsp;<\/em><em>renombre internacional y propietario del Cenador de Am\u00f3s en Cantabria, distinguido<\/em><em>&nbsp;<\/em><em>con 3 Estrellas Michelin y una Estrella Verde por sostenibilidad, reconocido por su<\/em><em>&nbsp;<\/em><em>propuesta creativa que lleva la esencia del Cant\u00e1brico al mundo, y galardonado con el<\/em><em>&nbsp;<\/em><em>Premio Nacional de Gastronom\u00eda y el Premio Nacional de Hosteler\u00eda en 2022. Adem\u00e1s,<\/em><em>&nbsp;<\/em><em>ha expandido su propuesta con Am\u00f3s en el Hotel Rosewood Villamagna de Madrid.<\/em><em>&nbsp;<\/em><em>Asimismo, se realizaron cinco conversatorios liderados por Javier Fern\u00e1ndez de Angulo<\/em><em>&nbsp;<\/em><em>y Miguel Conde, conductor de La Ruta del Sabor en Canal Once, donde se abordaron<\/em><em>&nbsp;<\/em><em>temas en torno al vino, la gastronom\u00eda, las tendencias, la mixolog\u00eda y la hoteler\u00eda de<\/em><em>&nbsp;<\/em><em>lujo. En ellos participaron destacadas personalidades de la industria como Israel<\/em><em>&nbsp;<\/em><em>Marqueda Cava, Gerente Nacional de Ventas en Santomar; Aline Molina, Coordinadora<\/em><em>&nbsp;<\/em><em>de Campa\u00f1as de COMEPESCA; la periodista Mariana Camacho, especializada en temas<\/em><em>&nbsp;<\/em><em>de gastronom\u00eda, viajes y cultura ; Paz Austin, Directora de Vinos Camino de la Plata;<\/em><em>&nbsp;<\/em><em>Joanna Vallejo, Sommelier; Nubia Montes de Winefulness, Bodegas Encinillas<\/em><em>&nbsp;<\/em><em>Chihuahua, Jorge Narv\u00e1ez de Bodegas Origen, Aguascalientes; Claudio Poblete,<\/em><em>&nbsp;<\/em><em>periodista y fundador de Grupo Culinaria Mexicana; Rodrigo Urraca de Handshake<\/em><em>&nbsp;<\/em><em>Speakeasy; Pablo Pasti, Licorer\u00eda Limantour, Jos\u00e9 Antonio Sada S\u00e1nchez, Director de la<\/em><em>&nbsp;<\/em><em>especialidad en dise\u00f1o e innovaci\u00f3n de alimentos en CENTRO; los chefs Pepe Salinas,<\/em><em>&nbsp;<\/em><em>de El Balc\u00f3n del Z\u00f3calo, y Ale Navarro, de Bot\u00e1nico; Aur\u00e9lie Skorupa, Head de Vinos en<\/em><em>&nbsp;<\/em><em>Casa Pedro Domecq; Julien Debarle, Director de Operaciones de Grupo Presidente;<\/em><em>&nbsp;<\/em><em>Rodolfo Gonz\u00e1lez, General Manager de Grand Velas Riviera Maya y Benjam\u00edn Garc\u00eda de<\/em><em>&nbsp;<\/em><em>Quevedo, Comercializador y Embajador de Marca Thompson Mexico City y Thompson<\/em><em><\/em><\/p>\n\n\n\n<figure class=\"wp-block-gallery has-nested-images columns-default is-cropped wp-block-gallery-4 is-layout-flex wp-block-gallery-is-layout-flex\">\n<figure class=\"wp-block-image size-large\"><img decoding=\"async\" width=\"500\" height=\"432\" data-id=\"1056583\" src=\"https:\/\/dimensionturistica.com\/es\/wp-content\/uploads\/2025\/10\/33GERAD.jpg\" alt=\"\" class=\"wp-image-1056583\" srcset=\"https:\/\/dimensionturistica.com\/es\/wp-content\/uploads\/2025\/10\/33GERAD.jpg 500w, https:\/\/dimensionturistica.com\/es\/wp-content\/uploads\/2025\/10\/33GERAD-300x259.jpg 300w\" sizes=\"(max-width: 500px) 100vw, 500px\" \/><\/figure>\n<\/figure>\n\n\n\n<p><em>Puerto Vallarta.<\/em><em><\/em><\/p>\n\n\n\n<p><em>\u25cf Del Kil\u00f3metro Cero a las Tres Estrellas<\/em><em><\/em><\/p>\n\n\n\n<p><em>\u25cf La Cocina del Mar<\/em><em><\/em><\/p>\n\n\n\n<p><em>\u25cf El Nuevo Mapa del Vino Mexicano<\/em><em><\/em><\/p>\n\n\n\n<p><em>\u25cf Tendencias en Gastronom\u00eda y Mixolog\u00eda<\/em><em><\/em><\/p>\n\n\n\n<p><em>\u25cf Destinos Gourmet: Alta Cocina y Experiencias Cinco Estrellas<\/em><em><\/em><\/p>\n\n\n\n<figure class=\"wp-block-gallery has-nested-images columns-default is-cropped wp-block-gallery-5 is-layout-flex wp-block-gallery-is-layout-flex\">\n<figure class=\"wp-block-image size-large\"><img decoding=\"async\" width=\"500\" height=\"749\" data-id=\"1056585\" src=\"https:\/\/dimensionturistica.com\/es\/wp-content\/uploads\/2025\/10\/4GERD.jpg\" alt=\"\" class=\"wp-image-1056585\" srcset=\"https:\/\/dimensionturistica.com\/es\/wp-content\/uploads\/2025\/10\/4GERD.jpg 500w, https:\/\/dimensionturistica.com\/es\/wp-content\/uploads\/2025\/10\/4GERD-200x300.jpg 200w\" sizes=\"(max-width: 500px) 100vw, 500px\" \/><\/figure>\n<\/figure>\n\n\n\n<p><em>Este a\u00f1o, el foro tambi\u00e9n destac\u00f3 por la presencia de marcas l\u00edderes que ofrecieron<\/em><em>&nbsp;<\/em><em>experiencias \u00fanicas de degustaci\u00f3n como: Lexus, Grupo Presidente, Tesoros de M\u00e9xico,<\/em><em>&nbsp;<\/em><em>Related Group con Thompson Mexico City Hotel &amp; Residences y Thompson Puerto<\/em><em>&nbsp;<\/em><em>Vallarta Hotel &amp; Residences, Victorinox, BLN Brands, Coop Brand Spirit, De\u2019Longhi,<\/em><em>&nbsp;<\/em><em>Domecq, Estrella Galicia, Secretos del Vino con Izadi, Finca Villacreces y Bodegas<\/em><em>&nbsp;<\/em><em>Vetus, La Castellana con Matsu &amp; Ruffino, L.A. Cetto, Rioja, Mo\u00ebt &amp; Chandon, Bodegas<\/em><em>&nbsp;<\/em><em>Numanthia, Santo Mar, Vinos Wagner, Perrier, S. Pellegrino y Piel Canela Hand Crafted,<\/em><em>&nbsp;<\/em><em>quienes elaboraron los premios de est\u00e1 edici\u00f3n.<\/em><em><\/em><\/p>\n\n\n\n<p><em>La noche cerr\u00f3 con la entrega de los Premios Gentleman, que cont\u00f3 con la<\/em> <em>participaci\u00f3n especial de Max, quien sorprendi\u00f3 al p\u00fablico con sus trucos de magia. <\/em><\/p>\n\n\n\n<figure class=\"wp-block-gallery has-nested-images columns-default is-cropped wp-block-gallery-6 is-layout-flex wp-block-gallery-is-layout-flex\">\n<figure class=\"wp-block-image size-large\"><img decoding=\"async\" width=\"500\" height=\"749\" data-id=\"1056587\" src=\"https:\/\/dimensionturistica.com\/es\/wp-content\/uploads\/2025\/10\/7GERAD.jpg\" alt=\"\" class=\"wp-image-1056587\" srcset=\"https:\/\/dimensionturistica.com\/es\/wp-content\/uploads\/2025\/10\/7GERAD.jpg 500w, https:\/\/dimensionturistica.com\/es\/wp-content\/uploads\/2025\/10\/7GERAD-200x300.jpg 200w\" sizes=\"(max-width: 500px) 100vw, 500px\" \/><\/figure>\n<\/figure>\n\n\n\n<p><em>La<\/em><em>&nbsp;<\/em><em>emotiva ceremonia de premiaci\u00f3n, encabezada por el director de la revista, Javier<\/em><em>&nbsp;<\/em><em>Fern\u00e1ndez de Angulo, reconoci\u00f3 a los profesionales que, con su dedicaci\u00f3n y pasi\u00f3n,<\/em><em>&nbsp;<\/em><em>han dejado una huella significativa en la industria gastron\u00f3mica. Los 12 galardonados<\/em><em>&nbsp;<\/em><em>de la noche fueron:<\/em><em><\/em><\/p>\n\n\n\n<p><em>Premios Gentleman 2025<\/em><em><\/em><\/p>\n\n\n\n<p><em>\u25cf Chef del A\u00f1o por su trayectoria: Eduardo Garc\u00eda, M\u00e1ximo Bistrot<\/em><em><\/em><\/p>\n\n\n\n<p><em>\u25cf Mejor Restaurante Apertura del A\u00f1o: La Cocina del Bizco<\/em><em><\/em><\/p>\n\n\n\n<p><em>\u25cf Mejor Sommelier: Arisbeth Araujo (Zeru)<\/em><em><\/em><\/p>\n\n\n\n<p><em>\u25cf Mejor Bodega: Bruma<\/em><em><\/em><\/p>\n\n\n\n<figure class=\"wp-block-gallery has-nested-images columns-default is-cropped wp-block-gallery-7 is-layout-flex wp-block-gallery-is-layout-flex\">\n<figure class=\"wp-block-image size-large\"><img decoding=\"async\" width=\"500\" height=\"566\" data-id=\"1056589\" src=\"https:\/\/dimensionturistica.com\/es\/wp-content\/uploads\/2025\/10\/11GERAD-1.jpg\" alt=\"\" class=\"wp-image-1056589\" srcset=\"https:\/\/dimensionturistica.com\/es\/wp-content\/uploads\/2025\/10\/11GERAD-1.jpg 500w, https:\/\/dimensionturistica.com\/es\/wp-content\/uploads\/2025\/10\/11GERAD-1-265x300.jpg 265w\" sizes=\"(max-width: 500px) 100vw, 500px\" \/><\/figure>\n<\/figure>\n\n\n\n<p><em>\u25cf Premio a la Cocina Sostenible: Bald\u00edo \u2013 Chefs Daniel Vidal y Karla J\u00e1en<\/em><em><\/em><\/p>\n\n\n\n<p><em>\u25cf Premio Centro de Formaci\u00f3n y Escuela de Gastronom\u00eda: CESSA Universidad que<\/em><em>&nbsp;<\/em><em>cumple 50 a\u00f1os<\/em><em><\/em><\/p>\n\n\n\n<p><em>\u25cf Premio Arte en la Mesa: Escuela Nacional de Cer\u00e1mica<\/em><em><\/em><\/p>\n\n\n\n<p><em>\u25cf Premio a Nuevo Talento, Joven Revelaci\u00f3n: Chef Mariana Villegas de Lina<\/em><em><\/em><\/p>\n\n\n\n<p><em>\u25cf Premio a la Comunicaci\u00f3n y Divulgaci\u00f3n: La Ruta del Sabor \u2013 Miguel Conde<\/em><em><\/em><\/p>\n\n\n\n<p><em>\u25cf Premio al Bar del A\u00f1o: Baltra que cumple 10 a\u00f1os<\/em><em><\/em><\/p>\n\n\n\n<figure class=\"wp-block-gallery has-nested-images columns-default is-cropped wp-block-gallery-8 is-layout-flex wp-block-gallery-is-layout-flex\">\n<figure class=\"wp-block-image size-large\"><img decoding=\"async\" width=\"500\" height=\"749\" data-id=\"1056592\" src=\"https:\/\/dimensionturistica.com\/es\/wp-content\/uploads\/2025\/10\/8GERAD.jpg\" alt=\"\" class=\"wp-image-1056592\" srcset=\"https:\/\/dimensionturistica.com\/es\/wp-content\/uploads\/2025\/10\/8GERAD.jpg 500w, https:\/\/dimensionturistica.com\/es\/wp-content\/uploads\/2025\/10\/8GERAD-200x300.jpg 200w\" sizes=\"(max-width: 500px) 100vw, 500px\" \/><\/figure>\n<\/figure>\n\n\n\n<p><em>\u25cf Reconocimiento Especial Cocinera Tradicional por Tesoros de M\u00e9xico: Celia Froylan<\/em><em><\/em><\/p>\n\n\n\n<p><em>\u25cf Mejor Chef Internacional: Jes\u00fas S\u00e1nchez<\/em><em><\/em><\/p>\n\n\n\n<p><em>La cuarta edici\u00f3n del Foro sobre Tendencias Gastron\u00f3micas Gentleman Gourmet<\/em><em>&nbsp;<\/em><em>reafirm\u00f3 su papel como un referente en el sector, consolid\u00e1ndose como un punto de<\/em><em>&nbsp;<\/em><em>encuentro imprescindible para la gastronom\u00eda, la mixolog\u00eda y la hospitalidad de lujo en<\/em><em>&nbsp;<\/em><em>M\u00e9xico. M\u00e1s all\u00e1 de reunir a chefs, sommeliers, mix\u00f3logos, hoteleros y marcas l\u00edderes,<\/em><em>&nbsp;<\/em><em>esta edici\u00f3n abri\u00f3 el di\u00e1logo hacia el futuro, conectando tradici\u00f3n y vanguardia,<\/em><em>&nbsp;<\/em><em>sostenibilidad e innovaci\u00f3n, con la mirada puesta en mantener a nuestro pa\u00eds en la<\/em><em>&nbsp;<\/em><em>escena global. Un foro que no s\u00f3lo inspira, sino que marca rumbo para la industria<\/em><em>&nbsp;<\/em><em>gastron\u00f3mica mexicana.<\/em><em><\/em><\/p>\n","protected":false},"excerpt":{"rendered":"<p>El pasado 29 de septiembre, se celebr\u00f3 la cuarta edici\u00f3n del Foro Gastron\u00f3mico&nbsp;Gentleman M\u00e9xico en el Hotel Four Seasons de la Ciudad de M\u00e9xico. Este encuentro,&nbsp;ya consolidado como uno de los espacios m\u00e1s relevantes para la reflexi\u00f3n, el di\u00e1logo y&nbsp;la celebraci\u00f3n de la gastronom\u00eda nacional, reuni\u00f3 a chefs, sommeliers, mix\u00f3logos,&nbsp;hoteleros, periodistas, empresarios y l\u00edderes de [&hellip;]<\/p>\n","protected":false},"author":1,"featured_media":0,"comment_status":"open","ping_status":"closed","sticky":false,"template":"","format":"standard","meta":{"om_disable_all_campaigns":false,"jnews-multi-image_gallery":[],"jnews_single_post":[],"jnews_primary_category":[],"jnews_social_meta":[],"footnotes":""},"categories":[43],"tags":[],"class_list":["post-1056578","post","type-post","status-publish","format-standard","hentry","category-gourmet"],"_links":{"self":[{"href":"https:\/\/dimensionturistica.com\/es\/wp-json\/wp\/v2\/posts\/1056578","targetHints":{"allow":["GET"]}}],"collection":[{"href":"https:\/\/dimensionturistica.com\/es\/wp-json\/wp\/v2\/posts"}],"about":[{"href":"https:\/\/dimensionturistica.com\/es\/wp-json\/wp\/v2\/types\/post"}],"author":[{"embeddable":true,"href":"https:\/\/dimensionturistica.com\/es\/wp-json\/wp\/v2\/users\/1"}],"replies":[{"embeddable":true,"href":"https:\/\/dimensionturistica.com\/es\/wp-json\/wp\/v2\/comments?post=1056578"}],"version-history":[{"count":1,"href":"https:\/\/dimensionturistica.com\/es\/wp-json\/wp\/v2\/posts\/1056578\/revisions"}],"predecessor-version":[{"id":1056593,"href":"https:\/\/dimensionturistica.com\/es\/wp-json\/wp\/v2\/posts\/1056578\/revisions\/1056593"}],"wp:attachment":[{"href":"https:\/\/dimensionturistica.com\/es\/wp-json\/wp\/v2\/media?parent=1056578"}],"wp:term":[{"taxonomy":"category","embeddable":true,"href":"https:\/\/dimensionturistica.com\/es\/wp-json\/wp\/v2\/categories?post=1056578"},{"taxonomy":"post_tag","embeddable":true,"href":"https:\/\/dimensionturistica.com\/es\/wp-json\/wp\/v2\/tags?post=1056578"}],"curies":[{"name":"wp","href":"https:\/\/api.w.org\/{rel}","templated":true}]}}