{"id":1056510,"date":"2025-10-06T16:56:49","date_gmt":"2025-10-06T16:56:49","guid":{"rendered":"https:\/\/dimensionturistica.com\/es\/?p=1056510"},"modified":"2025-10-06T16:56:49","modified_gmt":"2025-10-06T16:56:49","slug":"bcd-reafirma-su-liderazgo-en-sostenibilidad-ecovadis-le-otorgala-calificacion-platino-por-sexto-ano-consecutivo","status":"publish","type":"post","link":"https:\/\/dimensionturistica.com\/es\/bcd-reafirma-su-liderazgo-en-sostenibilidad-ecovadis-le-otorgala-calificacion-platino-por-sexto-ano-consecutivo\/","title":{"rendered":"BCD reafirma su liderazgo en sostenibilidad: EcoVadis le otorgala calificaci\u00f3n Platino por sexto a\u00f1o consecutivo"},"content":{"rendered":"\n<figure class=\"wp-block-gallery has-nested-images columns-default is-cropped wp-block-gallery-1 is-layout-flex wp-block-gallery-is-layout-flex\">\n<figure class=\"wp-block-image size-large\"><img decoding=\"async\" width=\"400\" height=\"268\" data-id=\"1056511\" src=\"https:\/\/dimensionturistica.com\/es\/wp-content\/uploads\/2025\/10\/1BCD.jpg\" alt=\"\" class=\"wp-image-1056511\" srcset=\"https:\/\/dimensionturistica.com\/es\/wp-content\/uploads\/2025\/10\/1BCD.jpg 400w, https:\/\/dimensionturistica.com\/es\/wp-content\/uploads\/2025\/10\/1BCD-300x201.jpg 300w\" sizes=\"(max-width: 400px) 100vw, 400px\" \/><\/figure>\n<\/figure>\n\n\n\n<p><em>BCD Travel, una de las principales<\/em><em>&nbsp;<\/em><em>agencias globales de gesti\u00f3n de viajes corporativos, ha sido reconocida por sexto<\/em><em>&nbsp;<\/em><em>a\u00f1o consecutivo con la Medalla Platino de EcoVadis, la m\u00e1xima calificaci\u00f3n en<\/em><em>&nbsp;<\/em><em>materia de sostenibilidad empresarial.<\/em><em><\/em><\/p>\n\n\n\n<p><em>Este reconocimiento ubica a BCD dentro del 1% de las compa\u00f1\u00edas mejor<\/em><em>&nbsp;<\/em><em>evaluadas a nivel mundial, consolidando su posici\u00f3n como un socio estrat\u00e9gico<\/em><em>&nbsp;<\/em><em>para organizaciones que buscan soluciones de viajes de negocios y eventos<\/em><em>&nbsp;<\/em><em>m\u00e1s responsables.<\/em><em><\/em><\/p>\n\n\n\n<figure class=\"wp-block-gallery has-nested-images columns-default is-cropped wp-block-gallery-2 is-layout-flex wp-block-gallery-is-layout-flex\">\n<figure class=\"wp-block-image size-large\"><img decoding=\"async\" width=\"500\" height=\"500\" data-id=\"1056512\" src=\"https:\/\/dimensionturistica.com\/es\/wp-content\/uploads\/2025\/10\/BCDJHG.jpg\" alt=\"\" class=\"wp-image-1056512\" srcset=\"https:\/\/dimensionturistica.com\/es\/wp-content\/uploads\/2025\/10\/BCDJHG.jpg 500w, https:\/\/dimensionturistica.com\/es\/wp-content\/uploads\/2025\/10\/BCDJHG-300x300.jpg 300w, https:\/\/dimensionturistica.com\/es\/wp-content\/uploads\/2025\/10\/BCDJHG-150x150.jpg 150w, https:\/\/dimensionturistica.com\/es\/wp-content\/uploads\/2025\/10\/BCDJHG-75x75.jpg 75w, https:\/\/dimensionturistica.com\/es\/wp-content\/uploads\/2025\/10\/BCDJHG-350x350.jpg 350w\" sizes=\"(max-width: 500px) 100vw, 500px\" \/><\/figure>\n<\/figure>\n\n\n\n<p><em>\u201cEste logro refleja nuestra visi\u00f3n de integrar la sostenibilidad en cada aspecto del<\/em><em>&nbsp;<\/em><em>viaje corporativo y MICE (Meetings, Incentives, Conferences, and Exhibitions),<\/em><em>&nbsp;<\/em><em>alineados con nuestro 2030 Blueprint for Success\u201d, afirm\u00f3 Olivia Ruggles-Brise,<\/em><em>&nbsp;<\/em><em>vicepresidenta de Sostenibilidad de BCD.<\/em><em><\/em><\/p>\n\n\n\n<p><em>Avances destacados en sostenibilidad durante 2025:<\/em><em><\/em><\/p>\n\n\n\n<p><em>\u00b7 69,3% de reducci\u00f3n en emisiones de alcance 1 y 2, y 20,8% en<\/em><em>&nbsp;<\/em><em>emisiones de alcance 3 en comparaci\u00f3n con 2019.<\/em><em><\/em><\/p>\n\n\n\n<p><em>\u00b7 33% de electricidad renovable utilizada en oficinas a nivel global, con el<\/em><em><\/em><\/p>\n\n\n\n<p><em>objetivo de alcanzar el 100% para 2030.<\/em><em><\/em><\/p>\n\n\n\n<p><em>\u00b7 97% del personal complet\u00f3 la capacitaci\u00f3n en sensibilizaci\u00f3n sobre trata<\/em><em><\/em><\/p>\n\n\n\n<p><em>de personas.<\/em><em><\/em><\/p>\n\n\n\n<figure class=\"wp-block-gallery has-nested-images columns-default is-cropped wp-block-gallery-3 is-layout-flex wp-block-gallery-is-layout-flex\">\n<figure class=\"wp-block-image size-large\"><img decoding=\"async\" width=\"500\" height=\"498\" data-id=\"1056513\" src=\"https:\/\/dimensionturistica.com\/es\/wp-content\/uploads\/2025\/10\/3BCD.jpg\" alt=\"\" class=\"wp-image-1056513\" srcset=\"https:\/\/dimensionturistica.com\/es\/wp-content\/uploads\/2025\/10\/3BCD.jpg 500w, https:\/\/dimensionturistica.com\/es\/wp-content\/uploads\/2025\/10\/3BCD-300x300.jpg 300w, https:\/\/dimensionturistica.com\/es\/wp-content\/uploads\/2025\/10\/3BCD-150x150.jpg 150w, https:\/\/dimensionturistica.com\/es\/wp-content\/uploads\/2025\/10\/3BCD-75x75.jpg 75w, https:\/\/dimensionturistica.com\/es\/wp-content\/uploads\/2025\/10\/3BCD-350x350.jpg 350w\" sizes=\"(max-width: 500px) 100vw, 500px\" \/><\/figure>\n<\/figure>\n\n\n\n<p><em>\u00b7 40% de los proveedores estrat\u00e9gicos son evaluados mediante una nueva<\/em><em>&nbsp;<\/em><em>herramienta de diligencia debida.<\/em><em><\/em><\/p>\n\n\n\n<p><em>\u00b7 Lanzamiento de una soluci\u00f3n integral de sostenibilidad para clientes,<\/em><em>&nbsp;<\/em><em>que incluye c\u00e1lculo de huella de carbono, mensajes verdes en el punto de<\/em><em>&nbsp;<\/em><em>venta y reportes confiables de SAF (combustible sostenible de aviaci\u00f3n).<\/em><em><\/em><\/p>\n\n\n\n<p><em>Un compromiso con el futuro de la industria<\/em><em><\/em><\/p>\n\n\n\n<p><em>Con este reconocimiento, BCD reafirma su compromiso con la<\/em><em>&nbsp;<\/em><em>transformaci\u00f3n<\/em><em>&nbsp;<\/em><em>sostenible de los viajes de negocios e incentivos, en l\u00ednea con los Objetivos de<\/em><em>&nbsp;<\/em><em>Desarrollo Sostenible de la ONU, la iniciativa Science Based Targets (SBTi) y<\/em><em>&nbsp;<\/em><em>otros est\u00e1ndares internacionales que impulsan un impacto positivo en la industria.<\/em><em><\/em><\/p>\n","protected":false},"excerpt":{"rendered":"<p>BCD Travel, una de las principales&nbsp;agencias globales de gesti\u00f3n de viajes corporativos, ha sido reconocida por sexto&nbsp;a\u00f1o consecutivo con la Medalla Platino de EcoVadis, la m\u00e1xima calificaci\u00f3n en&nbsp;materia de sostenibilidad empresarial. Este reconocimiento ubica a BCD dentro del 1% de las compa\u00f1\u00edas mejor&nbsp;evaluadas a nivel mundial, consolidando su posici\u00f3n como un socio estrat\u00e9gico&nbsp;para organizaciones que [&hellip;]<\/p>\n","protected":false},"author":1,"featured_media":0,"comment_status":"open","ping_status":"closed","sticky":false,"template":"","format":"standard","meta":{"om_disable_all_campaigns":false,"jnews-multi-image_gallery":[],"jnews_single_post":[],"jnews_primary_category":[],"jnews_social_meta":[],"footnotes":""},"categories":[39],"tags":[],"class_list":["post-1056510","post","type-post","status-publish","format-standard","hentry","category-viajes"],"_links":{"self":[{"href":"https:\/\/dimensionturistica.com\/es\/wp-json\/wp\/v2\/posts\/1056510","targetHints":{"allow":["GET"]}}],"collection":[{"href":"https:\/\/dimensionturistica.com\/es\/wp-json\/wp\/v2\/posts"}],"about":[{"href":"https:\/\/dimensionturistica.com\/es\/wp-json\/wp\/v2\/types\/post"}],"author":[{"embeddable":true,"href":"https:\/\/dimensionturistica.com\/es\/wp-json\/wp\/v2\/users\/1"}],"replies":[{"embeddable":true,"href":"https:\/\/dimensionturistica.com\/es\/wp-json\/wp\/v2\/comments?post=1056510"}],"version-history":[{"count":1,"href":"https:\/\/dimensionturistica.com\/es\/wp-json\/wp\/v2\/posts\/1056510\/revisions"}],"predecessor-version":[{"id":1056514,"href":"https:\/\/dimensionturistica.com\/es\/wp-json\/wp\/v2\/posts\/1056510\/revisions\/1056514"}],"wp:attachment":[{"href":"https:\/\/dimensionturistica.com\/es\/wp-json\/wp\/v2\/media?parent=1056510"}],"wp:term":[{"taxonomy":"category","embeddable":true,"href":"https:\/\/dimensionturistica.com\/es\/wp-json\/wp\/v2\/categories?post=1056510"},{"taxonomy":"post_tag","embeddable":true,"href":"https:\/\/dimensionturistica.com\/es\/wp-json\/wp\/v2\/tags?post=1056510"}],"curies":[{"name":"wp","href":"https:\/\/api.w.org\/{rel}","templated":true}]}}