{"id":1056481,"date":"2025-10-06T16:26:04","date_gmt":"2025-10-06T16:26:04","guid":{"rendered":"https:\/\/dimensionturistica.com\/es\/?p=1056481"},"modified":"2025-10-06T16:26:04","modified_gmt":"2025-10-06T16:26:04","slug":"pueblos-magicos-cumple-su-24-aniversario-con-una-estrategia-nacional-para-su-fortalecimiento-impulsa-nuevo-modelo-turistico-con-prosperidad-compartida","status":"publish","type":"post","link":"https:\/\/dimensionturistica.com\/es\/pueblos-magicos-cumple-su-24-aniversario-con-una-estrategia-nacional-para-su-fortalecimiento-impulsa-nuevo-modelo-turistico-con-prosperidad-compartida\/","title":{"rendered":"Pueblos M\u00e1gicos cumple su 24 aniversario con una Estrategia Nacional para su Fortalecimiento impulsa nuevo modelo tur\u00edstico con Prosperidad Compartida"},"content":{"rendered":"\n<p><\/p>\n\n\n\n<figure class=\"wp-block-gallery has-nested-images columns-default is-cropped wp-block-gallery-1 is-layout-flex wp-block-gallery-is-layout-flex\">\n<figure class=\"wp-block-image size-large\"><img decoding=\"async\" width=\"500\" height=\"81\" data-id=\"1056483\" src=\"https:\/\/dimensionturistica.com\/es\/wp-content\/uploads\/2025\/10\/1MAGI.jpg\" alt=\"\" class=\"wp-image-1056483\" srcset=\"https:\/\/dimensionturistica.com\/es\/wp-content\/uploads\/2025\/10\/1MAGI.jpg 500w, https:\/\/dimensionturistica.com\/es\/wp-content\/uploads\/2025\/10\/1MAGI-300x49.jpg 300w\" sizes=\"(max-width: 500px) 100vw, 500px\" \/><\/figure>\n<\/figure>\n\n\n\n<p><em>En el 24o aniversario del Programa Pueblos M\u00e1gicos, la secretaria de Turismo del Gobierno de<\/em><em>&nbsp;<\/em><em>M\u00e9xico, Josefina Rodr\u00edguez Zamora, resalt\u00f3 que la Estrategia Nacional para el Fortalecimiento<\/em><em>&nbsp;<\/em><em>de los Pueblos M\u00e1gicos impulsa un nuevo modelo tur\u00edstico con Prosperidad Compartida a<\/em><em>&nbsp;&nbsp;<\/em><em>trav\u00e9s de cinco ejes estrat\u00e9gicos.<\/em><em><\/em><\/p>\n\n\n\n<p><\/p>\n\n\n\n<p><em>&#8220;A m\u00e1s de dos d\u00e9cadas de su creaci\u00f3n, hoy el programa renueva su visi\u00f3n y reconoce a las<\/em><em>&nbsp;<\/em><em>comunidades como la base fundamental de este patrimonio tur\u00edstico. <\/em><em><\/em><\/p>\n\n\n\n<figure class=\"wp-block-gallery has-nested-images columns-default is-cropped wp-block-gallery-2 is-layout-flex wp-block-gallery-is-layout-flex\">\n<figure class=\"wp-block-image size-large\"><img decoding=\"async\" width=\"500\" height=\"300\" data-id=\"1056484\" src=\"https:\/\/dimensionturistica.com\/es\/wp-content\/uploads\/2025\/10\/2MAGIC.jpg\" alt=\"\" class=\"wp-image-1056484\" srcset=\"https:\/\/dimensionturistica.com\/es\/wp-content\/uploads\/2025\/10\/2MAGIC.jpg 500w, https:\/\/dimensionturistica.com\/es\/wp-content\/uploads\/2025\/10\/2MAGIC-300x180.jpg 300w\" sizes=\"(max-width: 500px) 100vw, 500px\" \/><\/figure>\n<\/figure>\n\n\n\n<p><em>Los Pueblos M\u00e1gicos son<\/em><em>&nbsp;<\/em><em>motor de desarrollo y generadores de Prosperidad Compartida, espacios donde se preserva<\/em><em>&nbsp;<\/em><em>nuestra historia, nuestras tradiciones y nuestra identidad, al mismo tiempo que se generan<\/em><em>&nbsp;<\/em><em>oportunidades econ\u00f3micas y sociales para las comunidades que los habitan&#8221;, afirm\u00f3.<\/em><em><\/em><\/p>\n\n\n\n<p><\/p>\n\n\n\n<p><em>Y en el marco del D\u00eda Nacional de los Pueblos M\u00e1gicos, celebrado cada 5 de octubre, la<\/em><em>&nbsp;<\/em><em>secretaria de Turismo destac\u00f3 que, bajo el liderazgo de la Presidenta Claudia Sheinbaum Pardo,<\/em><em>&nbsp;<\/em><em>este programa ha dignificado y puesto en valor a comunidades rurales, hist\u00f3ricas y culturales,<\/em><em>&nbsp;<\/em><em>reconociendo su contribuci\u00f3n al patrimonio de M\u00e9xico.<\/em><em><\/em><\/p>\n\n\n\n<figure class=\"wp-block-gallery has-nested-images columns-default is-cropped wp-block-gallery-3 is-layout-flex wp-block-gallery-is-layout-flex\">\n<figure class=\"wp-block-image size-large\"><img decoding=\"async\" width=\"500\" height=\"333\" data-id=\"1056487\" src=\"https:\/\/dimensionturistica.com\/es\/wp-content\/uploads\/2025\/10\/3MAGIC.jpg\" alt=\"\" class=\"wp-image-1056487\" srcset=\"https:\/\/dimensionturistica.com\/es\/wp-content\/uploads\/2025\/10\/3MAGIC.jpg 500w, https:\/\/dimensionturistica.com\/es\/wp-content\/uploads\/2025\/10\/3MAGIC-300x200.jpg 300w\" sizes=\"(max-width: 500px) 100vw, 500px\" \/><\/figure>\n<\/figure>\n\n\n\n<p><em>Adem\u00e1s, para consolidar a estos destinos como referentes de clase mundial se implementan<\/em><em>&nbsp;<\/em><em>las siguientes acciones:<\/em><em><\/em><\/p>\n\n\n\n<p><em>\u25cf Planeaci\u00f3n y desarrollo tur\u00edstico sostenible: promover un crecimiento ordenado que<\/em><em>&nbsp;<\/em><em>proteja el patrimonio y fomente la participaci\u00f3n comunitaria.<\/em><em><\/em><\/p>\n\n\n\n<figure class=\"wp-block-gallery has-nested-images columns-default is-cropped wp-block-gallery-4 is-layout-flex wp-block-gallery-is-layout-flex\">\n<figure class=\"wp-block-image size-large\"><img decoding=\"async\" width=\"500\" height=\"264\" data-id=\"1056488\" src=\"https:\/\/dimensionturistica.com\/es\/wp-content\/uploads\/2025\/10\/4MAGIC.jpg\" alt=\"\" class=\"wp-image-1056488\" srcset=\"https:\/\/dimensionturistica.com\/es\/wp-content\/uploads\/2025\/10\/4MAGIC.jpg 500w, https:\/\/dimensionturistica.com\/es\/wp-content\/uploads\/2025\/10\/4MAGIC-300x158.jpg 300w\" sizes=\"(max-width: 500px) 100vw, 500px\" \/><\/figure>\n<\/figure>\n\n\n\n<p><em>\u25cf Inversi\u00f3n, infraestructura y equipamiento: generar mejores servicios tur\u00edsticos y<\/em><em>&nbsp;<\/em><em>condiciones de accesibilidad.<\/em><em><\/em><\/p>\n\n\n\n<p><em>\u25cf Capacitaci\u00f3n, profesionalizaci\u00f3n y mejora continua: impulsar el talento local para elevar<\/em><em>&nbsp;<\/em><em>la calidad en la atenci\u00f3n a los visitantes.<\/em><em><\/em><\/p>\n\n\n\n<figure class=\"wp-block-gallery has-nested-images columns-default is-cropped wp-block-gallery-5 is-layout-flex wp-block-gallery-is-layout-flex\">\n<figure class=\"wp-block-image size-large\"><img decoding=\"async\" width=\"500\" height=\"492\" data-id=\"1056489\" src=\"https:\/\/dimensionturistica.com\/es\/wp-content\/uploads\/2025\/10\/5MAGIC.jpg\" alt=\"\" class=\"wp-image-1056489\" srcset=\"https:\/\/dimensionturistica.com\/es\/wp-content\/uploads\/2025\/10\/5MAGIC.jpg 500w, https:\/\/dimensionturistica.com\/es\/wp-content\/uploads\/2025\/10\/5MAGIC-300x295.jpg 300w, https:\/\/dimensionturistica.com\/es\/wp-content\/uploads\/2025\/10\/5MAGIC-75x75.jpg 75w\" sizes=\"(max-width: 500px) 100vw, 500px\" \/><\/figure>\n<\/figure>\n\n\n\n<p><em>\u25cf Promoci\u00f3n y publicidad integral: difundir de manera innovadora la oferta tur\u00edstica en<\/em><em>&nbsp;<\/em><em>plataformas nacionales e internacionales.<\/em><em><\/em><\/p>\n\n\n\n<p><em>\u25cf Comercializaci\u00f3n y digitalizaci\u00f3n: abrir nuevas oportunidades de mercado y<\/em><em>&nbsp;<\/em><em>competitividad global.<\/em><em><\/em><\/p>\n\n\n\n<p><em>Subray\u00f3 que actualmente el pa\u00eds cuenta con 177 Pueblos M\u00e1gicos que representan no s\u00f3lo<\/em><em>&nbsp;<\/em><em>destinos tur\u00edsticos, sino aut\u00e9nticos guardianes de la identidad y las tradiciones. <\/em><em><\/em><\/p>\n\n\n\n<figure class=\"wp-block-gallery has-nested-images columns-default is-cropped wp-block-gallery-6 is-layout-flex wp-block-gallery-is-layout-flex\">\n<figure class=\"wp-block-image size-large\"><img decoding=\"async\" width=\"500\" height=\"240\" data-id=\"1056490\" src=\"https:\/\/dimensionturistica.com\/es\/wp-content\/uploads\/2025\/10\/6MAGIC.jpg\" alt=\"\" class=\"wp-image-1056490\" srcset=\"https:\/\/dimensionturistica.com\/es\/wp-content\/uploads\/2025\/10\/6MAGIC.jpg 500w, https:\/\/dimensionturistica.com\/es\/wp-content\/uploads\/2025\/10\/6MAGIC-300x144.jpg 300w\" sizes=\"(max-width: 500px) 100vw, 500px\" \/><\/figure>\n<\/figure>\n\n\n\n<p><em>En estas<\/em><em>&nbsp;<\/em><em>localidades habitan m\u00e1s de 10.7 millones de mexicanas y mexicanos que, d\u00eda a d\u00eda, preservan<\/em><em>&nbsp;<\/em><em>su riqueza natural, cultural y gastron\u00f3mica. En ellas se encuentran tambi\u00e9n 18 sitios Patrimonio<\/em><em>&nbsp;<\/em><em>Mundial de la UNESCO, 19 zonas arqueol\u00f3gicas, 50 \u00c1reas Naturales Protegidas y m\u00e1s de 1.1<\/em><em>&nbsp;<\/em><em>millones de personas ind\u00edgenas que mantienen vivas sus lenguas y costumbres.<\/em><em><\/em><\/p>\n\n\n\n<p><\/p>\n\n\n\n<p><em>\u201cLos Pueblos M\u00e1gicos representan la esencia de nuestra gente, su hospitalidad, sus sabores y<\/em><em>&nbsp;<\/em><em>sus colores, proyectando a M\u00e9xico como un pa\u00eds diverso y vibrante\u201d, afirm\u00f3 la secretaria Josefina<\/em><em>&nbsp;<\/em><em>Rodr\u00edguez Zamora.<\/em><em><\/em><\/p>\n\n\n\n<figure class=\"wp-block-gallery has-nested-images columns-default is-cropped wp-block-gallery-7 is-layout-flex wp-block-gallery-is-layout-flex\">\n<figure class=\"wp-block-image size-large\"><img decoding=\"async\" width=\"500\" height=\"344\" data-id=\"1056491\" src=\"https:\/\/dimensionturistica.com\/es\/wp-content\/uploads\/2025\/10\/7MAGIC.jpg\" alt=\"\" class=\"wp-image-1056491\" srcset=\"https:\/\/dimensionturistica.com\/es\/wp-content\/uploads\/2025\/10\/7MAGIC.jpg 500w, https:\/\/dimensionturistica.com\/es\/wp-content\/uploads\/2025\/10\/7MAGIC-300x206.jpg 300w\" sizes=\"(max-width: 500px) 100vw, 500px\" \/><\/figure>\n<\/figure>\n\n\n\n<p><em>En este 24o aniversario, Sectur refrenda su compromiso de trabajar con los gobiernos estatales,<\/em><em>&nbsp;<\/em><em>municipales, comunidades y el sector privado para consolidar a los Pueblos M\u00e1gicos como<\/em><em>&nbsp;<\/em><em>destinos tur\u00edsticos competitivos, sostenibles e incluyentes.<\/em><em><\/em><\/p>\n\n\n\n<p><\/p>\n\n\n\n<p><em>Resalt\u00f3 que los Pueblos M\u00e1gicos son prueba de que no es necesario ser grande para ser<\/em><em>&nbsp;<\/em><em>invaluable. Son espacios que generan empleo, fortalecen el tejido social y proyectan lo mejor<\/em><em>&nbsp;<\/em><em>de M\u00e9xico al mundo.<\/em><em><\/em><\/p>\n\n\n\n<figure class=\"wp-block-gallery has-nested-images columns-default is-cropped wp-block-gallery-8 is-layout-flex wp-block-gallery-is-layout-flex\">\n<figure class=\"wp-block-image size-large\"><img decoding=\"async\" width=\"500\" height=\"542\" data-id=\"1056493\" src=\"https:\/\/dimensionturistica.com\/es\/wp-content\/uploads\/2025\/10\/44MAGIC.jpg\" alt=\"\" class=\"wp-image-1056493\" srcset=\"https:\/\/dimensionturistica.com\/es\/wp-content\/uploads\/2025\/10\/44MAGIC.jpg 500w, https:\/\/dimensionturistica.com\/es\/wp-content\/uploads\/2025\/10\/44MAGIC-277x300.jpg 277w\" sizes=\"(max-width: 500px) 100vw, 500px\" \/><\/figure>\n<\/figure>\n\n\n\n<p><em>\u201cCon emoci\u00f3n y orgullo celebramos 24 a\u00f1os de un programa que transforma vidas y territorios.<\/em><em>&nbsp;<\/em><em>Sigamos abrazando con el alma a nuestros Pueblos M\u00e1gicos, porque en ellos late el coraz\u00f3n del<\/em><em>&nbsp;<\/em><em>turismo de M\u00e9xico\u201d, concluy\u00f3.<\/em><em><\/em><\/p>\n","protected":false},"excerpt":{"rendered":"<p>En el 24o aniversario del Programa Pueblos M\u00e1gicos, la secretaria de Turismo del Gobierno de&nbsp;M\u00e9xico, Josefina Rodr\u00edguez Zamora, resalt\u00f3 que la Estrategia Nacional para el Fortalecimiento&nbsp;de los Pueblos M\u00e1gicos impulsa un nuevo modelo tur\u00edstico con Prosperidad Compartida a&nbsp;&nbsp;trav\u00e9s de cinco ejes estrat\u00e9gicos. &#8220;A m\u00e1s de dos d\u00e9cadas de su creaci\u00f3n, hoy el programa renueva su [&hellip;]<\/p>\n","protected":false},"author":1,"featured_media":0,"comment_status":"open","ping_status":"closed","sticky":false,"template":"","format":"standard","meta":{"om_disable_all_campaigns":false,"jnews-multi-image_gallery":[],"jnews_single_post":[],"jnews_primary_category":[],"jnews_social_meta":[],"footnotes":""},"categories":[39],"tags":[],"class_list":["post-1056481","post","type-post","status-publish","format-standard","hentry","category-viajes"],"_links":{"self":[{"href":"https:\/\/dimensionturistica.com\/es\/wp-json\/wp\/v2\/posts\/1056481","targetHints":{"allow":["GET"]}}],"collection":[{"href":"https:\/\/dimensionturistica.com\/es\/wp-json\/wp\/v2\/posts"}],"about":[{"href":"https:\/\/dimensionturistica.com\/es\/wp-json\/wp\/v2\/types\/post"}],"author":[{"embeddable":true,"href":"https:\/\/dimensionturistica.com\/es\/wp-json\/wp\/v2\/users\/1"}],"replies":[{"embeddable":true,"href":"https:\/\/dimensionturistica.com\/es\/wp-json\/wp\/v2\/comments?post=1056481"}],"version-history":[{"count":1,"href":"https:\/\/dimensionturistica.com\/es\/wp-json\/wp\/v2\/posts\/1056481\/revisions"}],"predecessor-version":[{"id":1056494,"href":"https:\/\/dimensionturistica.com\/es\/wp-json\/wp\/v2\/posts\/1056481\/revisions\/1056494"}],"wp:attachment":[{"href":"https:\/\/dimensionturistica.com\/es\/wp-json\/wp\/v2\/media?parent=1056481"}],"wp:term":[{"taxonomy":"category","embeddable":true,"href":"https:\/\/dimensionturistica.com\/es\/wp-json\/wp\/v2\/categories?post=1056481"},{"taxonomy":"post_tag","embeddable":true,"href":"https:\/\/dimensionturistica.com\/es\/wp-json\/wp\/v2\/tags?post=1056481"}],"curies":[{"name":"wp","href":"https:\/\/api.w.org\/{rel}","templated":true}]}}