{"id":1056443,"date":"2025-10-06T15:25:46","date_gmt":"2025-10-06T15:25:46","guid":{"rendered":"https:\/\/dimensionturistica.com\/es\/?p=1056443"},"modified":"2025-10-06T15:25:46","modified_gmt":"2025-10-06T15:25:46","slug":"el-modo-cumple-15-anos-y-lo-celebra-como-mejor-sabe-contando-historias-con-objetos-que-todos-hemos-tocado-visto-o-guardado-alguna-vez","status":"publish","type":"post","link":"https:\/\/dimensionturistica.com\/es\/el-modo-cumple-15-anos-y-lo-celebra-como-mejor-sabe-contando-historias-con-objetos-que-todos-hemos-tocado-visto-o-guardado-alguna-vez\/","title":{"rendered":"El MODO cumple 15 a\u00f1os y lo celebra como mejor sabe: contando historias con objetos que todos hemos tocado, visto o guardado alguna vez."},"content":{"rendered":"\n<figure class=\"wp-block-gallery has-nested-images columns-default is-cropped wp-block-gallery-1 is-layout-flex wp-block-gallery-is-layout-flex\">\n<figure class=\"wp-block-image size-large\"><img decoding=\"async\" width=\"500\" height=\"296\" data-id=\"1056444\" src=\"https:\/\/dimensionturistica.com\/es\/wp-content\/uploads\/2025\/10\/1MODO.jpg\" alt=\"\" class=\"wp-image-1056444\" srcset=\"https:\/\/dimensionturistica.com\/es\/wp-content\/uploads\/2025\/10\/1MODO.jpg 500w, https:\/\/dimensionturistica.com\/es\/wp-content\/uploads\/2025\/10\/1MODO-300x178.jpg 300w\" sizes=\"(max-width: 500px) 100vw, 500px\" \/><\/figure>\n<\/figure>\n\n\n\n<p><em>El Museo del Objeto del Objeto (MODO), uno de los espacios culturales m\u00e1s entra\u00f1ables, inesperados e innovadores de la Ciudad de M\u00e9xico, est\u00e1 de fiesta. Para celebrar sus primeros 15 a\u00f1os de vida, el MODO inaugura una exposici\u00f3n tan ingeniosa como monumental: La colecci\u00f3n, con todas sus letras, que re\u00fane m\u00e1s de 3,000 objetos cuidadosamente seleccionados de su acervo.<\/em><em><\/em><\/p>\n\n\n\n<p><\/p>\n\n\n\n<p><em>Desde el pr\u00f3ximo domingo 5 de octubre, visitantes de todas las edades podr\u00e1n recorrer esta exposici\u00f3n que propone una mirada fresca y l\u00fadica a los objetos de los \u00faltimos dos siglos, organizada de una forma tan original como accesible: el abecedario. Cada letra sirve como punto de partida para agrupar objetos bajo conceptos que van de lo nost\u00e1lgico a lo ins\u00f3lito, creando un recorrido tan ingenioso como entra\u00f1able, donde conviven etiquetas, jabones, yo-yos, perfumes, instrumentos musicales, zapatos, radios, juguetes, postales y m\u00e1s.<\/em><em><\/em><\/p>\n\n\n\n<figure class=\"wp-block-gallery has-nested-images columns-default is-cropped wp-block-gallery-2 is-layout-flex wp-block-gallery-is-layout-flex\">\n<figure class=\"wp-block-image size-large\"><img decoding=\"async\" width=\"500\" height=\"264\" data-id=\"1056445\" src=\"https:\/\/dimensionturistica.com\/es\/wp-content\/uploads\/2025\/10\/2MODO.jpg\" alt=\"\" class=\"wp-image-1056445\" srcset=\"https:\/\/dimensionturistica.com\/es\/wp-content\/uploads\/2025\/10\/2MODO.jpg 500w, https:\/\/dimensionturistica.com\/es\/wp-content\/uploads\/2025\/10\/2MODO-300x158.jpg 300w\" sizes=\"(max-width: 500px) 100vw, 500px\" \/><\/figure>\n<\/figure>\n\n\n\n<p><em>La curadur\u00eda, a cargo de Manuel y Christian Ca\u00f1ibe, convierte el alfabeto en una narrativa emocional y visual, que revela las m\u00faltiples formas en que los objetos de la vida cotidiana pueden contar historias, disparar memorias y conectar generaciones.<\/em><em><\/em><\/p>\n\n\n\n<p><\/p>\n\n\n\n<p><em>\u201cQuer\u00edamos que cada letra fuera una sorpresa. La colecci\u00f3n del MODO es tan vasta y rica que el abecedario se volvi\u00f3 una forma l\u00fadica y poderosa de explorarla. Esta exposici\u00f3n no busca ser una enciclopedia, sino un juego de asociaciones que activa la memoria, la risa y la emoci\u00f3n.\u201d<\/em><em><\/em><\/p>\n\n\n\n<figure class=\"wp-block-gallery has-nested-images columns-default is-cropped wp-block-gallery-3 is-layout-flex wp-block-gallery-is-layout-flex\">\n<figure class=\"wp-block-image size-large\"><img decoding=\"async\" width=\"500\" height=\"375\" data-id=\"1056446\" src=\"https:\/\/dimensionturistica.com\/es\/wp-content\/uploads\/2025\/10\/3MODO.jpg\" alt=\"\" class=\"wp-image-1056446\" srcset=\"https:\/\/dimensionturistica.com\/es\/wp-content\/uploads\/2025\/10\/3MODO.jpg 500w, https:\/\/dimensionturistica.com\/es\/wp-content\/uploads\/2025\/10\/3MODO-300x225.jpg 300w\" sizes=\"(max-width: 500px) 100vw, 500px\" \/><\/figure>\n<\/figure>\n\n\n\n<p><em>&nbsp;Manuel y Christian Ca\u00f1ibe, curadores de la exposici\u00f3n<\/em><em><\/em><\/p>\n\n\n\n<p><em>La colecci\u00f3n, con todas sus letras es tambi\u00e9n una celebraci\u00f3n del poder de observar y del valor simb\u00f3lico que tienen los objetos que habitan nuestras casas, bolsillos o recuerdos. La exposici\u00f3n estar\u00e1 acompa\u00f1ada de actividades conmemorativas, talleres y visitas especiales, dise\u00f1adas para dialogar con p\u00fablicos diversos y seguir haciendo del MODO un espacio vivo, cambiante y profundamente humano.<\/em><em><\/em><\/p>\n\n\n\n<figure class=\"wp-block-gallery has-nested-images columns-default is-cropped wp-block-gallery-4 is-layout-flex wp-block-gallery-is-layout-flex\">\n<figure class=\"wp-block-image size-large\"><img decoding=\"async\" width=\"500\" height=\"375\" data-id=\"1056448\" src=\"https:\/\/dimensionturistica.com\/es\/wp-content\/uploads\/2025\/10\/4MODO.jpg\" alt=\"\" class=\"wp-image-1056448\" srcset=\"https:\/\/dimensionturistica.com\/es\/wp-content\/uploads\/2025\/10\/4MODO.jpg 500w, https:\/\/dimensionturistica.com\/es\/wp-content\/uploads\/2025\/10\/4MODO-300x225.jpg 300w\" sizes=\"(max-width: 500px) 100vw, 500px\" \/><\/figure>\n<\/figure>\n\n\n\n<p><em>\u201cCumplir 15 a\u00f1os es una oportunidad para mirar atr\u00e1s y tambi\u00e9n hacia adelante. Con La colecci\u00f3n, con todas sus letras celebramos la vida de los objetos y lo que revelan de nosotros: que la historia se construye en lo cotidiano y que en el lugar m\u00e1s inesperado habita una historia por descubrir.\u201d<\/em><em><\/em><\/p>\n\n\n\n<p><em>Paulina Newman, directora del Museo del Objeto del Objeto (MODO)<\/em><em><\/em><\/p>\n\n\n\n<p><em>15 a\u00f1os de contar historias desde los objetos<\/em><em><\/em><\/p>\n\n\n\n<figure class=\"wp-block-gallery has-nested-images columns-default is-cropped wp-block-gallery-5 is-layout-flex wp-block-gallery-is-layout-flex\">\n<figure class=\"wp-block-image size-large\"><img decoding=\"async\" width=\"500\" height=\"375\" data-id=\"1056449\" src=\"https:\/\/dimensionturistica.com\/es\/wp-content\/uploads\/2025\/10\/5MODO.jpg\" alt=\"\" class=\"wp-image-1056449\" srcset=\"https:\/\/dimensionturistica.com\/es\/wp-content\/uploads\/2025\/10\/5MODO.jpg 500w, https:\/\/dimensionturistica.com\/es\/wp-content\/uploads\/2025\/10\/5MODO-300x225.jpg 300w\" sizes=\"(max-width: 500px) 100vw, 500px\" \/><\/figure>\n<\/figure>\n\n\n\n<p><em>Desde su fundaci\u00f3n en 2010, el MODO se ha consolidado como una de las propuestas muse\u00edsticas m\u00e1s originales de M\u00e9xico, con un enfoque poco convencional: mirar la historia y la vida cultural del pa\u00eds a trav\u00e9s de los objetos. Con una colecci\u00f3n que hoy supera los 200,000 objetos, el museo ha presentado exposiciones que se han atrevido a mirar con profundidad lo que muchas veces pasa desapercibido: lo dom\u00e9stico, lo ef\u00edmero, lo cotidiano.<\/em><em><\/em><\/p>\n\n\n\n<p><em>Algunas de sus muestras m\u00e1s memorables incluyen:<\/em><em><\/em><\/p>\n\n\n\n<figure class=\"wp-block-gallery has-nested-images columns-default is-cropped wp-block-gallery-6 is-layout-flex wp-block-gallery-is-layout-flex\">\n<figure class=\"wp-block-image size-large\"><img decoding=\"async\" width=\"500\" height=\"375\" data-id=\"1056451\" src=\"https:\/\/dimensionturistica.com\/es\/wp-content\/uploads\/2025\/10\/8MODO.jpg\" alt=\"\" class=\"wp-image-1056451\" srcset=\"https:\/\/dimensionturistica.com\/es\/wp-content\/uploads\/2025\/10\/8MODO.jpg 500w, https:\/\/dimensionturistica.com\/es\/wp-content\/uploads\/2025\/10\/8MODO-300x225.jpg 300w\" sizes=\"(max-width: 500px) 100vw, 500px\" \/><\/figure>\n<\/figure>\n\n\n\n<p><em>\u201cCiudadan\u00eda, democracia y propaganda pol\u00edtica\u201d, un recorrido por las elecciones presidenciales y la parafernalia que las acompa\u00f1a<\/em><em><\/em><\/p>\n\n\n\n<p><em>\u201cEl Rock en M\u00e9xico\u201d, la historia del rock y su papel como agente social.<\/em><em><\/em><\/p>\n\n\n\n<p><em>\u201cMexicalidad\u201d, un acercamiento al dise\u00f1o de nuevas generaciones mexicanas.<\/em><em><\/em><\/p>\n\n\n\n<p><em>\u201cObjetos y literatura\u201d, que celebr\u00f3 los objetos de textos universales.<\/em><em><\/em><\/p>\n\n\n\n<figure class=\"wp-block-gallery has-nested-images columns-default is-cropped wp-block-gallery-7 is-layout-flex wp-block-gallery-is-layout-flex\">\n<figure class=\"wp-block-image size-large\"><img decoding=\"async\" width=\"500\" height=\"375\" data-id=\"1056453\" src=\"https:\/\/dimensionturistica.com\/es\/wp-content\/uploads\/2025\/10\/9MODO.jpg\" alt=\"\" class=\"wp-image-1056453\" srcset=\"https:\/\/dimensionturistica.com\/es\/wp-content\/uploads\/2025\/10\/9MODO.jpg 500w, https:\/\/dimensionturistica.com\/es\/wp-content\/uploads\/2025\/10\/9MODO-300x225.jpg 300w\" sizes=\"(max-width: 500px) 100vw, 500px\" \/><\/figure>\n<\/figure>\n\n\n\n<p><em>Adem\u00e1s de sus exposiciones, el MODO ha desarrollado un programa permanente de responsabilidad social, con talleres y actividades en asilos, albergues, casas hogar, y centros penitenciarios psiqui\u00e1tricos, donde el arte y la memoria se convierten en herramientas de expresi\u00f3n, inclusi\u00f3n y di\u00e1logo.<\/em><em><\/em><\/p>\n\n\n\n<p><em>Con una comunidad activa en redes sociales, m\u00e1s de 5,000 visitantes mensuales y una creciente red de colaboradores y coleccionistas, el MODO ha demostrado que un museo puede ser profundamente riguroso y, al mismo tiempo, cercano, l\u00fadico y emocionante.<\/em><em><\/em><\/p>\n\n\n\n<p><em>Horario:<\/em><em><\/em><\/p>\n\n\n\n<p><em>Martes a domingo, de 10:00 a 18:00 horas<\/em><em><\/em><\/p>\n\n\n\n<p><em>Costo de entrada:<\/em><em><\/em><\/p>\n\n\n\n<p><em>$60.00 entrada general<\/em><em><\/em><\/p>\n\n\n\n<figure class=\"wp-block-gallery has-nested-images columns-default is-cropped wp-block-gallery-8 is-layout-flex wp-block-gallery-is-layout-flex\">\n<figure class=\"wp-block-image size-large\"><img decoding=\"async\" width=\"500\" height=\"353\" data-id=\"1056454\" src=\"https:\/\/dimensionturistica.com\/es\/wp-content\/uploads\/2025\/10\/11MODO.jpg\" alt=\"\" class=\"wp-image-1056454\" srcset=\"https:\/\/dimensionturistica.com\/es\/wp-content\/uploads\/2025\/10\/11MODO.jpg 500w, https:\/\/dimensionturistica.com\/es\/wp-content\/uploads\/2025\/10\/11MODO-300x212.jpg 300w, https:\/\/dimensionturistica.com\/es\/wp-content\/uploads\/2025\/10\/11MODO-120x86.jpg 120w\" sizes=\"(max-width: 500px) 100vw, 500px\" \/><\/figure>\n<\/figure>\n\n\n\n<p><em>$30.00 entrada con descuento para estudiantes, maestros y adultos mayores con credencial vigente<\/em><em><\/em><\/p>\n\n\n\n<p><em>Lugar:<\/em><em><\/em><\/p>\n\n\n\n<p><em>&nbsp;Colima 145, Colonia Roma, Ciudad de M\u00e9xico<\/em><em><\/em><\/p>\n\n\n\n<p><em>Facebook, Instagram, Twitter y TikTok:<\/em><em><\/em><\/p>\n\n\n\n<p><em>@museoMODO &nbsp;&nbsp;&nbsp;&nbsp;&nbsp;&nbsp;<\/em><em><\/em><\/p>\n\n\n\n<p><em>Tel\u00e9fono: 55 5533 9635 y 37<\/em><em><\/em><\/p>\n\n\n\n<p><em>Para m\u00e1s informaci\u00f3n sobre la exposici\u00f3n o para coordinar entrevistas, no dude en ponerse en contacto:<\/em><em><\/em><\/p>\n","protected":false},"excerpt":{"rendered":"<p>El Museo del Objeto del Objeto (MODO), uno de los espacios culturales m\u00e1s entra\u00f1ables, inesperados e innovadores de la Ciudad de M\u00e9xico, est\u00e1 de fiesta. Para celebrar sus primeros 15 a\u00f1os de vida, el MODO inaugura una exposici\u00f3n tan ingeniosa como monumental: La colecci\u00f3n, con todas sus letras, que re\u00fane m\u00e1s de 3,000 objetos cuidadosamente [&hellip;]<\/p>\n","protected":false},"author":1,"featured_media":0,"comment_status":"open","ping_status":"closed","sticky":false,"template":"","format":"standard","meta":{"om_disable_all_campaigns":false,"jnews-multi-image_gallery":[],"jnews_single_post":[],"jnews_primary_category":[],"jnews_social_meta":[],"footnotes":""},"categories":[40],"tags":[],"class_list":["post-1056443","post","type-post","status-publish","format-standard","hentry","category-industria"],"_links":{"self":[{"href":"https:\/\/dimensionturistica.com\/es\/wp-json\/wp\/v2\/posts\/1056443","targetHints":{"allow":["GET"]}}],"collection":[{"href":"https:\/\/dimensionturistica.com\/es\/wp-json\/wp\/v2\/posts"}],"about":[{"href":"https:\/\/dimensionturistica.com\/es\/wp-json\/wp\/v2\/types\/post"}],"author":[{"embeddable":true,"href":"https:\/\/dimensionturistica.com\/es\/wp-json\/wp\/v2\/users\/1"}],"replies":[{"embeddable":true,"href":"https:\/\/dimensionturistica.com\/es\/wp-json\/wp\/v2\/comments?post=1056443"}],"version-history":[{"count":1,"href":"https:\/\/dimensionturistica.com\/es\/wp-json\/wp\/v2\/posts\/1056443\/revisions"}],"predecessor-version":[{"id":1056455,"href":"https:\/\/dimensionturistica.com\/es\/wp-json\/wp\/v2\/posts\/1056443\/revisions\/1056455"}],"wp:attachment":[{"href":"https:\/\/dimensionturistica.com\/es\/wp-json\/wp\/v2\/media?parent=1056443"}],"wp:term":[{"taxonomy":"category","embeddable":true,"href":"https:\/\/dimensionturistica.com\/es\/wp-json\/wp\/v2\/categories?post=1056443"},{"taxonomy":"post_tag","embeddable":true,"href":"https:\/\/dimensionturistica.com\/es\/wp-json\/wp\/v2\/tags?post=1056443"}],"curies":[{"name":"wp","href":"https:\/\/api.w.org\/{rel}","templated":true}]}}