{"id":1056433,"date":"2025-10-06T15:02:37","date_gmt":"2025-10-06T15:02:37","guid":{"rendered":"https:\/\/dimensionturistica.com\/es\/?p=1056433"},"modified":"2025-10-06T15:02:37","modified_gmt":"2025-10-06T15:02:37","slug":"personas-con-discapacidad-pueden-inscribirse-en-el-programa-si-cumplen-estos-requisitos","status":"publish","type":"post","link":"https:\/\/dimensionturistica.com\/es\/personas-con-discapacidad-pueden-inscribirse-en-el-programa-si-cumplen-estos-requisitos\/","title":{"rendered":"Personas con discapacidad pueden inscribirse en el programa si cumplen estos requisitos."},"content":{"rendered":"<h3>Turismo Inclusivo: Oportunidades de Viaje para Personas con Discapacidad en 2025-2026<\/h3>\n<p>El \u00e1mbito del turismo se ha transformado en una plataforma de inclusi\u00f3n, donde cada vez m\u00e1s se reconoce la importancia de ofrecer opciones accesibles para todos, sin importar sus capacidades. Con la llegada del programa de viajes Imserso para las temporadas 2025-2026, se abre un abanico de posibilidades para las personas con discapacidad que deseen aventurarse y explorar nuevos destinos.<\/p>\n<h4>Un Viaje a la Inclusi\u00f3n<\/h4>\n<p>El programa Imserso se ha dise\u00f1ado con el prop\u00f3sito de facilitar el acceso a viajes y estancias a personas con discapacidad. Este enfoque se traduce en la creaci\u00f3n de un entorno donde la diversi\u00f3n y el descubrimiento est\u00e1n al alcance de todos. Pero, \u00bfqui\u00e9nes pueden beneficiarse de estas iniciativas? Es fundamental conocer los requisitos que abren las puertas a estas oportunidades.<\/p>\n<h4>Requisitos para Participar<\/h4>\n<p>Para ser parte de este atractivo programa, los interesados deber\u00e1n cumplir con ciertas condiciones, que var\u00edan en funci\u00f3n de la categor\u00eda de discapacidad. Estas especificaciones garantizan que las ayudas y los recursos se distribuyan de manera justa, priorizando la atenci\u00f3n a quienes m\u00e1s lo necesiten. As\u00ed, se busca que cada viajero reciba el apoyo adecuado para disfrutar de la experiencia sin inconvenientes.<\/p>\n<h4>Experiencias Personalizadas<\/h4>\n<p>Con un enfoque centrado en la experiencia del viajero, los paquetes de viaje incluir\u00e1n opciones adaptadas a diversas necesidades. Desde alojamientos accesibles hasta actividades dise\u00f1adas para asegurar que todos puedan disfrutar al m\u00e1ximo, cada detalle est\u00e1 pensado para promover la inclusi\u00f3n. Las agencias de viajes colaboran en este esfuerzo, proporcionando informaci\u00f3n y asistencia adicional que garantiza una experiencia placentera.<\/p>\n<h4>Destinos Diversos<\/h4>\n<p>El programa ofrece un abanico de destinos que prometen impresionar. Desde playas paradis\u00edacas hasta rutas culturales en ciudades hist\u00f3ricas, las opciones son variadas y fascinantes. Cada lugar ha sido evaluado para asegurarse de que cumpla con los est\u00e1ndares de accesibilidad, permitiendo que cada viajero disfrute sin restricciones.<\/p>\n<h4>La Importancia del Turismo Accesible<\/h4>\n<p>El turismo inclusivo no solo beneficia a aquellos que necesitan adaptaciones; tambi\u00e9n enriquece a las comunidades que reciben a estos viajeros. Al fomentar un entorno accesible, se promueve la sensibilizaci\u00f3n y el respeto hacia la diversidad, creando una sociedad m\u00e1s inclusiva. Adem\u00e1s, los destinos descubren un nuevo mercado, lo que contribuye al desarrollo econ\u00f3mico local.<\/p>\n<h4>Conclusi\u00f3n<\/h4>\n<p>El programa Imserso para 2025-2026 no es solo una oportunidad de viaje; es un avance significativo hacia un turismo m\u00e1s inclusivo. Al romper barreras y promover experiencias accesibles, se est\u00e1 construyendo un mundo donde todos tienen el derecho de explorar, descubrir y disfrutar de la diversidad que nuestro planeta ofrece. Sin duda, estos programas son un paso hacia un futuro donde el viaje es un placer disponible para todos.<\/p>\n<p><em> &#8221; Fuentes www.lagaceta.com.ar &#8221; <\/em><\/p>\n","protected":false},"excerpt":{"rendered":"<p>Turismo Inclusivo: Oportunidades de Viaje para Personas con Discapacidad en 2025-2026 El \u00e1mbito del turismo se ha transformado en una plataforma de inclusi\u00f3n, donde cada vez m\u00e1s se reconoce la importancia de ofrecer opciones accesibles para todos, sin importar sus capacidades. Con la llegada del programa de viajes Imserso para las temporadas 2025-2026, se abre [&hellip;]<\/p>\n","protected":false},"author":4,"featured_media":1056434,"comment_status":"open","ping_status":"closed","sticky":false,"template":"","format":"standard","meta":{"om_disable_all_campaigns":false,"jnews-multi-image_gallery":[],"jnews_single_post":[],"jnews_primary_category":[],"jnews_social_meta":[],"footnotes":""},"categories":[39],"tags":[10814,1482,6558,7091,1055,8956,770,3918,30384,12850,1692,2758,1511,3494,719,1907,6996],"class_list":["post-1056433","post","type-post","status-publish","format-standard","has-post-thumbnail","hentry","category-viajes","tag-acceso","tag-alemania","tag-apoyo","tag-condiciones","tag-derechos","tag-discapacidad","tag-espana","tag-francia","tag-igualdad","tag-inclusion","tag-italia","tag-noruega","tag-portugal","tag-programas","tag-servicios","tag-sociedad","tag-suiza"],"_links":{"self":[{"href":"https:\/\/dimensionturistica.com\/es\/wp-json\/wp\/v2\/posts\/1056433","targetHints":{"allow":["GET"]}}],"collection":[{"href":"https:\/\/dimensionturistica.com\/es\/wp-json\/wp\/v2\/posts"}],"about":[{"href":"https:\/\/dimensionturistica.com\/es\/wp-json\/wp\/v2\/types\/post"}],"author":[{"embeddable":true,"href":"https:\/\/dimensionturistica.com\/es\/wp-json\/wp\/v2\/users\/4"}],"replies":[{"embeddable":true,"href":"https:\/\/dimensionturistica.com\/es\/wp-json\/wp\/v2\/comments?post=1056433"}],"version-history":[{"count":1,"href":"https:\/\/dimensionturistica.com\/es\/wp-json\/wp\/v2\/posts\/1056433\/revisions"}],"predecessor-version":[{"id":1056435,"href":"https:\/\/dimensionturistica.com\/es\/wp-json\/wp\/v2\/posts\/1056433\/revisions\/1056435"}],"wp:featuredmedia":[{"embeddable":true,"href":"https:\/\/dimensionturistica.com\/es\/wp-json\/wp\/v2\/media\/1056434"}],"wp:attachment":[{"href":"https:\/\/dimensionturistica.com\/es\/wp-json\/wp\/v2\/media?parent=1056433"}],"wp:term":[{"taxonomy":"category","embeddable":true,"href":"https:\/\/dimensionturistica.com\/es\/wp-json\/wp\/v2\/categories?post=1056433"},{"taxonomy":"post_tag","embeddable":true,"href":"https:\/\/dimensionturistica.com\/es\/wp-json\/wp\/v2\/tags?post=1056433"}],"curies":[{"name":"wp","href":"https:\/\/api.w.org\/{rel}","templated":true}]}}