{"id":1056416,"date":"2025-10-06T14:51:12","date_gmt":"2025-10-06T14:51:12","guid":{"rendered":"https:\/\/dimensionturistica.com\/es\/?p=1056416"},"modified":"2025-10-06T14:51:12","modified_gmt":"2025-10-06T14:51:12","slug":"nayarit-es-un-destino-perfecto-para-el-turismo-de-reuniones-gracias-a-su-amplia-infraestructura-para-atender-las-necesidades-de-esta-industria","status":"publish","type":"post","link":"https:\/\/dimensionturistica.com\/es\/nayarit-es-un-destino-perfecto-para-el-turismo-de-reuniones-gracias-a-su-amplia-infraestructura-para-atender-las-necesidades-de-esta-industria\/","title":{"rendered":"Nayarit es un destino perfecto para el turismo de reuniones, gracias a su amplia infraestructura para atender las necesidades de esta industria"},"content":{"rendered":"\n<figure class=\"wp-block-gallery has-nested-images columns-default is-cropped wp-block-gallery-1 is-layout-flex wp-block-gallery-is-layout-flex\">\n<figure class=\"wp-block-image size-large\"><img decoding=\"async\" width=\"500\" height=\"150\" data-id=\"1056418\" src=\"https:\/\/dimensionturistica.com\/es\/wp-content\/uploads\/2025\/10\/1NAYAR.jpg\" alt=\"\" class=\"wp-image-1056418\" srcset=\"https:\/\/dimensionturistica.com\/es\/wp-content\/uploads\/2025\/10\/1NAYAR.jpg 500w, https:\/\/dimensionturistica.com\/es\/wp-content\/uploads\/2025\/10\/1NAYAR-300x90.jpg 300w\" sizes=\"(max-width: 500px) 100vw, 500px\" \/><\/figure>\n<\/figure>\n\n\n\n<p><em>En los \u00faltimos a\u00f1os, el estado de Nayarit se ha consolidado como un destino perfecto para el turismo de reuniones. Su amplia oferta hotelera, su desarrollo en conectividad y spots \u00fanicos, lo han posicionado como uno de los favoritos para los empresarios para llevar a cabo congresos y convenciones.<\/em><em><\/em><\/p>\n\n\n\n<figure class=\"wp-block-gallery has-nested-images columns-default is-cropped wp-block-gallery-2 is-layout-flex wp-block-gallery-is-layout-flex\">\n<figure class=\"wp-block-image size-large\"><img decoding=\"async\" width=\"500\" height=\"333\" data-id=\"1056421\" src=\"https:\/\/dimensionturistica.com\/es\/wp-content\/uploads\/2025\/10\/4NAYA.jpg\" alt=\"\" class=\"wp-image-1056421\" srcset=\"https:\/\/dimensionturistica.com\/es\/wp-content\/uploads\/2025\/10\/4NAYA.jpg 500w, https:\/\/dimensionturistica.com\/es\/wp-content\/uploads\/2025\/10\/4NAYA-300x200.jpg 300w\" sizes=\"(max-width: 500px) 100vw, 500px\" \/><\/figure>\n<\/figure>\n\n\n\n<p><em>Esta entidad es uno de los pocos destinos del mundo que cuenta con m\u00faltiples hoteles galardonados con diamantes de la American Automobile Association, debido al lujo que predomina en estas instalaciones, que van desde una sofisticada infraestructura hasta extraordinarias y exclusivas experiencias. A esto se suma una gran cantidad de lugares al aire libre ideales para eventos de la industria.<\/em><em><\/em><\/p>\n\n\n\n<p><\/p>\n\n\n\n<p><em>Estos son algunos de los sitios en tierras nayaritas donde los congresos y negocios tendr\u00e1n un \u00e9xito asegurado:<\/em><em><\/em><\/p>\n\n\n\n<figure class=\"wp-block-gallery has-nested-images columns-default is-cropped wp-block-gallery-3 is-layout-flex wp-block-gallery-is-layout-flex\">\n<figure class=\"wp-block-image size-large\"><img decoding=\"async\" width=\"500\" height=\"333\" data-id=\"1056423\" src=\"https:\/\/dimensionturistica.com\/es\/wp-content\/uploads\/2025\/10\/5NAYA.jpg\" alt=\"\" class=\"wp-image-1056423\" srcset=\"https:\/\/dimensionturistica.com\/es\/wp-content\/uploads\/2025\/10\/5NAYA.jpg 500w, https:\/\/dimensionturistica.com\/es\/wp-content\/uploads\/2025\/10\/5NAYA-300x200.jpg 300w\" sizes=\"(max-width: 500px) 100vw, 500px\" \/><\/figure>\n<\/figure>\n\n\n\n<p><em>Grand Velas Riviera Nayarit<\/em><em><\/em><\/p>\n\n\n\n<p><em>Este hotel de lujo ubicado en Nuevo Nayarit cuenta con amplios espacios para celebrar encuentros de negocios y convenciones. El primero es un centro de convenciones amplio y adaptable con tecnolog\u00eda de punta y servicios empresariales, con disponibilidad para dividirse hasta en 10 sesiones simult\u00e1neas. Es perfecto para realizar eventos con grupos empresariales, de gastronom\u00eda gourmet y fiestas tem\u00e1ticas.<\/em><em><\/em><\/p>\n\n\n\n<figure class=\"wp-block-gallery has-nested-images columns-default is-cropped wp-block-gallery-4 is-layout-flex wp-block-gallery-is-layout-flex\">\n<figure class=\"wp-block-image size-large\"><img decoding=\"async\" width=\"500\" height=\"333\" data-id=\"1056424\" src=\"https:\/\/dimensionturistica.com\/es\/wp-content\/uploads\/2025\/10\/6NAYA.jpg\" alt=\"\" class=\"wp-image-1056424\" srcset=\"https:\/\/dimensionturistica.com\/es\/wp-content\/uploads\/2025\/10\/6NAYA.jpg 500w, https:\/\/dimensionturistica.com\/es\/wp-content\/uploads\/2025\/10\/6NAYA-300x200.jpg 300w\" sizes=\"(max-width: 500px) 100vw, 500px\" \/><\/figure>\n<\/figure>\n\n\n\n<p><em>Otro espacio dentro de esta propiedad es Terraza Gazebo, un spot al aire libre con vistas a la bah\u00eda, ideal para grupos de hasta 100 personas. Si se necesita un espacio m\u00e1s amplio, el Jard\u00edn Oc\u00e9ano es la mejor opci\u00f3n, gracias a su ambiente sereno, ideal para reuniones y convenciones que buscan un espacio \u00fanico e inspirador frente al mar. Por \u00faltimo, esta Playa Gazebo, una tranquila locaci\u00f3n ubicada entre el Oc\u00e9ano Pac\u00edfico y las Monta\u00f1as de la Sierra Madre con un entorno relajado para reuniones memorables como banquetes o c\u00f3cteles de gala.<\/em><em><\/em><\/p>\n\n\n\n<p><\/p>\n\n\n\n<p><em>Conrad Punta de Mita<\/em><em><\/em><\/p>\n\n\n\n<figure class=\"wp-block-gallery has-nested-images columns-default is-cropped wp-block-gallery-5 is-layout-flex wp-block-gallery-is-layout-flex\">\n<figure class=\"wp-block-image size-large\"><img decoding=\"async\" width=\"500\" height=\"333\" data-id=\"1056425\" src=\"https:\/\/dimensionturistica.com\/es\/wp-content\/uploads\/2025\/10\/11NAYA.jpg\" alt=\"\" class=\"wp-image-1056425\" srcset=\"https:\/\/dimensionturistica.com\/es\/wp-content\/uploads\/2025\/10\/11NAYA.jpg 500w, https:\/\/dimensionturistica.com\/es\/wp-content\/uploads\/2025\/10\/11NAYA-300x200.jpg 300w\" sizes=\"(max-width: 500px) 100vw, 500px\" \/><\/figure>\n<\/figure>\n\n\n\n<p><em>Un lugar memorable para reunirse, ubicado en el corredor Punta de Mita-Sayulita, este venue es un punto esencial para congresos, reuniones y citas empresariales. Cuenta con amplios espacios con capacidad para albergar miles de personas, as\u00ed como todo tipo de eventos gracias al impecable servicio que brinda su personal. Uno de estos espacios es el Jard\u00edn Haramara, un exuberante y extenso spot verde con acceso privado en el coraz\u00f3n del resort, perfecto para albergar eventos principales.<\/em><em><\/em><\/p>\n\n\n\n<p><\/p>\n\n\n\n<p><em>Tambi\u00e9n est\u00e1 Sal\u00f3n Tukipa, uno de los recintos de baile m\u00e1s grandes de la regi\u00f3n con sus 9 mil 900 pies cuadrados para albergar hasta mil 120 asistentes al estilo teatro. Este sal\u00f3n puede subdividirse en siete salas m\u00e1s peque\u00f1as, cada una con su propia entrada. &nbsp;Otra opci\u00f3n es Playa Mezquite, un sitio frente a la costa ideal para recepciones y eventos al atardecer, capturando las vistas panor\u00e1micas del oc\u00e9ano Pac\u00edfico y el elegante ambiente informal.<\/em><em><\/em><\/p>\n\n\n\n<figure class=\"wp-block-gallery has-nested-images columns-default is-cropped wp-block-gallery-6 is-layout-flex wp-block-gallery-is-layout-flex\">\n<figure class=\"wp-block-image size-large\"><img decoding=\"async\" width=\"500\" height=\"333\" data-id=\"1056426\" src=\"https:\/\/dimensionturistica.com\/es\/wp-content\/uploads\/2025\/10\/78NAYA.jpg\" alt=\"\" class=\"wp-image-1056426\" srcset=\"https:\/\/dimensionturistica.com\/es\/wp-content\/uploads\/2025\/10\/78NAYA.jpg 500w, https:\/\/dimensionturistica.com\/es\/wp-content\/uploads\/2025\/10\/78NAYA-300x200.jpg 300w\" sizes=\"(max-width: 500px) 100vw, 500px\" \/><\/figure>\n<\/figure>\n\n\n\n<p><em>Sumado a esto, Conrad Punta Mita con otro espacio ideal para peque\u00f1as reuniones llamado Codex, donde sirven un men\u00fa premium acompa\u00f1ado de vinos y c\u00f3cteles artesanales seleccionados.<\/em><em><\/em><\/p>\n\n\n\n<p><em>Villa La Estancia Beach Resort &amp; Spa<\/em><em><\/em><\/p>\n\n\n\n<p><em>Este resort de lujo categor\u00eda cuatro diamantes es ideal para planificar reuniones, convenciones y eventos sociales en Nuevo Nayarit. &nbsp;Ubicado en Paseo de los Cocoteros cuenta con diversos espacios dise\u00f1ados para satisfacer las necesidades de cualquier grupo, como amplias instalaciones para reuniones y banquetes con capacidad hasta para 400 personas. Sus salas est\u00e1n equipadas con equipo audiovisual y videoconferencias, proyector, micr\u00f3fono, capacidad para, acceso a internet, l\u00ednea directa para todas las habitaciones y aire acondicionado.<\/em><em><\/em><\/p>\n\n\n\n<figure class=\"wp-block-gallery has-nested-images columns-default is-cropped wp-block-gallery-7 is-layout-flex wp-block-gallery-is-layout-flex\">\n<figure class=\"wp-block-image size-large\"><img decoding=\"async\" width=\"363\" height=\"180\" data-id=\"1056428\" src=\"https:\/\/dimensionturistica.com\/es\/wp-content\/uploads\/2025\/10\/OIP.jpeg\" alt=\"\" class=\"wp-image-1056428\" srcset=\"https:\/\/dimensionturistica.com\/es\/wp-content\/uploads\/2025\/10\/OIP.jpeg 363w, https:\/\/dimensionturistica.com\/es\/wp-content\/uploads\/2025\/10\/OIP-300x149.jpeg 300w, https:\/\/dimensionturistica.com\/es\/wp-content\/uploads\/2025\/10\/OIP-360x180.jpeg 360w\" sizes=\"(max-width: 363px) 100vw, 363px\" \/><\/figure>\n<\/figure>\n\n\n\n<p><em>Adem\u00e1s, ofrece paquetes para grupos con grandes incentivos que incluyen lujosos alojamientos, bebidas y c\u00f3cteles de cortes\u00eda, excelentes restaurantes y muchas ventajas adicionales durante cada estad\u00eda.<\/em><em><\/em><\/p>\n\n\n\n<p><em>Estas tres opciones son parte de la vasta oferta de espacios que Nayarit ofrece para realizar los mejores congresos y convenciones, convirtiendo a este estado en uno de los mejores destinos de Turismo de Reuniones.<\/em><em><\/em><\/p>\n","protected":false},"excerpt":{"rendered":"<p>En los \u00faltimos a\u00f1os, el estado de Nayarit se ha consolidado como un destino perfecto para el turismo de reuniones. Su amplia oferta hotelera, su desarrollo en conectividad y spots \u00fanicos, lo han posicionado como uno de los favoritos para los empresarios para llevar a cabo congresos y convenciones. Esta entidad es uno de los [&hellip;]<\/p>\n","protected":false},"author":1,"featured_media":0,"comment_status":"open","ping_status":"closed","sticky":false,"template":"","format":"standard","meta":{"om_disable_all_campaigns":false,"jnews-multi-image_gallery":[],"jnews_single_post":{"format":"standard"},"jnews_primary_category":[],"jnews_social_meta":[],"footnotes":""},"categories":[39],"tags":[],"class_list":["post-1056416","post","type-post","status-publish","format-standard","hentry","category-viajes"],"_links":{"self":[{"href":"https:\/\/dimensionturistica.com\/es\/wp-json\/wp\/v2\/posts\/1056416","targetHints":{"allow":["GET"]}}],"collection":[{"href":"https:\/\/dimensionturistica.com\/es\/wp-json\/wp\/v2\/posts"}],"about":[{"href":"https:\/\/dimensionturistica.com\/es\/wp-json\/wp\/v2\/types\/post"}],"author":[{"embeddable":true,"href":"https:\/\/dimensionturistica.com\/es\/wp-json\/wp\/v2\/users\/1"}],"replies":[{"embeddable":true,"href":"https:\/\/dimensionturistica.com\/es\/wp-json\/wp\/v2\/comments?post=1056416"}],"version-history":[{"count":1,"href":"https:\/\/dimensionturistica.com\/es\/wp-json\/wp\/v2\/posts\/1056416\/revisions"}],"predecessor-version":[{"id":1056429,"href":"https:\/\/dimensionturistica.com\/es\/wp-json\/wp\/v2\/posts\/1056416\/revisions\/1056429"}],"wp:attachment":[{"href":"https:\/\/dimensionturistica.com\/es\/wp-json\/wp\/v2\/media?parent=1056416"}],"wp:term":[{"taxonomy":"category","embeddable":true,"href":"https:\/\/dimensionturistica.com\/es\/wp-json\/wp\/v2\/categories?post=1056416"},{"taxonomy":"post_tag","embeddable":true,"href":"https:\/\/dimensionturistica.com\/es\/wp-json\/wp\/v2\/tags?post=1056416"}],"curies":[{"name":"wp","href":"https:\/\/api.w.org\/{rel}","templated":true}]}}