{"id":105624,"date":"2021-03-31T21:18:52","date_gmt":"2021-03-31T21:18:52","guid":{"rendered":"https:\/\/dimensionturistica.com\/es\/?p=105624"},"modified":"2021-03-31T21:18:53","modified_gmt":"2021-03-31T21:18:53","slug":"francia-cerrara-escuelas-y-prohibira-los-viajes-nacionales-a-medida-que-aumente-el-virus","status":"publish","type":"post","link":"https:\/\/dimensionturistica.com\/es\/francia-cerrara-escuelas-y-prohibira-los-viajes-nacionales-a-medida-que-aumente-el-virus\/","title":{"rendered":"Francia cerrar\u00e1 escuelas y prohibir\u00e1 los viajes nacionales a medida que aumente el virus"},"content":{"rendered":"<p> <br \/>\n<\/p>\n<div>\n<p class=\"Component-root-0-2-197 Component-p-0-2-188\"><span>PAR\u00cdS (AP) \u2013 El presidente franc\u00e9s, Emmanuel Macron, anunci\u00f3 el mi\u00e9rcoles el cierre de escuelas en todo el pa\u00eds durante tres semanas y la prohibici\u00f3n de viajar durante un mes, ya que la r\u00e1pida propagaci\u00f3n del <a rel=\"nofollow noopener\" target=\"_blank\" href=\"https:\/\/www.capitalmexico.com.mx\/conoce\/pfizer-dice-que-su-vacuna-covid-19-protege-a-los-adolescentes-mas-jovenes\/\">virus<\/a> aument\u00f3 la presi\u00f3n sobre los hospitales.<\/span><\/p>\n<p class=\"Component-root-0-2-197 Component-p-0-2-188\"><span>En un discurso televisado a la naci\u00f3n, Macron dijo que se necesitan nuevos esfuerzos ya que<em><strong> \u201cla epidemia se est\u00e1 acelerando\u201d.<\/strong><\/em><\/span><\/p>\n<p class=\"Component-root-0-2-197 Component-p-0-2-188\"><span>Es una desviaci\u00f3n de la pol\u00edtica del gobierno en los \u00faltimos meses, que se ha centrado en las restricciones regionalizadas.\u00a0Los cierres de escuelas en specific se hab\u00edan considerado un \u00faltimo recurso.<\/span><\/p>\n<p class=\"Component-root-0-2-197 Component-p-0-2-188\"><span><em><strong>\u201cVamos a cerrar las guarder\u00edas, las escuelas primarias y secundarias durante tres semanas\u201d,<\/strong> <\/em>dijo Macron, y agreg\u00f3 que se mantendr\u00e1 un toque de queda en todo el pa\u00eds de 7 pm a 6 am.<\/span><\/p>\n<p class=\"Component-root-0-2-197 Component-p-0-2-188\"><span>Macron dijo que las restricciones que ya se aplican en la regi\u00f3n de Par\u00eds y en otros lugares se extender\u00e1n la pr\u00f3xima semana a todo el pa\u00eds, durante al menos un mes.\u00a0Bajo estas restricciones, las personas pueden salir a la calle por placer, pero dentro de un radio de 10 kil\u00f3metros (6 millas) de sus hogares, y sin socializar.\u00a0Adem\u00e1s, la mayor\u00eda de las tiendas no esenciales est\u00e1n cerradas.<\/span><\/p>\n<p class=\"Component-root-0-2-197 Component-p-0-2-188\"><span>Adem\u00e1s, Macron prometi\u00f3 acelerar la campa\u00f1a de vacunaci\u00f3n dando acceso a todas las personas de 60 a\u00f1os o m\u00e1s a mediados de abril, a las de 50 a\u00f1os o m\u00e1s a mediados de mayo y al resto de la poblaci\u00f3n un mes despu\u00e9s.\u00a0Hasta ahora, Francia ha dado prioridad a las personas que viven en hogares de ancianos y a las personas de 70 a\u00f1os o m\u00e1s, as\u00ed como a los trabajadores de la salud y las personas con problemas de salud graves.<\/span><\/p>\n<p class=\"Component-root-0-2-197 Component-p-0-2-188\"><span><em><strong>\u201cSi nos mantenemos unidos en las pr\u00f3ximas semanas \u2026 entonces veremos luz al final del t\u00fanel\u201d,<\/strong><\/em> dijo Macron.<\/span><\/p>\n<p><a rel=\"nofollow noopener\" target=\"_blank\" href=\"https:\/\/www.capitalmexico.com.mx\/mundo\/francia-cerrara-escuelas-y-prohibira-los-viajes-nacionales-a-medida-que-aumente-el-virus\/attachment\/1000-24\/\"><img decoding=\"async\" loading=\"lazy\" class=\" wp-image-539876 aligncenter\" src=\"https:\/\/www.capitalmexico.com.mx\/wp-content\/uploads\/2021\/03\/1000-8-300x200.jpeg\" alt=\"\" width=\"368\" height=\"245\" srcset=\"https:\/\/www.capitalmexico.com.mx\/wp-content\/uploads\/2021\/03\/1000-8-300x200.jpeg 300w, https:\/\/www.capitalmexico.com.mx\/wp-content\/uploads\/2021\/03\/1000-8-768x511.jpeg 768w, https:\/\/www.capitalmexico.com.mx\/wp-content\/uploads\/2021\/03\/1000-8.jpeg 1000w\" sizes=\"auto, (max-width: 368px) 100vw, 368px\"\/><\/a><\/p>\n<p class=\"Component-root-0-2-197 Component-p-0-2-188\"><span>Dijo que los cierres de escuelas ten\u00edan como objetivo evitar interrupciones importantes al adelantar la fecha de las vacaciones de Pascua programadas.\u00a0Todos los ni\u00f1os recibir\u00e1n ense\u00f1anza en l\u00ednea la pr\u00f3xima semana, dijo Macron.\u00a0Luego se ir\u00e1n de vacaciones durante dos semanas.<\/span><\/p>\n<p class=\"Component-root-0-2-197 Component-p-0-2-188\"><span>Macron reafirm\u00f3 sus puntos de vista contra un cierre prolongado de escuelas como <em><strong>\u201caumento de las desigualdades sociales\u201d.<\/strong><\/em>\u00a0Seg\u00fan las cifras informadas por la agencia de educaci\u00f3n de la ONU, UNESCO, hasta la fecha, Francia ha cerrado escuelas durante 10 semanas en complete desde el inicio de la pandemia, en comparaci\u00f3n con 27 semanas en el Reino Unido, 28 semanas en Alemania y 47 en los Estados Unidos.<\/span><\/p>\n<p class=\"Component-root-0-2-197 Component-p-0-2-188\"><span>El jueves est\u00e1 programado un debate en el parlamento que abordar\u00e1 la situaci\u00f3n del virus y las nuevas medidas.<\/span><\/p>\n<p class=\"Component-root-0-2-197 Component-p-0-2-188\"><span>Macron tambi\u00e9n anunci\u00f3 bloqueos nacionales anteriores en marzo y octubre de 2020 en discursos televisados.<\/span><\/p>\n<p class=\"Component-root-0-2-197 Component-p-0-2-188\"><span>El n\u00famero complete de pacientes con COVID-19 en cuidados intensivos en Francia super\u00f3 los 5.000 el martes, la primera vez en 11 meses que la cifra ha sido tan alta.\u00a0Macron dijo el mi\u00e9rcoles que el n\u00famero de camas hospitalarias de UCI aumentar\u00e1 \u201cen los pr\u00f3ximos d\u00edas\u201d de las actuales 7.000 a ten.000.\u00a0Dijo que el 44% de los pacientes que ahora est\u00e1n en cuidados intensivos tienen menos de 65 a\u00f1os.<\/span><\/p>\n<p class=\"Component-root-0-2-197 Component-p-0-2-188\"><span>Despu\u00e9s de un turno nocturno en una UCI en la ciudad de Amiens, en el norte de Francia, la Dra. Pauline Caillard describi\u00f3 un n\u00famero creciente de pacientes y una tensi\u00f3n creciente en el private m\u00e9dico.<\/span><\/p>\n<p class=\"Component-root-0-2-197 Component-p-0-2-188\"><span><em><strong>\u201cSe est\u00e1 moviendo muy r\u00e1pido\u201d, dijo.\u00a0\u201cEspero que no tengamos que tomar decisiones\u201d<\/strong> <\/em>entre pacientes.<\/span><\/p>\n<p class=\"Component-root-0-2-197 Component-p-0-2-188\"><span>La\u00a0<\/span><span>renovada oleada de infecciones<\/span><span>\u00a0ha generado cada vez m\u00e1s preguntas sobre las estrategias de virus de Macron.\u00a0Con las elecciones presidenciales programadas para 2022, Macron tiene que sopesar consideraciones tanto pol\u00edticas como de salud.<\/span><\/p>\n<p class=\"Component-root-0-2-197 Component-p-0-2-188\"><span>Un\u00a0<\/span><span>toque de queda en todo el pa\u00eds<\/span><span>\u00a0ha estado en vigor desde enero, y todo de Francia restaurantes, bares, gimnasios, cines y museos se han cerrado desde octubre.<\/span><\/p>\n<\/div>\n<p><script async defer src=\"https:\/\/connect.facebook.net\/en_US\/sdk.js#xfbml=1&#038;version=v3.2\"><\/script><br \/>\n<br \/><\/p>\n<p><em> &#8221; Fuentes www.capitalmexico.com.mx &#8221; <\/em><\/p>\n","protected":false},"excerpt":{"rendered":"<p>PAR\u00cdS (AP) \u2013 El presidente franc\u00e9s, Emmanuel Macron, anunci\u00f3 el mi\u00e9rcoles el cierre de escuelas en todo el pa\u00eds durante tres semanas y la prohibici\u00f3n de viajar durante un mes, ya que la r\u00e1pida propagaci\u00f3n del virus aument\u00f3 la presi\u00f3n sobre los hospitales. En un discurso televisado a la naci\u00f3n, Macron dijo que se necesitan [&hellip;]<\/p>\n","protected":false},"author":4,"featured_media":0,"comment_status":"open","ping_status":"closed","sticky":false,"template":"","format":"standard","meta":{"om_disable_all_campaigns":false,"jnews-multi-image_gallery":[],"jnews_single_post":[],"jnews_primary_category":[],"jnews_social_meta":[],"footnotes":""},"categories":[39],"tags":[17219,17159,17194,17195,17201,17179,17184,17186,17212,17172,17125,17161,17173,17205,17216,17146,17221,17222,17210,17155,17182,17149,17153,17132,17148,17131,17191,17178,17208,17126,17128,17164,17160,13082,20891,17197,17211,17134,17220,17139,17189,17193,17144,17181,17171,17167,17190,17169,17187,17176,17122,17202,17123,17215,17166,17156,17200,17136,17140,17158,17218,17135,17124,17175,17206,17204,17151,17147,17192,17127,17188,17152,17196,17174,17162,17133,17213,17217,17170,17142,17138,17207,17129,17130,17165,17137,17141,17150,17214,17180,17177,17198,17143,17183,17203,17157,17154,17168,17209,17199,17185,17163],"class_list":["post-105624","post","type-post","status-publish","format-standard","hentry","category-viajes","tag-losporkysdeecatepec","tag-17159","tag-185-dias","tag-200-dias","tag-amano","tag-armado-rios-pitter","tag-asuntos-internos","tag-atun-dolores","tag-auditoria-estados","tag-axel-kicillof","tag-bankaool","tag-barbosa-huerta","tag-bournemouth","tag-brand-finance-mexico","tag-cambios-estructurales","tag-cancerologia","tag-capital-media","tag-capital-mexico","tag-caso-matatena","tag-cetram-nuevo-edificio","tag-chapultepec-polanco","tag-ci-casa-de-bolsa","tag-ciudadanos-decepcionados-de-la-izquierda-en-cdmx","tag-como-quemar-calorias","tag-concilianet","tag-conclave","tag-conexiones","tag-consar-amafore","tag-cortes-de-luz","tag-credito-agropecuario","tag-de-la-hoya","tag-democracia-liberada","tag-deocupada","tag-desarrollos","tag-despido-de-maestros","tag-detienen-a-hombre-acosador-del-metro","tag-deuda-estados","tag-discriminacion-a-parejas","tag-droga-en-el-metro","tag-eber-omar-betanzos","tag-economia-nacional-empleos","tag-economista-en-jefe","tag-eduardo-venadero-medinilla","tag-el-mexicanito","tag-exministro-de-economia","tag-fatima-samoura","tag-golpiza-a-acosador","tag-gran-premio-de-espana","tag-grupo-pinsa","tag-habitables","tag-houthi","tag-hoy-no-circula-no-funciona","tag-indeminzar","tag-iniciativa-de-reforma","tag-jerome-valcke","tag-joe-buden","tag-kilometraje","tag-kinder-matatena","tag-liberan-a-menor-en-iztapalapa","tag-longeva","tag-luis-acevedo-ssp","tag-maltrato-a-homosexuales-en-la-ciudad-de-mexico","tag-manuel-mondragon","tag-marcador","tag-marcas-mas-valiosas-de-mexico","tag-masas-de-hielo","tag-medidas-extraordinarias","tag-mil-cumbres","tag-milo-caraza","tag-monex","tag-montessori","tag-nuevo-destino-paro-ipn","tag-obras-en-eje-1-norte","tag-old-trafford","tag-opel","tag-operador-economico-autorizado","tag-panistas-destacados","tag-patricia-espinosa","tag-pole","tag-presidente-de-concacaf","tag-primarias-de-estados-unidos","tag-quitan-topes","tag-rafael-quintero","tag-rata-en-botella-de-refresco","tag-redistribucion","tag-regresan-a-clases-vocacionales","tag-reloj-att","tag-reporte-financiero","tag-roberto-arturo-banos-tapia","tag-rogelio-garza","tag-sadiq-khan","tag-sigue-contaminacion","tag-silla-de-ruedas-para-activista","tag-sir-winston-churchill","tag-sube-el-nivel-del-mar","tag-susannah-mushatt-jones","tag-torre-chapultepec","tag-vertedero-de-llantas","tag-vialidad-cdmx","tag-volcadura-en-tlalpan","tag-weex","tag-zafira"],"_links":{"self":[{"href":"https:\/\/dimensionturistica.com\/es\/wp-json\/wp\/v2\/posts\/105624","targetHints":{"allow":["GET"]}}],"collection":[{"href":"https:\/\/dimensionturistica.com\/es\/wp-json\/wp\/v2\/posts"}],"about":[{"href":"https:\/\/dimensionturistica.com\/es\/wp-json\/wp\/v2\/types\/post"}],"author":[{"embeddable":true,"href":"https:\/\/dimensionturistica.com\/es\/wp-json\/wp\/v2\/users\/4"}],"replies":[{"embeddable":true,"href":"https:\/\/dimensionturistica.com\/es\/wp-json\/wp\/v2\/comments?post=105624"}],"version-history":[{"count":0,"href":"https:\/\/dimensionturistica.com\/es\/wp-json\/wp\/v2\/posts\/105624\/revisions"}],"wp:attachment":[{"href":"https:\/\/dimensionturistica.com\/es\/wp-json\/wp\/v2\/media?parent=105624"}],"wp:term":[{"taxonomy":"category","embeddable":true,"href":"https:\/\/dimensionturistica.com\/es\/wp-json\/wp\/v2\/categories?post=105624"},{"taxonomy":"post_tag","embeddable":true,"href":"https:\/\/dimensionturistica.com\/es\/wp-json\/wp\/v2\/tags?post=105624"}],"curies":[{"name":"wp","href":"https:\/\/api.w.org\/{rel}","templated":true}]}}