{"id":1055977,"date":"2025-10-05T14:01:43","date_gmt":"2025-10-05T14:01:43","guid":{"rendered":"https:\/\/dimensionturistica.com\/es\/?p=1055977"},"modified":"2025-10-05T14:01:43","modified_gmt":"2025-10-05T14:01:43","slug":"exhibicion-de-lujos-entre-los-morenistas","status":"publish","type":"post","link":"https:\/\/dimensionturistica.com\/es\/exhibicion-de-lujos-entre-los-morenistas\/","title":{"rendered":"Exhibici\u00f3n de lujos entre los morenistas"},"content":{"rendered":"<h3>La Dualidad del Turismo: Lujo y Responsabilidad en el Viaje<\/h3>\n<p>En un mundo donde el turismo de lujo se encuentra al alcance de muchos, surgen debates sobre la \u00e9tica y las consecuencias de elegir ciertos destinos y modos de viajar. Recientemente, un art\u00edculo de uno de los medios m\u00e1s influyentes se cuestion\u00f3 las ostentaciones de algunos l\u00edderes pol\u00edticos en M\u00e9xico, marcando un punto cr\u00edtico sobre la percepci\u00f3n del lujo en un contexto de austeridad. Este tema invita a una reflexi\u00f3n m\u00e1s amplia sobre nuestras decisiones de viaje y c\u00f3mo se alinean con nuestros valores.<\/p>\n<p>Cada a\u00f1o, millones de personas optan por destinos que promueven la opulencia: resorts de alta gama, yates, y cenas en restaurantes estrellados. Sin embargo, esta b\u00fasqueda de experiencias exclusivas nos lleva a plantear interrogantes sobre el impacto que estas elecciones tienen en la sociedad y el medio ambiente. Al disfrutar de un estilo de vida excepcional, a menudo ignoramos las realidades que viven los lugare\u00f1os en esos mismos destinos.<\/p>\n<p>Imaginemos, por ejemplo, una escapada a una paradis\u00edaca playa de la Riviera Maya. Las im\u00e1genes de aguas cristalinas y arenas blancas son tentadoras, pero la conversaci\u00f3n sobre el impacto ecol\u00f3gico y las condiciones laborales de quienes trabajan en esas instalaciones de lujo es escasa. El turismo sostenible se presenta como la alternativa viable, donde los viajeros pueden disfrutar de su aventura sin dejar de ser conscientes del entorno y de las comunidades que los rodean.<\/p>\n<p>La autocr\u00edtica que se ha suscitado en torno a los estilos de vida de l\u00edderes y figuras p\u00fablicas tambi\u00e9n puede servir como un espejo para los viajeros comunes. A menudo, el lujo y la comodidad nos atrapan, y olvidamos que nuestros h\u00e1bitos de consumo tambi\u00e9n tienen repercusiones en la econom\u00eda local y, en ocasiones, en el medio ambiente global.<\/p>\n<p>Para el viajero consciente, la soluci\u00f3n radica en optar por un turismo responsable. Esto no solo implica elegir hoteles que adopten pr\u00e1cticas sostenibles, sino tambi\u00e9n participar en actividades que beneficien directamente a las comunidades locales. Tomarse el tiempo para aprender sobre la cultura local, consumir productos aut\u00f3ctonos y respetar el entorno es fundamental. De esta manera, el lujo se redefine no como una serie de comodidades desmedidas, sino como una inmersi\u00f3n aut\u00e9ntica y respetuosa con cada destino.<\/p>\n<p>Al final del d\u00eda, viajar deber\u00eda ser una celebraci\u00f3n de la diversidad y la riqueza cultural del mundo, una oportunidad para crecer y aprender. A medida que navegamos por estas decisiones, quiz\u00e1s la apropiada reflexi\u00f3n nos permita transformar no solo nuestras experiencias tur\u00edsticas, sino tambi\u00e9n a quienes nos rodean y al planeta que habitamos.<\/p>\n<p>Con cada viaje, el poder est\u00e1 en nuestras manos. Desafiemos la noci\u00f3n tradicional de lujo y abracemos un enfoque que priorice la sostenibilidad, la comunidad y la autenticidad. \u00a1El mundo est\u00e1 esperando ser explorado, pero hag\u00e1moslo con respeto y responsabilidad!<\/p>\n<p><em> &#8221; Fuentes www.elnorte.com &#8221; <\/em><\/p>\n","protected":false},"excerpt":{"rendered":"<p>La Dualidad del Turismo: Lujo y Responsabilidad en el Viaje En un mundo donde el turismo de lujo se encuentra al alcance de muchos, surgen debates sobre la \u00e9tica y las consecuencias de elegir ciertos destinos y modos de viajar. Recientemente, un art\u00edculo de uno de los medios m\u00e1s influyentes se cuestion\u00f3 las ostentaciones de [&hellip;]<\/p>\n","protected":false},"author":4,"featured_media":0,"comment_status":"open","ping_status":"closed","sticky":false,"template":"","format":"standard","meta":{"om_disable_all_campaigns":false,"jnews-multi-image_gallery":[],"jnews_single_post":[],"jnews_primary_category":[],"jnews_social_meta":[],"footnotes":""},"categories":[39],"tags":[56847,2205,251239,251242,251238,56629,2152,22931,251241,769,251240,218452,1268,39161,546,18467,2229],"class_list":["post-1055977","post","type-post","status-publish","format-standard","hentry","category-viajes","tag-clase-alta","tag-corrupcion","tag-corrupcion-mexico","tag-decepcion-votantes","tag-escandalos-politicos","tag-exhibe","tag-investigacion","tag-lujos","tag-lujos-funcionarios","tag-mexico","tag-morena-dirigentes","tag-morenistas","tag-nacional","tag-nyt","tag-politica","tag-politica-exterior","tag-reportaje"],"_links":{"self":[{"href":"https:\/\/dimensionturistica.com\/es\/wp-json\/wp\/v2\/posts\/1055977","targetHints":{"allow":["GET"]}}],"collection":[{"href":"https:\/\/dimensionturistica.com\/es\/wp-json\/wp\/v2\/posts"}],"about":[{"href":"https:\/\/dimensionturistica.com\/es\/wp-json\/wp\/v2\/types\/post"}],"author":[{"embeddable":true,"href":"https:\/\/dimensionturistica.com\/es\/wp-json\/wp\/v2\/users\/4"}],"replies":[{"embeddable":true,"href":"https:\/\/dimensionturistica.com\/es\/wp-json\/wp\/v2\/comments?post=1055977"}],"version-history":[{"count":1,"href":"https:\/\/dimensionturistica.com\/es\/wp-json\/wp\/v2\/posts\/1055977\/revisions"}],"predecessor-version":[{"id":1055978,"href":"https:\/\/dimensionturistica.com\/es\/wp-json\/wp\/v2\/posts\/1055977\/revisions\/1055978"}],"wp:attachment":[{"href":"https:\/\/dimensionturistica.com\/es\/wp-json\/wp\/v2\/media?parent=1055977"}],"wp:term":[{"taxonomy":"category","embeddable":true,"href":"https:\/\/dimensionturistica.com\/es\/wp-json\/wp\/v2\/categories?post=1055977"},{"taxonomy":"post_tag","embeddable":true,"href":"https:\/\/dimensionturistica.com\/es\/wp-json\/wp\/v2\/tags?post=1055977"}],"curies":[{"name":"wp","href":"https:\/\/api.w.org\/{rel}","templated":true}]}}