{"id":105542,"date":"2021-03-31T19:17:36","date_gmt":"2021-03-31T19:17:36","guid":{"rendered":"https:\/\/dimensionturistica.com\/es\/?p=105542"},"modified":"2021-03-31T19:17:37","modified_gmt":"2021-03-31T19:17:37","slug":"pese-a-la-pandemia-la-mayoria-de-los-mexicanos-planea-salir-de-casa-esta-semana-santa","status":"publish","type":"post","link":"https:\/\/dimensionturistica.com\/es\/pese-a-la-pandemia-la-mayoria-de-los-mexicanos-planea-salir-de-casa-esta-semana-santa\/","title":{"rendered":"Pese a la pandemia, la mayor\u00eda de los mexicanos planea salir de casa esta Semana Santa"},"content":{"rendered":"<p> <br \/>\n<\/p>\n<div>\n<p>Maricruz Rios \/ La Voz de Michoac\u00e1n<\/p>\n<p>Morelia, Michoac\u00e1n. A pesar del<br \/>\ncontexto de contingencia sanitaria que actualmente se vive M\u00e9xico por la<br \/>\npandemia de coronavirus, el 56 por ciento de los mexicanos no pasar\u00e1 la<br \/>\ntemporada vacacional en su casa, revel\u00f3 un reciente estudio de la AMVO, en<br \/>\ndonde los precios bajos son el principal aliciente.<\/p>\n<p>En el reporte refiere que el<strong> 38 por ciento de los encuestados tiene ya decidido viajar a un sitio tur\u00edstico, mientras que el 18 por ciento considera salir a pasear cerca de casa o bien asistir a alguna festividad de la temporada<\/strong>. El 44 por ciento restante respondi\u00f3 que pasar\u00e1 la Semana Santa en casa.<\/p>\n<figure class=\"wp-block-image\"><img decoding=\"async\" alt=\"\" class=\"wp-image-868403 lazyload\" srcset=\"https:\/\/www.lavozdemichoacan.com.mx\/data:image\/gif;base64,https:\/\/www.lavozdemichoacan.com.mx\/R0lGODlhAQABAAAAACH5BAEKAAEALAAAAAABAAEAAAICTAEAOw==\" src=\"https:\/\/www.lavozdemichoacan.com.mx\/wp-content\/uploads\/2021\/03\/turismo-turistas-viajeros-viajes.jpeg\" data-sizes=\"auto\" loading=\"lazy\"\/><noscript><img decoding=\"async\" src=\"https:\/\/www.lavozdemichoacan.com.mx\/wp-content\/uploads\/2021\/03\/turismo-turistas-viajeros-viajes.jpeg\" alt=\"\" class=\"wp-image-868403\" srcset=\"https:\/\/www.lavozdemichoacan.com.mx\/wp-content\/uploads\/2021\/03\/turismo-turistas-viajeros-viajes.jpeg 700w, https:\/\/www.lavozdemichoacan.com.mx\/wp-content\/uploads\/2021\/03\/turismo-turistas-viajeros-viajes-150x100.jpeg 150w, https:\/\/www.lavozdemichoacan.com.mx\/wp-content\/uploads\/2021\/03\/turismo-turistas-viajeros-viajes-300x200.jpeg 300w, https:\/\/www.lavozdemichoacan.com.mx\/wp-content\/uploads\/2021\/03\/turismo-turistas-viajeros-viajes-676x450.jpeg 676w\" sizes=\"(max-width: 700px) 100vw, 700px\"\/><\/noscript><figcaption>Foto: V\u00edctor Ram\u00edrez, La Voz de Michoac\u00e1n.<\/figcaption><\/figure>\n<p>El ejercicio realizado por la<br \/>\nAsociaci\u00f3n Mexicana de Ventas On-line (AMVO) reflej\u00f3 que 9 de cada 10 personas<br \/>\nanticipa adquirir sus bienes y servicios en este par de semanas por medio de<br \/>\nWeb, en donde m\u00e1s de la mitad de los entrevistados ya tiene prospectado<br \/>\nusar un canal digital para adquirir un boleto de avi\u00f3n o una reservaci\u00f3n de<br \/>\nhospedaje. Recordar que en otro estudio reciente, la AMVO refiri\u00f3 que el 75 por<br \/>\nciento de las personas ten\u00eda pensado viajar este mismo a\u00f1o.<\/p>\n<p>De los que piensan comprar algo<br \/>\ndurante la Semana Santa por medio de Web, es evidente que la mayor\u00eda son<br \/>\ngastos relacionados con una salida vacacional. El 64 por ciento cube que<br \/>\nadquirir\u00e1 por esta v\u00eda reservaciones de un lodge (u hostal), 54% reservar\u00e1<br \/>\nboletos de avi\u00f3n, 36 por ciento coment\u00f3 que buscar\u00e1 un paquete de viaje en<br \/>\nalguna agencia en l\u00ednea, 34 por ciento pretende un hospedaje alternativo \u2013tipo<br \/>\nAirBnb-, mientras que un 30 por ciento considera comprar productos para viajes,<br \/>\ncomo maletas.<\/p>\n<p><span class=\"highlight highlight-gray\"> Pero, \u00bfqu\u00e9 orilla a los mexicanos a insistir en viajar cuando las condiciones de sanitarias siguen implicando un riesgo alto de contagios de la COVID-19? De acuerdo al ejercicio de la AMVO, el 69 por ciento de los consumidores se ve atra\u00eddo por las ofertas de temporada, tomando en cuenta que l\u00edneas \u00e1reas, hoteles y agencias han \u2018dinamitado\u2019 sus paquetes y ofrecen ahora los precios m\u00e1s bajos del mercado en el \u00faltimo lustro.  <\/span><\/p>\n<p>Respecto a la derrama econ\u00f3mica esperada para los prestadores de servicios tur\u00edsticos, el 44 por ciento de los entrevistados contest\u00f3 que emplear\u00eda este a\u00f1o un presupuesto comparable a la \u00faltima vez que viaj\u00f3, 40 por ciento cree que gastar\u00e1 menos que el a\u00f1o pasado, mientras que el 16 por ciento de la gente afirma que, pese a la disaster econ\u00f3mica, invertir\u00e1 un poco m\u00e1s en su temporada de calm down.<\/p>\n<h3 class=\"crp-list-title\">Contenidos relacionados<\/h3>\n<p>Entre aquellos que no quieren salir, la mitad de los consultados se\u00f1alaron tener temor a infectarse de la enfermedad del coronavirus (COVID-19), as\u00ed como buscan evitar estar en sitios concurridos durante la Semana Santa.<\/p>\n<p>Un 37 por ciento cree que no hay<br \/>\nsuficientes sitios para visitar, debido a que algunos puntos tur\u00edsticos siguen<br \/>\nteniendo alg\u00fan sem\u00e1foro epidemiol\u00f3gico que limita la actividad. El 27 por<br \/>\nciento cree que no hay actividades porque han sido suspendidas por la pandemia.<\/p>\n<\/p><\/div>\n\n<p><em> &#8221; Fuentes www.lavozdemichoacan.com.mx &#8221; <\/em><\/p>\n","protected":false},"excerpt":{"rendered":"<p>Maricruz Rios \/ La Voz de Michoac\u00e1n Morelia, Michoac\u00e1n. A pesar del contexto de contingencia sanitaria que actualmente se vive M\u00e9xico por la pandemia de coronavirus, el 56 por ciento de los mexicanos no pasar\u00e1 la temporada vacacional en su casa, revel\u00f3 un reciente estudio de la AMVO, en donde los precios bajos son el [&hellip;]<\/p>\n","protected":false},"author":4,"featured_media":0,"comment_status":"open","ping_status":"closed","sticky":false,"template":"","format":"standard","meta":{"om_disable_all_campaigns":false,"jnews-multi-image_gallery":[],"jnews_single_post":[],"jnews_primary_category":[],"jnews_social_meta":[],"footnotes":""},"categories":[40],"tags":[1762,19811,2270,7878,16325,973,3104,19820,16344,16337,16321,3108,16341,603,16322,2665,2403,3112,2450,16327,11098,1551,16334,3109,3105,16333,16329,4360,16347,16310,5044,16356,19812,2292,4858,19821,1975,1356,510,16316,3102,739,19818,5211,16315,3097,21182,21181,5250,19816,2142,21184,16319,16350,3098,16331,16328,9255,3111,16348,4139,16320,6038,16353,16354,3317,3124,4676,16352,16338,3096,19815,16349,16324,16323,16313,16340,16314,1300,4735,2510,8424,1099,7881,16339,6037,8293,16351,16342,21183,10982,2511,980,7494,705,16326,2221,16318,3117,16311,16336,19814,3100,3099,8301,2631,1411,16346,3101,971,19817,3103,3107,1499,19813,16309,12676,16355,16358,16343,16317,16345,16330,16335,2155,16332,16357,16359,16312,16360,1597,4962,19819],"class_list":["post-105542","post","type-post","status-publish","format-standard","hentry","category-industria","tag-1762","tag-8-de-marzo","tag-accidente","tag-agricultura","tag-aguacate","tag-amlo","tag-antonio-garcia-conejo","tag-antros","tag-apatzingan","tag-aquila","tag-asesinatos","tag-atletico-morelia","tag-autodefensas","tag-ayuntamiento","tag-balacera","tag-balnearios","tag-banco","tag-bares","tag-becas","tag-berries","tag-biden","tag-calor","tag-camas","tag-canarios","tag-candidatos","tag-carlos-herrera","tag-carteles-unidos","tag-casos","tag-cb","tag-cerro-del-aguila","tag-cjng","tag-clases-virtuales","tag-cnte","tag-comicios","tag-confinamiento","tag-confirmados","tag-contagios","tag-covid","tag-covid-19","tag-crimen-organizado","tag-cristobal-arias","tag-cubrebocas","tag-cuizeo","tag-dia-de-muertos","tag-diana-carpio","tag-diego","tag-donde-me-registro-para-la-vacuna","tag-donde-puedo-vacunarme","tag-droga","tag-ejidatarios","tag-elecciones","tag-en-donde-me-toca-vacunarme-en-morelia","tag-enfrentamiento","tag-estadio-morelos","tag-feminicidio","tag-ficm","tag-fresa","tag-frio","tag-gimnasios","tag-grupo-marmor","tag-guardia-nacional","tag-homicidios","tag-horoscopos","tag-hospital-civil","tag-hospital-infantil","tag-hospitales","tag-iglesias","tag-imss","tag-issste","tag-jaripeos","tag-jessica","tag-jesus-del-monte","tag-jose-luis-higuera","tag-la-voz","tag-la-voz-de-michoacan","tag-lazaro-cardenas","tag-liga-expansion","tag-lopez-obrador","tag-manifestacion","tag-marcha","tag-mario-delgado","tag-mariposa-monarca","tag-mazatlan","tag-medidas-sanitarias","tag-memo-valencia","tag-michoacan","tag-migracion","tag-mikel-arriola","tag-mireles","tag-modulos-de-vacunacion","tag-morelia","tag-morena","tag-mujer","tag-narco","tag-noticias","tag-paisanos","tag-pan","tag-paracho","tag-patrullas","tag-patzcuaro","tag-pichilinguillo","tag-pico-azul","tag-prd","tag-pri","tag-primavera","tag-pueblo-magico","tag-puerto","tag-quadratin","tag-raul-moron","tag-regreso-a-clases","tag-revolucion-social","tag-roberto-pantoja","tag-sat","tag-secretaria-de-salud","tag-secuestro","tag-silvano-aureoles","tag-snte","tag-tarimbaro","tag-tec-de-morelia","tag-tepalcatepec","tag-tiendas","tag-tierra-caliente","tag-tortillerias","tag-tortugas","tag-trump","tag-tzintzuntzan","tag-umsnh","tag-unla","tag-uruapan","tag-uvaq","tag-vacuna","tag-vacunas","tag-venta-de-alcohol"],"_links":{"self":[{"href":"https:\/\/dimensionturistica.com\/es\/wp-json\/wp\/v2\/posts\/105542","targetHints":{"allow":["GET"]}}],"collection":[{"href":"https:\/\/dimensionturistica.com\/es\/wp-json\/wp\/v2\/posts"}],"about":[{"href":"https:\/\/dimensionturistica.com\/es\/wp-json\/wp\/v2\/types\/post"}],"author":[{"embeddable":true,"href":"https:\/\/dimensionturistica.com\/es\/wp-json\/wp\/v2\/users\/4"}],"replies":[{"embeddable":true,"href":"https:\/\/dimensionturistica.com\/es\/wp-json\/wp\/v2\/comments?post=105542"}],"version-history":[{"count":0,"href":"https:\/\/dimensionturistica.com\/es\/wp-json\/wp\/v2\/posts\/105542\/revisions"}],"wp:attachment":[{"href":"https:\/\/dimensionturistica.com\/es\/wp-json\/wp\/v2\/media?parent=105542"}],"wp:term":[{"taxonomy":"category","embeddable":true,"href":"https:\/\/dimensionturistica.com\/es\/wp-json\/wp\/v2\/categories?post=105542"},{"taxonomy":"post_tag","embeddable":true,"href":"https:\/\/dimensionturistica.com\/es\/wp-json\/wp\/v2\/tags?post=105542"}],"curies":[{"name":"wp","href":"https:\/\/api.w.org\/{rel}","templated":true}]}}