{"id":1054476,"date":"2025-10-02T08:41:30","date_gmt":"2025-10-02T08:41:30","guid":{"rendered":"https:\/\/dimensionturistica.com\/es\/?p=1054476"},"modified":"2025-10-02T08:41:30","modified_gmt":"2025-10-02T08:41:30","slug":"las-celebridades-destacadas-en-la-primera-fila-de-la-semana-de-la-moda-de-paris","status":"publish","type":"post","link":"https:\/\/dimensionturistica.com\/es\/las-celebridades-destacadas-en-la-primera-fila-de-la-semana-de-la-moda-de-paris\/","title":{"rendered":"Las Celebridades Destacadas en la Primera Fila de la Semana de la Moda de Par\u00eds"},"content":{"rendered":"<h3>La Moda en las Calles de Par\u00eds: Un Espect\u00e1culo Irresistible<\/h3>\n<p>Par\u00eds se convierte, una vez m\u00e1s, en el epicentro de la moda mundial, donde las pasarelas se revolucionan con propuestas audaces y las calles se llenan de un ingenio estil\u00edstico \u00fanico. Durante la reciente Semana de la Moda Primavera-Verano 2026, celebridades y figuras ic\u00f3nicas han deslumbrado con sus elecciones fashionistas, convirtiendo la ciudad del amor en una aut\u00e9ntica pasarela urbana.<\/p>\n<h4>Estilos que Marcan Tendencia<\/h4>\n<p>Desde los atuendos m\u00e1s extravagantes hasta los looks minimalistas, cada rinc\u00f3n de Par\u00eds ha estado impregnado de creatividad. Las calles son testigos de una celebraci\u00f3n de la individualidad, donde las combinaciones inesperadas y los accesorios llamativos capturan la atenci\u00f3n de todos. Las transparencias, los capas intercambiables y las asimetr\u00edas son solo algunas de las tendencias que dominan el escenario.<\/p>\n<p>Entre las celebridades que han brillado destaca una visi\u00f3n contempor\u00e1nea de la elegancia. Los colores vibrantes y patrones audaces han sido elementos recurrentes, contrastando con la sobriedad t\u00edpica de temporadas anteriores. Este contraste refleja una vuelta a la diversi\u00f3n y a la experimentaci\u00f3n, que tanto se necesita en momentos inciertos.<\/p>\n<h4>Influencias de Oto\u00f1o que Brillan en Primavera<\/h4>\n<p>Un rasgo distintivo de esta edici\u00f3n es la influencia de modas m\u00e1s oto\u00f1ales, que se han reinterpretado para ajustarse a la temporada veraniega. Las botines de cuero, que en otras \u00e9pocas se reservaban para el fr\u00edo, han hecho una aparici\u00f3n sorprendente, combin\u00e1ndose con faldas ligeras y dise\u00f1os florales. Esta mezcla no solo redefine la forma de llevar la moda, sino que tambi\u00e9n establece nuevos est\u00e1ndares para el guardarropa diario.<\/p>\n<h4>La Sostenibilidad como Protagonista<\/h4>\n<p>Una de las tendencias m\u00e1s destacadas ha sido el enfoque en la sostenibilidad. Varios dise\u00f1adores emergentes han presentando colecciones que utilizan materiales reciclados y t\u00e9cnicas de producci\u00f3n \u00e9ticas. Esto no solo resuena con las preocupaciones actuales sobre el medio ambiente, sino que tambi\u00e9n aporta un significado m\u00e1s profundo al acto de vestirse. La conexi\u00f3n emocional con las prendas se fortalece, promoviendo un consumo m\u00e1s consciente.<\/p>\n<h4>Accesorios que Cuentan Historias<\/h4>\n<p>Los accesorios no han pasado desapercibidos. Joyas personalizadas, bolsos estructurados y gafas de sol arquitect\u00f3nicas han complementado los looks de las celebridades con maestr\u00eda. Cada detalle se convierte en una extensi\u00f3n de la personalidad de quien lo lleva, destacando la importancia de estos elementos en el conjunto general.<\/p>\n<h4>Conclusi\u00f3n Visual<\/h4>\n<p>Sin duda, la Semana de la Moda de Par\u00eds ha sido un fest\u00edn para los sentidos, no solo en lo que respecta a la moda, sino tambi\u00e9n en la forma en que se vive y se respira estilo en cada esquina. Las filas de asistentes son un claro recordatorio de que, en el mundo de la moda, cada mirada cuenta y cada elecci\u00f3n deja huella. El impacto visual que ha generado este evento es un testimonio de la innovaci\u00f3n y el arte que encarna la industria en su estado m\u00e1s puro.<\/p>\n<p>A medida que se cierran las cortinas de este evento, las im\u00e1genes y estilos que han emergerdo permanecer\u00e1n en la memoria colectiva, inspirando a generaciones futuras y solidificando a Par\u00eds como un l\u00edder indiscutible en el universo de la moda global. La espera por la siguiente edici\u00f3n comienza, pero por ahora, el eco de la creatividad parisina sigue resonando en cada rinc\u00f3n del mundo.<\/p>\n<p><em> &#8221; Fuentes www.vogue.com &#8221; <\/em><\/p>\n","protected":false},"excerpt":{"rendered":"<p>La Moda en las Calles de Par\u00eds: Un Espect\u00e1culo Irresistible Par\u00eds se convierte, una vez m\u00e1s, en el epicentro de la moda mundial, donde las pasarelas se revolucionan con propuestas audaces y las calles se llenan de un ingenio estil\u00edstico \u00fanico. Durante la reciente Semana de la Moda Primavera-Verano 2026, celebridades y figuras ic\u00f3nicas han [&hellip;]<\/p>\n","protected":false},"author":14,"featured_media":1054477,"comment_status":"open","ping_status":"closed","sticky":false,"template":"","format":"standard","meta":{"om_disable_all_campaigns":false,"jnews-multi-image_gallery":[],"jnews_single_post":[],"jnews_primary_category":[],"jnews_social_meta":[],"footnotes":""},"categories":[144872],"tags":[204909,250761],"class_list":["post-1054476","post","type-post","status-publish","format-standard","has-post-thumbnail","hentry","category-fashion","tag-paris-fashion-week","tag-paris-fashion-week-celebrity-style-fashion-show-red-carpet-haute-couture-trendsetters-fashion-industry-street-style-event-coverage-fashion-icons"],"_links":{"self":[{"href":"https:\/\/dimensionturistica.com\/es\/wp-json\/wp\/v2\/posts\/1054476","targetHints":{"allow":["GET"]}}],"collection":[{"href":"https:\/\/dimensionturistica.com\/es\/wp-json\/wp\/v2\/posts"}],"about":[{"href":"https:\/\/dimensionturistica.com\/es\/wp-json\/wp\/v2\/types\/post"}],"author":[{"embeddable":true,"href":"https:\/\/dimensionturistica.com\/es\/wp-json\/wp\/v2\/users\/14"}],"replies":[{"embeddable":true,"href":"https:\/\/dimensionturistica.com\/es\/wp-json\/wp\/v2\/comments?post=1054476"}],"version-history":[{"count":0,"href":"https:\/\/dimensionturistica.com\/es\/wp-json\/wp\/v2\/posts\/1054476\/revisions"}],"wp:featuredmedia":[{"embeddable":true,"href":"https:\/\/dimensionturistica.com\/es\/wp-json\/wp\/v2\/media\/1054477"}],"wp:attachment":[{"href":"https:\/\/dimensionturistica.com\/es\/wp-json\/wp\/v2\/media?parent=1054476"}],"wp:term":[{"taxonomy":"category","embeddable":true,"href":"https:\/\/dimensionturistica.com\/es\/wp-json\/wp\/v2\/categories?post=1054476"},{"taxonomy":"post_tag","embeddable":true,"href":"https:\/\/dimensionturistica.com\/es\/wp-json\/wp\/v2\/tags?post=1054476"}],"curies":[{"name":"wp","href":"https:\/\/api.w.org\/{rel}","templated":true}]}}