{"id":1054327,"date":"2025-10-02T00:20:08","date_gmt":"2025-10-02T00:20:08","guid":{"rendered":"https:\/\/dimensionturistica.com\/es\/?p=1054327"},"modified":"2025-10-02T00:20:08","modified_gmt":"2025-10-02T00:20:08","slug":"zapatos-de-dior-que-marcaran-la-moda-en-primavera-verano-2026-4-estilos-imprescindibles-como-tacones-mocasines-sandalias-y-calzado-atrevido","status":"publish","type":"post","link":"https:\/\/dimensionturistica.com\/es\/zapatos-de-dior-que-marcaran-la-moda-en-primavera-verano-2026-4-estilos-imprescindibles-como-tacones-mocasines-sandalias-y-calzado-atrevido\/","title":{"rendered":"Zapatos de Dior que marcar\u00e1n la moda en Primavera-Verano 2026: 4 estilos imprescindibles como tacones, mocasines, sandalias y calzado atrevido."},"content":{"rendered":"<h3>Un Paseo por la Pasarela: La Revoluci\u00f3n de Calzado en el Desfile Primavera-Verano 2026 de Dior<\/h3>\n<p>En el fascinante mundo de la moda, cada desfile se convierte en un evento que no solo muestra la creatividad de los dise\u00f1adores, sino que tambi\u00e9n marca tendencias que resonar\u00e1n en las calles. As\u00ed ocurri\u00f3 en el reciente desfile de primavera-verano 2026 de la emblem\u00e1tica casa Dior, donde los zapatos se destacaron como verdaderas obras maestras y piezas clave de la colecci\u00f3n.<\/p>\n<h4>Innovaci\u00f3n y Tradici\u00f3n: Un Balance Perfecto<\/h4>\n<p>Dior ha fielmente integrado su herencia con una audaz visi\u00f3n contempor\u00e1nea, y eso se reflej\u00f3 en cada modelo presentado. Desde sandalias de tiras minimalistas hasta botines de inspiraci\u00f3n futurista, la colecci\u00f3n abarc\u00f3 una amplia gama de estilos, cada uno con su propio car\u00e1cter y esencia. La elecci\u00f3n de materiales fue igualmente notable, combinando texturas cl\u00e1sicas con innovadores acabados que prometen un resplandor \u00fanico.<\/p>\n<h4>Colores y Formas que Marcan Tendencia<\/h4>\n<p>La paleta de colores utilizada en el calzado fue un deleite visual. Tonos vibrantes y pasteles suaves se unieron en un espectro que evocaba la frescura de la primavera, creando una invitaci\u00f3n a experimentar con la moda de una manera m\u00e1s audaz. Las formas, que oscilaron entre lo geom\u00e9trico y lo fluido, parecen hablarle a un consumidor que busca no solo un accesorio, sino una declaraci\u00f3n de estilo.<\/p>\n<h4>La Influencia de la Naturaleza<\/h4>\n<p>Uno de los aspectos m\u00e1s destacados de la colecci\u00f3n fue la evidente inspiraci\u00f3n en la naturaleza. Las l\u00edneas org\u00e1nicas y detalles que evocan elementos naturales, como hojas y flores, se tradujeron en dise\u00f1os que prometen ser protagonistas en el panorama de la moda urbanita. Esta conexi\u00f3n con lo biol\u00f3gico no solo resuena en el dise\u00f1o, sino tambi\u00e9n en el mensaje de sostenibilidad que impulsa la marca en su camino hacia un futuro m\u00e1s consciente.<\/p>\n<h4>Comodidad en el Estilo<\/h4>\n<p>En la era actual, donde el confort es tan importante como el estilo, Dior ha respondido a esta demanda mediante el dise\u00f1o de calzado que no compromete la comodidad por la est\u00e9tica. Las plataformas y las suelas acolchadas presentes en varias piezas tensionan la l\u00ednea entre lo elegante y lo pr\u00e1ctico, ofreciendo a los fashionistas una opci\u00f3n que pueden llevar del d\u00eda a la noche sin esfuerzo.<\/p>\n<h4>El Accesorio Estrella<\/h4>\n<p>Mientras que la ropa suele robarse el protagonismo, el calzado en el desfile de Dior ha dejado claro que puede ser la pieza central de un look. Desde modelos que caminan con gracia hasta aquellos que desaf\u00edan las normas convencionales, el calzado se ha establecido como el verdadero accesorio estrella de la temporada.<\/p>\n<h4>Mirando hacia el Futuro<\/h4>\n<p>Con la vista puesta en las calles y la mirada firme en el futuro, la colecci\u00f3n de calzado de Dior para la primavera-verano 2026 no solo celebra la moda, sino que tambi\u00e9n invita a reflexionar sobre c\u00f3mo estas tendencias influir\u00e1n en nuestro d\u00eda a d\u00eda. Sin duda, se trata de un lanzamiento que dejar\u00e1 huella y que alterar\u00e1 la forma en que los amantes de la moda abordan sus elecciones de calzado.<\/p>\n<p>Cada paso cuenta, y en esta nueva temporada, los zapatos Dior prometen ser m\u00e1s que un simple complemento; son una extensi\u00f3n del individuo que los lleva. La moda, por lo tanto, no es solo lo que se ve, sino tambi\u00e9n lo que se siente. \u00a1Prep\u00e1rense para un viaje emocionante en el mundo del calzado!<\/p>\n<p><em> &#8221; Fuentes www.vogue.mx &#8221; <\/em><\/p>\n","protected":false},"excerpt":{"rendered":"<p>Un Paseo por la Pasarela: La Revoluci\u00f3n de Calzado en el Desfile Primavera-Verano 2026 de Dior En el fascinante mundo de la moda, cada desfile se convierte en un evento que no solo muestra la creatividad de los dise\u00f1adores, sino que tambi\u00e9n marca tendencias que resonar\u00e1n en las calles. As\u00ed ocurri\u00f3 en el reciente desfile [&hellip;]<\/p>\n","protected":false},"author":14,"featured_media":1054328,"comment_status":"open","ping_status":"closed","sticky":false,"template":"","format":"standard","meta":{"om_disable_all_campaigns":false,"jnews-multi-image_gallery":[],"jnews_single_post":[],"jnews_primary_category":[],"jnews_social_meta":[],"footnotes":""},"categories":[144872],"tags":[25966,160411,200527,230504,210412,58181,1252,250718,16753],"class_list":["post-1054327","post","type-post","status-publish","format-standard","has-post-thumbnail","hentry","category-fashion","tag-dior","tag-fashion-week","tag-mocasines","tag-primavera-verano-2026","tag-pumps","tag-sandalias","tag-tendencia","tag-ugly-shoes","tag-zapatos"],"_links":{"self":[{"href":"https:\/\/dimensionturistica.com\/es\/wp-json\/wp\/v2\/posts\/1054327","targetHints":{"allow":["GET"]}}],"collection":[{"href":"https:\/\/dimensionturistica.com\/es\/wp-json\/wp\/v2\/posts"}],"about":[{"href":"https:\/\/dimensionturistica.com\/es\/wp-json\/wp\/v2\/types\/post"}],"author":[{"embeddable":true,"href":"https:\/\/dimensionturistica.com\/es\/wp-json\/wp\/v2\/users\/14"}],"replies":[{"embeddable":true,"href":"https:\/\/dimensionturistica.com\/es\/wp-json\/wp\/v2\/comments?post=1054327"}],"version-history":[{"count":0,"href":"https:\/\/dimensionturistica.com\/es\/wp-json\/wp\/v2\/posts\/1054327\/revisions"}],"wp:featuredmedia":[{"embeddable":true,"href":"https:\/\/dimensionturistica.com\/es\/wp-json\/wp\/v2\/media\/1054328"}],"wp:attachment":[{"href":"https:\/\/dimensionturistica.com\/es\/wp-json\/wp\/v2\/media?parent=1054327"}],"wp:term":[{"taxonomy":"category","embeddable":true,"href":"https:\/\/dimensionturistica.com\/es\/wp-json\/wp\/v2\/categories?post=1054327"},{"taxonomy":"post_tag","embeddable":true,"href":"https:\/\/dimensionturistica.com\/es\/wp-json\/wp\/v2\/tags?post=1054327"}],"curies":[{"name":"wp","href":"https:\/\/api.w.org\/{rel}","templated":true}]}}