{"id":105321,"date":"2021-03-31T13:53:15","date_gmt":"2021-03-31T13:53:15","guid":{"rendered":"https:\/\/dimensionturistica.com\/es\/?p=105321"},"modified":"2021-03-31T13:53:15","modified_gmt":"2021-03-31T13:53:15","slug":"crucero-cierra-su-preparacion-ante-chaco-for-ever","status":"publish","type":"post","link":"https:\/\/dimensionturistica.com\/es\/crucero-cierra-su-preparacion-ante-chaco-for-ever\/","title":{"rendered":"Crucero cierra su preparaci\u00f3n ante Chaco For Ever"},"content":{"rendered":"<p> <br \/>\n<\/p>\n<div>\n<div id=\"attachment_100422541\" style=\"width: 1010px\" class=\"wp-caption alignnone\"><a rel=\"nofollow noopener\" target=\"_blank\" href=\"https:\/\/www.primeraedicion.com.ar\/wp-content\/uploads\/2021\/03\/06-cruceroi.jpg\"><img decoding=\"async\" aria-describedby=\"caption-attachment-100422541\" class=\"size-full wp-image-100422541 lazy\" src=\"https:\/\/www.primeraedicion.com.ar\/wp-content\/uploads\/2021\/03\/06-cruceroi.jpg\" alt=\"Crucero del Norte\" width=\"1000\" height=\"675\"  data-\/><\/a><\/p>\n<p id=\"caption-attachment-100422541\" class=\"wp-caption-text\"><em>LUCHADO. For Ever, Crucero y la revancha del \u00faltimo mi\u00e9rcoles<\/em><\/p>\n<\/div>\n<p>Con la concept de ajustar los \u00faltimos detalles antes del debut en el Torneo Federal A, <strong>Crucero del Norte recibir\u00e1 esta tarde, desde las 17 y a puertas cerradas, a Chaco For Ever<\/strong>, en lo que ser\u00e1 el \u00faltimo amistoso preparatorio antes del debut en la tercera categor\u00eda del f\u00fatbol argentino.<\/p>\n<p>El Colectivero, que confirm\u00f3 que <span style=\"color: #0000ff;\"><strong><a rel=\"nofollow noopener\" target=\"_blank\" style=\"color: #0000ff;\" href=\"https:\/\/www.primeraedicion.com.ar\/nota\/100421518\/federal-a-crucero-del-norte-adelanta-su-debut\/\">abrir\u00e1 el juego ante Juventud Unida de Gualeguaych\u00fa el s\u00e1bado 10 de abril en Santa In\u00e9s<\/a><\/strong><\/span>, probablemente a las 16, <strong>viene justamente de ganarle a For Ever la semana pasada en Resistencia<\/strong>. Ahora, el group chaque\u00f1o le devolver\u00e1 la gentileza con una visita a Garup\u00e1.<\/p>\n<p>El equipo dirigido por Carlos Marczuk ya dio a conocer ayer la lista de buena fe para el Federal A, donde fue incluido <span style=\"color: #0000ff;\"><strong><a rel=\"nofollow noopener\" target=\"_blank\" style=\"color: #0000ff;\" href=\"https:\/\/www.primeraedicion.com.ar\/nota\/100421874\/acosta-ferreira-regreso-a-crucero\/\">el defensor paraguayo Ramiro Acosta Ferreira<\/a><\/strong><\/span>, quien volvi\u00f3 al membership a \u00faltimo momento.<\/p>\n<p><strong>For Ever, dirigido por Daniel Cravero y donde juega Enzo Bruno, abroch\u00f3 16 refuerzos<\/strong>.<\/p>\n<\/div>\n<p><script>(function(d, s, id) {\n  var js, fjs = d.getElementsByTagName(s)[0];\n  if (d.getElementById(id)) return;\n  js = d.createElement(s); js.id = id;\n  js.src=\"https:\/\/connect.facebook.net\/es_LA\/sdk.js#xfbml=1&version=v3.0&appId=2081795622093047&autoLogAppEvents=1\";\n  fjs.parentNode.insertBefore(js, fjs);\n}(document, 'script', 'facebook-jssdk'));<\/script><script>(function(d, s, id) {\n          var js, fjs = d.getElementsByTagName(s)[0];\n          if (d.getElementById(id)) return;\n          js = d.createElement(s); js.id = id;\n          js.src = \"https:\/\/connect.facebook.net\/es_ES\/sdk.js#xfbml=1&appId=322883867836075&version=v2.3\";\n          fjs.parentNode.insertBefore(js, fjs);\n        }(document, 'script', 'facebook-jssdk'));<\/script><script type=\"text\/javascript\">\nfunction heateorSssLoadEvent(e) {var t=window.onload;if (typeof window.onload!=\"function\") {window.onload=e}else{window.onload=function() {t();e()}}};\tvar heateorSssSharingAjaxUrl=\"https:\/\/www.primeraedicion.com.ar\/wp-admin\/admin-ajax.php\", heateorSssCloseIconPath=\"https:\/\/www.primeraedicion.com.ar\/wp-content\/plugins\/sassy-social-share\/public\/..\/images\/close.png\", heateorSssPluginIconPath=\"https:\/\/www.primeraedicion.com.ar\/wp-content\/plugins\/sassy-social-share\/public\/..\/images\/logo.png\", heateorSssHorizontalSharingCountEnable = 0, heateorSssVerticalSharingCountEnable = 0, heateorSssSharingOffset = -10; var heateorSssMobileStickySharingEnabled = 0;var heateorSssCopyLinkMessage = \"Link copied.\";var heateorSssUrlCountFetched = [], heateorSssSharesText=\"Shares\", heateorSssShareText=\"Share\";function heateorSssPopup(e) {window.open(e,\"popUpWindow\",\"height=400,width=600,left=400,top=100,resizable,scrollbars,toolbar=0,personalbar=0,menubar=no,location=no,directories=no,status\")}function heateorSssInitiateFB() {FB.init({appId:\"\",channelUrl:\"\",status:!0,cookie:!0,xfbml:!0,version:\"v9.0\"})}window.fbAsyncInit=function() {heateorSssInitiateFB(),0&&(FB.Event.subscribe(\"edge.create\",function(e) {heateorSsmiMycredPoints(\"Facebook_like_recommend\",\"\",e?e:\"\")}),FB.Event.subscribe(\"edge.remove\",function(e) {heateorSsmiMycredPoints(\"Facebook_like_recommend\",\"\",e?e:\"\",\"Minus point(s) for undoing Facebook like-recommend\")}) ),0&&(FB.Event.subscribe(\"edge.create\",function(e) {heateorSsgaSocialPluginsTracking(\"Facebook\",\"Like\",e?e:\"\")}),FB.Event.subscribe(\"edge.remove\",function(e) {heateorSsgaSocialPluginsTracking(\"Facebook\",\"Unlike\",e?e:\"\")}) )},function(e) (document);;var heateorSssWhatsappShareAPI = \"web\";\n<\/script><br \/>\n<br \/><\/p>\n<p><em> &#8221; Fuentes www.primeraedicion.com.ar &#8221; <\/em><\/p>\n","protected":false},"excerpt":{"rendered":"<p>LUCHADO. For Ever, Crucero y la revancha del \u00faltimo mi\u00e9rcoles Con la concept de ajustar los \u00faltimos detalles antes del debut en el Torneo Federal A, Crucero del Norte recibir\u00e1 esta tarde, desde las 17 y a puertas cerradas, a Chaco For Ever, en lo que ser\u00e1 el \u00faltimo amistoso preparatorio antes del debut en [&hellip;]<\/p>\n","protected":false},"author":4,"featured_media":0,"comment_status":"open","ping_status":"closed","sticky":false,"template":"","format":"standard","meta":{"om_disable_all_campaigns":false,"jnews-multi-image_gallery":[],"jnews_single_post":[],"jnews_primary_category":[],"jnews_social_meta":[],"footnotes":""},"categories":[41],"tags":[],"class_list":["post-105321","post","type-post","status-publish","format-standard","hentry","category-cruceros"],"_links":{"self":[{"href":"https:\/\/dimensionturistica.com\/es\/wp-json\/wp\/v2\/posts\/105321","targetHints":{"allow":["GET"]}}],"collection":[{"href":"https:\/\/dimensionturistica.com\/es\/wp-json\/wp\/v2\/posts"}],"about":[{"href":"https:\/\/dimensionturistica.com\/es\/wp-json\/wp\/v2\/types\/post"}],"author":[{"embeddable":true,"href":"https:\/\/dimensionturistica.com\/es\/wp-json\/wp\/v2\/users\/4"}],"replies":[{"embeddable":true,"href":"https:\/\/dimensionturistica.com\/es\/wp-json\/wp\/v2\/comments?post=105321"}],"version-history":[{"count":0,"href":"https:\/\/dimensionturistica.com\/es\/wp-json\/wp\/v2\/posts\/105321\/revisions"}],"wp:attachment":[{"href":"https:\/\/dimensionturistica.com\/es\/wp-json\/wp\/v2\/media?parent=105321"}],"wp:term":[{"taxonomy":"category","embeddable":true,"href":"https:\/\/dimensionturistica.com\/es\/wp-json\/wp\/v2\/categories?post=105321"},{"taxonomy":"post_tag","embeddable":true,"href":"https:\/\/dimensionturistica.com\/es\/wp-json\/wp\/v2\/tags?post=105321"}],"curies":[{"name":"wp","href":"https:\/\/api.w.org\/{rel}","templated":true}]}}